{"id":10925,"date":"2018-03-03T09:32:18","date_gmt":"2018-03-03T08:32:18","guid":{"rendered":"http:\/\/blogs.deia.com\/bogandoporlared\/?p=10925"},"modified":"2018-03-05T09:38:44","modified_gmt":"2018-03-05T08:38:44","slug":"el-turno-de-noche-activo","status":"publish","type":"post","link":"https:\/\/blogs.deia.eus\/bogandoporlared\/2018\/03\/03\/el-turno-de-noche-activo\/","title":{"rendered":"El turno de noche, activo"},"content":{"rendered":"<p><img loading=\"lazy\" decoding=\"async\" class=\"aligncenter size-full wp-image-10926\" src=\"http:\/\/blogs.deia.com\/bogandoporlared\/files\/2018\/03\/20180303_turno.jpg\" alt=\"\" width=\"1920\" height=\"949\" srcset=\"https:\/\/blogs.deia.eus\/bogandoporlared\/files\/2018\/03\/20180303_turno.jpg 1920w, https:\/\/blogs.deia.eus\/bogandoporlared\/files\/2018\/03\/20180303_turno-580x287.jpg 580w, https:\/\/blogs.deia.eus\/bogandoporlared\/files\/2018\/03\/20180303_turno-768x380.jpg 768w, https:\/\/blogs.deia.eus\/bogandoporlared\/files\/2018\/03\/20180303_turno-940x465.jpg 940w\" sizes=\"auto, (max-width: 1920px) 100vw, 1920px\" \/><\/p>\n<p><a href=\"https:\/\/www.facebook.com\/andoniortuzar\/posts\/10156257397330152\" target=\"_blank\" rel=\"noopener\">Las palabras de Andoni Ortuzar<\/a> sobre la manifestaci\u00f3n de los sindicatos de la Ertzaintza contra el Gobierno Vasco tuvieron una respuesta significativa en Internet. Primero, es evidente que los ertzainas son m\u00e1s de Facebook que de Twitter; segundo, que est\u00e1n muy bien coordinados: en unas pocas horas fueron todos los comentarios en el mismo sentido; tercero, que prefieren no dar la cara y actuar desde perfiles an\u00f3nimos. S\u00ed, ya me s\u00e9 lo de la seguridad, pero tambi\u00e9n me s\u00e9 lo de los trolls y las excusas.<\/p>\n<p><strong>Pero sin respuesta<\/strong><\/p>\n<p>Los y las ertzainas tendr\u00e1n que explicar muy bien a la sociedad vasca (y no solo por medio del exabrupto an\u00f3nimo en Facebook) por qu\u00e9 han elegido ponerla en riesgo, abstenerse laboralmente por medio de bajas m\u00e9dicas y enfrentarse a pol\u00edticos nacionalistas y socialistas, como forma de protesta. Y m\u00e1s cuando los gobiernos vascos, del PNV pero tambi\u00e9n del PSE, han impulsado socialmente y protegido a la Ertzaintza sistem\u00e1ticamente, sobre todo en los peores momentos.<\/p>\n<p><strong>Puigdemont coge altura<\/strong><\/p>\n<p>Carles Puigdemont ha dado, por fin, un paso a un lado, y en cuanto lo ha hecho ha cogido altura. As\u00ed de f\u00e1cil era y sigue siendo: Catalunya necesita un president, pero uno que sea posible elegir y que desatasque esta situaci\u00f3n. Catalunya no necesita nuevas elecciones, que el independentismo siga enrocado ni el unionismo campando a sus anchas con un 155 que les da lo que no consiguen en las urnas. Es tiempo de coger altura y de reivindicar desde la acci\u00f3n (el mejor modo posible) lo hecho.<\/p>\n<p><strong>Y el PP sigue a lo suyo<\/strong><\/p>\n<p>El PP tiene un problema de barro: le sube y no puede hacer nada salvo intentar flotar sin ahogarse. Una tarea imposible. As\u00ed, con el traje lleno de lodo, cada vez que intentan sobreponerse acaban haciendo un buen rid\u00edculo: el modo en el que buscan sacar pecho porque Puigdemont recula, seg\u00fan ellos, forma parte de su interminable cadena de errores en Catalunya, la que le ha llevado a una posici\u00f3n rid\u00edcula en el Parlament y a naufragar en la pol\u00edtica espa\u00f1ola.<\/p>\n<p><strong>Y ahora, \u00bfqu\u00e9 opinamos?<\/strong><\/p>\n<p>Vivir contra los poderes siempre es m\u00e1s f\u00e1cil. Revelarse contra la injusticia que sufre un cuerpo ajeno siempre es m\u00e1s reconfortante. Por el contrario, alabar a los jueces cuando uno basa su discurso en un sistema judicial fallido, es una faena. As\u00ed que, \u00bfcu\u00e1l es el requiebro argumental de los progres de carn\u00e9, ahora que el Supremo ha absuelto por unanimidad a Cassandra Vera, la tuitera que fue condenada por los chistes que public\u00f3 sobre Carrero Blanco 44 a\u00f1os despu\u00e9s de su asesinato?<\/p>\n<!-- AddThis Advanced Settings generic via filter on the_content --><!-- AddThis Share Buttons generic via filter on the_content -->","protected":false},"excerpt":{"rendered":"<p>Las palabras de Andoni Ortuzar sobre la manifestaci\u00f3n de los sindicatos de la Ertzaintza contra el Gobierno Vasco tuvieron una respuesta significativa en Internet. Primero, es evidente que los ertzainas son m\u00e1s de Facebook que de Twitter; segundo, que est\u00e1n muy bien coordinados: en unas pocas horas fueron todos los comentarios en el mismo sentido; &hellip; <a href=\"https:\/\/blogs.deia.eus\/bogandoporlared\/2018\/03\/03\/el-turno-de-noche-activo\/\" class=\"more-link\">Sigue leyendo <span class=\"screen-reader-text\">El turno de noche, activo<\/span><\/a><!-- AddThis Advanced Settings generic via filter on get_the_excerpt --><!-- AddThis Share Buttons generic via filter on get_the_excerpt --><\/p>\n","protected":false},"author":5,"featured_media":0,"comment_status":"closed","ping_status":"closed","sticky":false,"template":"","format":"standard","meta":{"footnotes":""},"categories":[48013],"tags":[34868,83814,98141,385,54,393,91212],"class_list":["post-10925","post","type-post","status-publish","format-standard","hentry","category-los-apuntes","tag-andoni-ortuzar","tag-carles-puigdemont","tag-cassandra-vera","tag-catalunya","tag-ertzaintza","tag-facebook","tag-urkullu-lehendakari"],"_links":{"self":[{"href":"https:\/\/blogs.deia.eus\/bogandoporlared\/wp-json\/wp\/v2\/posts\/10925","targetHints":{"allow":["GET"]}}],"collection":[{"href":"https:\/\/blogs.deia.eus\/bogandoporlared\/wp-json\/wp\/v2\/posts"}],"about":[{"href":"https:\/\/blogs.deia.eus\/bogandoporlared\/wp-json\/wp\/v2\/types\/post"}],"author":[{"embeddable":true,"href":"https:\/\/blogs.deia.eus\/bogandoporlared\/wp-json\/wp\/v2\/users\/5"}],"replies":[{"embeddable":true,"href":"https:\/\/blogs.deia.eus\/bogandoporlared\/wp-json\/wp\/v2\/comments?post=10925"}],"version-history":[{"count":2,"href":"https:\/\/blogs.deia.eus\/bogandoporlared\/wp-json\/wp\/v2\/posts\/10925\/revisions"}],"predecessor-version":[{"id":10931,"href":"https:\/\/blogs.deia.eus\/bogandoporlared\/wp-json\/wp\/v2\/posts\/10925\/revisions\/10931"}],"wp:attachment":[{"href":"https:\/\/blogs.deia.eus\/bogandoporlared\/wp-json\/wp\/v2\/media?parent=10925"}],"wp:term":[{"taxonomy":"category","embeddable":true,"href":"https:\/\/blogs.deia.eus\/bogandoporlared\/wp-json\/wp\/v2\/categories?post=10925"},{"taxonomy":"post_tag","embeddable":true,"href":"https:\/\/blogs.deia.eus\/bogandoporlared\/wp-json\/wp\/v2\/tags?post=10925"}],"curies":[{"name":"wp","href":"https:\/\/api.w.org\/{rel}","templated":true}]}}