{"id":11551,"date":"2018-10-20T10:25:00","date_gmt":"2018-10-20T09:25:00","guid":{"rendered":"http:\/\/blogs.deia.eus\/bogandoporlared\/?p=11551"},"modified":"2018-10-22T10:28:29","modified_gmt":"2018-10-22T09:28:29","slug":"una-provocacion","status":"publish","type":"post","link":"https:\/\/blogs.deia.eus\/bogandoporlared\/2018\/10\/20\/una-provocacion\/","title":{"rendered":"Una provocaci\u00f3n"},"content":{"rendered":"<p><img loading=\"lazy\" decoding=\"async\" class=\"aligncenter size-full wp-image-11552\" src=\"http:\/\/blogs.deia.eus\/bogandoporlared\/files\/2018\/10\/20181020_provocacion.jpg\" alt=\"\" width=\"1920\" height=\"938\" srcset=\"https:\/\/blogs.deia.eus\/bogandoporlared\/files\/2018\/10\/20181020_provocacion.jpg 1920w, https:\/\/blogs.deia.eus\/bogandoporlared\/files\/2018\/10\/20181020_provocacion-580x283.jpg 580w, https:\/\/blogs.deia.eus\/bogandoporlared\/files\/2018\/10\/20181020_provocacion-768x375.jpg 768w, https:\/\/blogs.deia.eus\/bogandoporlared\/files\/2018\/10\/20181020_provocacion-940x459.jpg 940w\" sizes=\"auto, (max-width: 1920px) 100vw, 1920px\" \/><\/p>\n<p>A Albert Rivera le da igual Altsasu, le da igual Navarra y le damos igual los vascos. A Albert Rivera solo le importan dos cosas: \u00e9l y Espa\u00f1a, por ese orden. O eso o es un inepto. Solo por estos dos motivos se puede explicar que elija Altsasu para celebrar un acto de precampa\u00f1a con el lema \u201cA la Guardia Civil se le respeta\u201d. Dicen en Ciudadanos que el municipio de Javier Ollo se ha convertido en \u201cun s\u00edmbolo\u201d, pero creo que est\u00e1n equivocados en lo que simboliza: la exageraci\u00f3n, la desmesura y la justicia vengativa son motivos tristes y no de reivindicaci\u00f3n. All\u00e1 quien los celebre.<\/p>\n<p><strong>Qu\u00e9 error del PP<\/strong><\/p>\n<p>En un partido en el que el jefe de todo y principal portavoz es Pablo Casado la comunicaci\u00f3n puede ser un disparate en cualquier momento y en cualquier lugar. Por ejemplo, en el Twitter del PP de Madrid, donde han cometido el inmenso error de intentar ridiculizar a Pablo Iglesias porque \u00e9l e Irene Montero tendr\u00e1n seguridad las 24 horas. Para contextualizar la noticia, es preciso recordar a Jim\u00e9nez Losantos hablando de escopetas cuando se refer\u00eda a los de Podemos. Que un pol\u00edtico viva tranquilo ante cualquier amenazan no es un capricho, es imprescindible. Siempre lo ha sido.<\/p>\n<p><strong>Y el ritmo no para<\/strong><\/p>\n<p>Mientras en Madrid el PP, el partido que m\u00e1s ha sufrido la amenaza y la violencia directa terrorista, intentaba ridiculizar a quien pide protecci\u00f3n, en Andaluc\u00eda decid\u00edan tirar abajo su propio tejado a pedradas afirmando que en el Sur hay un retraso infantil. En el PSOE y Ciudadanos andaluces ayer seguro que se tomaron unas ca\u00f1as a la salud de Isabel Garc\u00eda Tejerina, vicesecretaria de acci\u00f3n social de los del PP, para mayor gravedad de los hechos. Es evidente que la exministra quer\u00eda criticar al gobierno andaluz, tanto como que se equivoc\u00f3 al hacerlo.<\/p>\n<p><strong>Todo por la foto<\/strong><\/p>\n<p><a href=\"https:\/\/blogs.deia.eus\/bogandoporlared\/tag\/lagarder-danciu\/\" target=\"_blank\" rel=\"noopener\">Lagarder Danciu<\/a> ha dado ya varias muestras de que no sabe distinguir un huevo de una casta\u00f1a, pero sigue gustando a un tipo de p\u00fablico en Twitter al que le va cualquier respuesta hacia cualquier instituci\u00f3n porque los gobiernos son lo peor mientras hablan de derechos a la RGI, la vivienda, educaci\u00f3n y sanidad p\u00fablica\u2026 Una clac de lo menos recomendable que, seguro, tambi\u00e9n aplaudi\u00f3 la foto de este \u201cactivista\u201d profesional delante de un contenedor ardiendo durante los disturbios de Gr\u00e0cia. Y ma\u00f1ana abordar\u00e1 otro conflicto para sacarse otra foto para Twitter.<\/p>\n<p><strong>Hablemos de Wismichu<\/strong><\/p>\n<p>Si no hablo de la \u00faltima movida del youtuber que toca tengo la sensaci\u00f3n de que no me gano el sueldo aunque, como en este caso, lo que pasa me parece de tan poca importancia que he remoloneado durante casi una semana. Pero ah\u00ed siguen discutiendo algunos en Twitter sobre si <a href=\"https:\/\/blogs.deia.eus\/bogandoporlared\/tag\/wismichu\/\" target=\"_blank\" rel=\"noopener\">Wismichu<\/a> es un creador al que hay que tener en cuenta o solo un creador con \u00ednfulas porque ha participado en una pel\u00edcula experimental. Me he tragado unas cuantas horas de canales de YouTube y, en mi opini\u00f3n, Ismael Prego (su nombre real) tiene m\u00e1s \u00ednfulas que creatividad pero, \u00bfy a m\u00ed y a usted, qu\u00e9?<\/p>\n<!-- AddThis Advanced Settings generic via filter on the_content --><!-- AddThis Share Buttons generic via filter on the_content -->","protected":false},"excerpt":{"rendered":"<p>A Albert Rivera le da igual Altsasu, le da igual Navarra y le damos igual los vascos. A Albert Rivera solo le importan dos cosas: \u00e9l y Espa\u00f1a, por ese orden. O eso o es un inepto. Solo por estos dos motivos se puede explicar que elija Altsasu para celebrar un acto de precampa\u00f1a con &hellip; <a href=\"https:\/\/blogs.deia.eus\/bogandoporlared\/2018\/10\/20\/una-provocacion\/\" class=\"more-link\">Sigue leyendo <span class=\"screen-reader-text\">Una provocaci\u00f3n<\/span><\/a><!-- AddThis Advanced Settings generic via filter on get_the_excerpt --><!-- AddThis Share Buttons generic via filter on get_the_excerpt --><\/p>\n","protected":false},"author":5,"featured_media":0,"comment_status":"closed","ping_status":"closed","sticky":false,"template":"","format":"standard","meta":{"footnotes":""},"categories":[48013],"tags":[61335,91456,41270,93282,87529,142719,142717,93324,64971,47772,283,87453,165,370],"class_list":["post-11551","post","type-post","status-publish","format-standard","hentry","category-los-apuntes","tag-albert-rivera","tag-altsasu","tag-bocadillo","tag-irene-montero","tag-isabel-garcia-tejerina","tag-ismael-prego","tag-javier-ollo","tag-lagarder-danciu","tag-pablo-casado","tag-pablo-iglesias","tag-twitter","tag-wismichu","tag-xabier-lapitz","tag-youtube"],"_links":{"self":[{"href":"https:\/\/blogs.deia.eus\/bogandoporlared\/wp-json\/wp\/v2\/posts\/11551","targetHints":{"allow":["GET"]}}],"collection":[{"href":"https:\/\/blogs.deia.eus\/bogandoporlared\/wp-json\/wp\/v2\/posts"}],"about":[{"href":"https:\/\/blogs.deia.eus\/bogandoporlared\/wp-json\/wp\/v2\/types\/post"}],"author":[{"embeddable":true,"href":"https:\/\/blogs.deia.eus\/bogandoporlared\/wp-json\/wp\/v2\/users\/5"}],"replies":[{"embeddable":true,"href":"https:\/\/blogs.deia.eus\/bogandoporlared\/wp-json\/wp\/v2\/comments?post=11551"}],"version-history":[{"count":1,"href":"https:\/\/blogs.deia.eus\/bogandoporlared\/wp-json\/wp\/v2\/posts\/11551\/revisions"}],"predecessor-version":[{"id":11553,"href":"https:\/\/blogs.deia.eus\/bogandoporlared\/wp-json\/wp\/v2\/posts\/11551\/revisions\/11553"}],"wp:attachment":[{"href":"https:\/\/blogs.deia.eus\/bogandoporlared\/wp-json\/wp\/v2\/media?parent=11551"}],"wp:term":[{"taxonomy":"category","embeddable":true,"href":"https:\/\/blogs.deia.eus\/bogandoporlared\/wp-json\/wp\/v2\/categories?post=11551"},{"taxonomy":"post_tag","embeddable":true,"href":"https:\/\/blogs.deia.eus\/bogandoporlared\/wp-json\/wp\/v2\/tags?post=11551"}],"curies":[{"name":"wp","href":"https:\/\/api.w.org\/{rel}","templated":true}]}}