{"id":11627,"date":"2018-11-14T10:07:50","date_gmt":"2018-11-14T09:07:50","guid":{"rendered":"http:\/\/blogs.deia.eus\/bogandoporlared\/?p=11627"},"modified":"2018-11-14T10:07:50","modified_gmt":"2018-11-14T09:07:50","slug":"agur-stan-lee","status":"publish","type":"post","link":"https:\/\/blogs.deia.eus\/bogandoporlared\/2018\/11\/14\/agur-stan-lee\/","title":{"rendered":"Agur, Stan Lee"},"content":{"rendered":"<p><img loading=\"lazy\" decoding=\"async\" class=\"aligncenter size-full wp-image-11628\" src=\"http:\/\/blogs.deia.eus\/bogandoporlared\/files\/2018\/11\/20181114_stan.jpg\" alt=\"\" width=\"1920\" height=\"938\" srcset=\"https:\/\/blogs.deia.eus\/bogandoporlared\/files\/2018\/11\/20181114_stan.jpg 1920w, https:\/\/blogs.deia.eus\/bogandoporlared\/files\/2018\/11\/20181114_stan-580x283.jpg 580w, https:\/\/blogs.deia.eus\/bogandoporlared\/files\/2018\/11\/20181114_stan-768x375.jpg 768w, https:\/\/blogs.deia.eus\/bogandoporlared\/files\/2018\/11\/20181114_stan-940x459.jpg 940w\" sizes=\"auto, (max-width: 1920px) 100vw, 1920px\" \/><\/p>\n<p>El mundo despidi\u00f3 ayer a Stanley Martin Lieber, m\u00e1s conocido como Stan Lee y, sobre todo, reconocido porque ha creado el universo de superh\u00e9roes contempor\u00e1neo. Adem\u00e1s, Stan Lee era un gran generador de buen rollo, siempre dispuesto a un cameo en las pelis de sus personajes, por mucho que fueran una casta\u00f1a (y alguna con tanto efecto especial, verdaderamente, lo es), y siempre presente como si fuera a ser eterno. \u00c9l s\u00ed lo ser\u00e1: Stan Lee ser\u00e1 eterno porque deja una obra inmensa, basada en la bondad y la humanidad, y en la certeza de que el malvado, antes o despu\u00e9s, ser\u00e1 derrotado.<\/p>\n<p><strong>Podemos, sin concejales en Madrid<\/strong><\/p>\n<p>La capacidad de los de Podemos para ponerse la zancadilla a s\u00ed mismos es pasmosa. Bien es verdad que en Madrid, con Ram\u00f3n Espinar como l\u00edder, no se puede esperar mucho de ellos, \u00a1y eso que la capital es su gran feudo! Pero la situaci\u00f3n actual escapa de cualquier l\u00f3gica pol\u00edtica, por mucho que lo suyo sea la nueva pol\u00edtica: despu\u00e9s la expulsi\u00f3n de los concejales de Madrid que no quieren pasar por el aro del partido, actualmente Podemos no tiene ning\u00fan concejal junto a Manuela Carmena. Todos son independientes y \u201cex\u201d de los de Pablo Iglesias con cada vez menos ganas de repetir de morado.<\/p>\n<p><strong>Y pueden ser a\u00fan peores<\/strong><\/p>\n<p>No es solo la falta de fundamentos pol\u00edticos, es la falta de pudor, de respeto incluso hacia tu propia gente y tu propio equipo: en Twitter, precisamente en la cuenta que gestionan miembros (o ex miembros) de Podemos en el ayuntamiento de Madrid, denunciaban que alguien del equipo de Ram\u00f3n Espinar hab\u00eda filtrado la noticia de la expulsi\u00f3n de los concejales incluso antes de que finalizara. Todo este l\u00edo, por cierto, es por el apoyo expreso del aparato al ex JEMAD, Julio Rodr\u00edguez (apuesta impuesta por Pablo Iglesias en otras ocasiones), que sigue li\u00e1ndola por donde pasa en Podemos.<\/p>\n<p><strong>S\u00ed, Roures siempre gana<\/strong><\/p>\n<p>En la izquierda espa\u00f1ola y catalana, a la vez, hay un personaje siniestro como pocos: Jaume Roures, quien, pase lo que pase, siempre se embolsa una millonada. Nacho Cardero intenta hacer sangre vincul\u00e1ndolo al proc\u00e9s, pero lo que haya podido enredar el empresario en el laberinto catal\u00e1n no me parece relevante si lo comparamos con todo lo que ha sabido sacar de la parte m\u00e1s lucrativa de la comunicaci\u00f3n. Sus acuerdos para emitir primero y ahora para gestionar el f\u00fatbol le generan millonarios beneficios y, lo que es mejor (para \u00e9l), una red de contactos que le sigue protegiendo de todo.<\/p>\n<p><strong>\u00a1Mejor!<\/strong><\/p>\n<p>Anda el personal revuelto, avis\u00e1ndose por WhatsApp, de que precisamente esta herramienta va a empezar a borrar los mensajes de m\u00e1s de un a\u00f1o de antig\u00fcedad. A m\u00ed me parece una magn\u00edfica noticia porque, aunque lo estemos usando cada vez m\u00e1s para trabajo, \u00bfqu\u00e9 mensaje del a\u00f1o pasado recuerda usted para querer guardarlo? No importa: vamos todos corriendo a hacer copias en la nube y dejando rastro de datos, n\u00fameros de tel\u00e9fono y comunicaciones muy personales (como a qui\u00e9n decimos \u201cte quiero\u201d) en nubes que nadie sabe qu\u00e9 cielo surjan. Ojal\u00e1 WhatsApp borre su historial cada mes.<\/p>\n<!-- AddThis Advanced Settings generic via filter on the_content --><!-- AddThis Share Buttons generic via filter on the_content -->","protected":false},"excerpt":{"rendered":"<p>El mundo despidi\u00f3 ayer a Stanley Martin Lieber, m\u00e1s conocido como Stan Lee y, sobre todo, reconocido porque ha creado el universo de superh\u00e9roes contempor\u00e1neo. Adem\u00e1s, Stan Lee era un gran generador de buen rollo, siempre dispuesto a un cameo en las pelis de sus personajes, por mucho que fueran una casta\u00f1a (y alguna con &hellip; <a href=\"https:\/\/blogs.deia.eus\/bogandoporlared\/2018\/11\/14\/agur-stan-lee\/\" class=\"more-link\">Sigue leyendo <span class=\"screen-reader-text\">Agur, Stan Lee<\/span><\/a><!-- AddThis Advanced Settings generic via filter on get_the_excerpt --><!-- AddThis Share Buttons generic via filter on get_the_excerpt --><\/p>\n","protected":false},"author":5,"featured_media":0,"comment_status":"closed","ping_status":"closed","sticky":false,"template":"","format":"standard","meta":{"footnotes":""},"categories":[48013],"tags":[17735,61321,64855,77916,32979,47772,70277,63011,283,17801],"class_list":["post-11627","post","type-post","status-publish","format-standard","hentry","category-los-apuntes","tag-el-confidencial","tag-el-nacional","tag-jaume-roures","tag-julio-rodriguez","tag-manuela-carmena","tag-pablo-iglesias","tag-ramon-espinar","tag-stan-lee","tag-twitter","tag-whatsapp"],"_links":{"self":[{"href":"https:\/\/blogs.deia.eus\/bogandoporlared\/wp-json\/wp\/v2\/posts\/11627","targetHints":{"allow":["GET"]}}],"collection":[{"href":"https:\/\/blogs.deia.eus\/bogandoporlared\/wp-json\/wp\/v2\/posts"}],"about":[{"href":"https:\/\/blogs.deia.eus\/bogandoporlared\/wp-json\/wp\/v2\/types\/post"}],"author":[{"embeddable":true,"href":"https:\/\/blogs.deia.eus\/bogandoporlared\/wp-json\/wp\/v2\/users\/5"}],"replies":[{"embeddable":true,"href":"https:\/\/blogs.deia.eus\/bogandoporlared\/wp-json\/wp\/v2\/comments?post=11627"}],"version-history":[{"count":1,"href":"https:\/\/blogs.deia.eus\/bogandoporlared\/wp-json\/wp\/v2\/posts\/11627\/revisions"}],"predecessor-version":[{"id":11629,"href":"https:\/\/blogs.deia.eus\/bogandoporlared\/wp-json\/wp\/v2\/posts\/11627\/revisions\/11629"}],"wp:attachment":[{"href":"https:\/\/blogs.deia.eus\/bogandoporlared\/wp-json\/wp\/v2\/media?parent=11627"}],"wp:term":[{"taxonomy":"category","embeddable":true,"href":"https:\/\/blogs.deia.eus\/bogandoporlared\/wp-json\/wp\/v2\/categories?post=11627"},{"taxonomy":"post_tag","embeddable":true,"href":"https:\/\/blogs.deia.eus\/bogandoporlared\/wp-json\/wp\/v2\/tags?post=11627"}],"curies":[{"name":"wp","href":"https:\/\/api.w.org\/{rel}","templated":true}]}}