{"id":11733,"date":"2018-12-12T09:42:38","date_gmt":"2018-12-12T08:42:38","guid":{"rendered":"http:\/\/blogs.deia.eus\/bogandoporlared\/?p=11733"},"modified":"2018-12-12T09:42:38","modified_gmt":"2018-12-12T08:42:38","slug":"dos-grandes","status":"publish","type":"post","link":"https:\/\/blogs.deia.eus\/bogandoporlared\/2018\/12\/12\/dos-grandes\/","title":{"rendered":"Dos grandes"},"content":{"rendered":"<p><img loading=\"lazy\" decoding=\"async\" class=\"aligncenter size-full wp-image-11734\" src=\"http:\/\/blogs.deia.eus\/bogandoporlared\/files\/2018\/12\/20181212_grandes.jpg\" alt=\"\" width=\"1920\" height=\"938\" srcset=\"https:\/\/blogs.deia.eus\/bogandoporlared\/files\/2018\/12\/20181212_grandes.jpg 1920w, https:\/\/blogs.deia.eus\/bogandoporlared\/files\/2018\/12\/20181212_grandes-580x283.jpg 580w, https:\/\/blogs.deia.eus\/bogandoporlared\/files\/2018\/12\/20181212_grandes-768x375.jpg 768w, https:\/\/blogs.deia.eus\/bogandoporlared\/files\/2018\/12\/20181212_grandes-940x459.jpg 940w\" sizes=\"auto, (max-width: 1920px) 100vw, 1920px\" \/><\/p>\n<p>Como dice mi compa\u00f1ero, Kike Hermosilla, parece que ya llueve menos: el Athletic gana y los que somos del Athletic, ya no sentimos el chaparr\u00f3n sobre los hombros. Ayer se notaba en la barra de los bares y en las mesas de trabajo: habl\u00e1bamos del Athletic, como despu\u00e9s de cada partido, pero sin tanta tensi\u00f3n. Y en Twitter el ambiente tambi\u00e9n era otro: \u201c13 jornadas de liga seguidas sin ganar, penalti en el 92 y lo tira a lo Panenka. \u00cddolo\u201d, escribi\u00f3 Joseba Etxebarria, mostrando su humildad y la grandeza del delantero del Athletic, al que no le sobran a\u00f1os: le faltaban oportunidades.<\/p>\n<p><strong>Injustificable<\/strong><\/p>\n<p>Pablo Echenique casi acierta cuando apela a Antena3, Telecinco, El Mundo, La Raz\u00f3n, El Espa\u00f1ol y la Cadena COPE en su tuit: \u201cAqu\u00ed os dejo este v\u00eddeo de los neonazis encapuchados que han reventado el acto de Pablo Iglesias. No os vay\u00e1is a liar y ma\u00f1ana los llam\u00e9is \u2018jovenzuelos con banderas constitucionalistas\u2019\u201d. Y una carita sonriente que, precisamente, le sobra. Ning\u00fan ataque fascista puede tomarse a risa. Le sobra eso y le falta mencionar a LaSexta que, junto a otros medios supuestamente progres, tambi\u00e9n ha ayudado a blanquear a la extrema derecha sobre todo en Catalunya.<\/p>\n<p><strong>Muy bien hecho, Rufi\u00e1n<\/strong><\/p>\n<p>F\u00edjense lo contento que me puso la victoria del Athletic que creo que Echenique casi acierta y me parece que Gabriel Rufi\u00e1n lo hace de pleno cuando muestra en Twitter c\u00f3mo se toma que un espabilado aproveche la corriente antinacionalista catalana para hacer negocio con aplaudidores de Boadella, Losantos y Espada: el pol\u00edtico de ERC, que salvo excepciones como esta siempre se pasa de la raya, compr\u00f3 el cava que han comercializado con su apellido y la \u00fanica cr\u00edtica que hizo es el poco cuidado que han puesto en la etiqueta para cobrar 17 \u20ac por el producto.<\/p>\n<p><strong>Vaya cagada<\/strong><\/p>\n<p>Cristina Pardo se ha disculpado en Twitter, la red social en la que ella da ca\u00f1a\u2026 Y en la que esta vez se la han dado a ella, por la emisi\u00f3n de un reportaje en su programa en el que buscaban a los 44 votantes de Vox en Marinaleda. Se lo juro que, esta vez s\u00ed, lo vi venir, pero pens\u00e9 que el pecado lo iban a cometer en el programa de Susana Griso o Ana Rosa Quintana donde, a cambio de se\u00f1alar su valent\u00eda, iban a acabar se\u00f1alados ellos. Pero, no, ha sido en LaSexta, la cadena progre, donde directamente les han buscado para se\u00f1alarles en el \u201cpara\u00edso\u201d comunista de S\u00e1nchez Gordillo.<\/p>\n<p><strong>Maduro, legitimado\u2026 Por la oposici\u00f3n<\/strong><\/p>\n<p>Estoy seguro de que intentar\u00e1n justificarme incluso con argumentos que me parecer\u00e1n bien la ausencia de la oposici\u00f3n en las elecciones municipales de Venezuela, pero no podr\u00e9 darles la raz\u00f3n. La obligaci\u00f3n de los partidos pol\u00edticos es presentarse a las elecciones, por mucho que intuyan un fraude, por mucho que luego azoten al gobierno, por mucho que crean que el efecto moment\u00e1neo de arrogarse toda la abstenci\u00f3n les beneficie\u2026 La acci\u00f3n del partido de Maduro, que todos sabemos ya de lo que es capaz, ser\u00e1 responsabilidad de quien le ha dejado actuar sin cortapisa.<\/p>\n<!-- AddThis Advanced Settings generic via filter on the_content --><!-- AddThis Share Buttons generic via filter on the_content -->","protected":false},"excerpt":{"rendered":"<p>Como dice mi compa\u00f1ero, Kike Hermosilla, parece que ya llueve menos: el Athletic gana y los que somos del Athletic, ya no sentimos el chaparr\u00f3n sobre los hombros. Ayer se notaba en la barra de los bares y en las mesas de trabajo: habl\u00e1bamos del Athletic, como despu\u00e9s de cada partido, pero sin tanta tensi\u00f3n. &hellip; <a href=\"https:\/\/blogs.deia.eus\/bogandoporlared\/2018\/12\/12\/dos-grandes\/\" class=\"more-link\">Sigue leyendo <span class=\"screen-reader-text\">Dos grandes<\/span><\/a><!-- AddThis Advanced Settings generic via filter on get_the_excerpt --><!-- AddThis Share Buttons generic via filter on get_the_excerpt --><\/p>\n","protected":false},"author":5,"featured_media":0,"comment_status":"closed","ping_status":"closed","sticky":false,"template":"","format":"standard","meta":{"footnotes":""},"categories":[48013],"tags":[13630,5621,63064,87106,53329,5318,32897,63013,47772,28856],"class_list":["post-11733","post","type-post","status-publish","format-standard","hentry","category-los-apuntes","tag-aritz-aduriz","tag-athletic-club-bilbao","tag-cristina-pardo","tag-gabriel-rufian","tag-joseba-etxebarria","tag-lasexta","tag-nicolas-maduro","tag-pablo-echenique","tag-pablo-iglesias","tag-venezuela"],"_links":{"self":[{"href":"https:\/\/blogs.deia.eus\/bogandoporlared\/wp-json\/wp\/v2\/posts\/11733","targetHints":{"allow":["GET"]}}],"collection":[{"href":"https:\/\/blogs.deia.eus\/bogandoporlared\/wp-json\/wp\/v2\/posts"}],"about":[{"href":"https:\/\/blogs.deia.eus\/bogandoporlared\/wp-json\/wp\/v2\/types\/post"}],"author":[{"embeddable":true,"href":"https:\/\/blogs.deia.eus\/bogandoporlared\/wp-json\/wp\/v2\/users\/5"}],"replies":[{"embeddable":true,"href":"https:\/\/blogs.deia.eus\/bogandoporlared\/wp-json\/wp\/v2\/comments?post=11733"}],"version-history":[{"count":1,"href":"https:\/\/blogs.deia.eus\/bogandoporlared\/wp-json\/wp\/v2\/posts\/11733\/revisions"}],"predecessor-version":[{"id":11735,"href":"https:\/\/blogs.deia.eus\/bogandoporlared\/wp-json\/wp\/v2\/posts\/11733\/revisions\/11735"}],"wp:attachment":[{"href":"https:\/\/blogs.deia.eus\/bogandoporlared\/wp-json\/wp\/v2\/media?parent=11733"}],"wp:term":[{"taxonomy":"category","embeddable":true,"href":"https:\/\/blogs.deia.eus\/bogandoporlared\/wp-json\/wp\/v2\/categories?post=11733"},{"taxonomy":"post_tag","embeddable":true,"href":"https:\/\/blogs.deia.eus\/bogandoporlared\/wp-json\/wp\/v2\/tags?post=11733"}],"curies":[{"name":"wp","href":"https:\/\/api.w.org\/{rel}","templated":true}]}}