{"id":11948,"date":"2019-02-19T11:44:09","date_gmt":"2019-02-19T10:44:09","guid":{"rendered":"http:\/\/blogs.deia.eus\/bogandoporlared\/?p=11948"},"modified":"2019-02-19T11:44:10","modified_gmt":"2019-02-19T10:44:10","slug":"se-les-va-de-las-manos","status":"publish","type":"post","link":"https:\/\/blogs.deia.eus\/bogandoporlared\/2019\/02\/19\/se-les-va-de-las-manos\/","title":{"rendered":"Se les va de las manos"},"content":{"rendered":"\n<figure class=\"wp-block-image\"><img loading=\"lazy\" decoding=\"async\" width=\"940\" height=\"459\" src=\"https:\/\/blogs.deia.eus\/bogandoporlared\/files\/2019\/02\/20190219_manos-940x459.jpg\" alt=\"\" class=\"wp-image-11949\" srcset=\"https:\/\/blogs.deia.eus\/bogandoporlared\/files\/2019\/02\/20190219_manos-940x459.jpg 940w, https:\/\/blogs.deia.eus\/bogandoporlared\/files\/2019\/02\/20190219_manos-580x283.jpg 580w, https:\/\/blogs.deia.eus\/bogandoporlared\/files\/2019\/02\/20190219_manos-768x375.jpg 768w, https:\/\/blogs.deia.eus\/bogandoporlared\/files\/2019\/02\/20190219_manos.jpg 1920w\" sizes=\"auto, (max-width: 940px) 100vw, 940px\" \/><\/figure>\n\n\n\n<p>Parece que Espa\u00f1a se les va de las manos, pero sobre todo da la sensaci\u00f3n de que nunca tuvieron controlado ese franquismo larvado que ahora se siente liberado gracias al canto de Abascal y los coros de Casado y Rivera. Lo que ha sucedido a Jos\u00e9 Luis \u00c1balos es muy grave: que un polic\u00eda increpe a un ministro, le llame \u201crojo\u201d y le saque la placa para atemorizarle en un pub, es grav\u00edsimo. Sin paliativos. Y no es una an\u00e9cdota, es una foto: la de unos cuerpos de \u201cseguridad\u201d que han cambiado poco desde la dictadura y la de una divisi\u00f3n interminable entre los rojos y quienes lo consideran un insulto.<\/p>\n\n\n\n<p><strong>S\u00ed, hay que votar<\/strong><br><\/p>\n\n\n\n<p>Ya s\u00e9 que Twitter no representativo de la sociedad: los tuiteros que opinan de pol\u00edtica son ese porcentaje de personas muy politizadas y, por lo tanto, menor en la sociedad\u2026 Y sobrerrepresentado en la red social. Pero s\u00ed existen unos cuantos tuiteros, j\u00f3venes o que quieren seguir si\u00e9ndolo, que creen que al fascismo se le para en la calle y no en las urnas. De su error se alimenta precisamente la extrema derecha a la que dicen combatir con el m\u00f3vil en la mano y el de Glovo llamando a su puerta. Lo importante es votar, en cada espacio, al m\u00e1s \u00fatil para parar al fascismo y a quien pacta con \u00e9l.<\/p>\n\n\n\n<p><strong>Paella, birra y sudadera<\/strong><br><\/p>\n\n\n\n<p>En Internet, en general, los que estamos nos creemos m\u00e1s listos de lo que realmente somos. Y de ese pecado original no se libra ni el m\u00e1s escarmentado por meteduras de pata previas. Por ejemplo, Alberto Garz\u00f3n, que ha subido a su Instagram una foto de s\u00ed mismo moviendo una cuchara en una paella, con la cocina impoluta (Thermomix, incluida), cervez\u00f3n y sudadera de la DDR. Alguien pens\u00f3 que esa foto, en plena precampa\u00f1a, era buena idea, que aportaba algo. Y bueno, lo ha hecho: una buena colecci\u00f3n de chistes. Porque la foto no da para nada m\u00e1s que para re\u00edrse de ella.<\/p>\n\n\n\n<p><strong>\u00a1T\u00f3mense en serio, por favor!<\/strong><br><\/p>\n\n\n\n<p>Quien asesora a Garz\u00f3n sobre su actividad en redes no se toma en serio a Alberto. Ni a la persona ni al candidato. Si no, no le pondr\u00eda a hacer el rid\u00edculo. Tampoco se toma en serio la pol\u00edtica quien decide afirmar que ERC se presentar\u00e1 \u201cpor \u00faltima vez\u201d a las elecciones generales, como si en la pr\u00f3xima legislatura espa\u00f1ola Catalunya fuera a independizarse. Los pol\u00edticos necesitan empezar a tomarse la pol\u00edtica en serio si quieren que la ciudadan\u00eda tambi\u00e9n lo haga. Sugerir siquiera que la independencia de Catalunya es posible en los pr\u00f3ximos cuatro a\u00f1os es enga\u00f1ar y tomar por tonto al votante.<\/p>\n\n\n\n<p><strong>De la panza, al hospital<\/strong><br><\/p>\n\n\n\n<p>El puesto por pol\u00edtico m\u00e1s rid\u00edculo de Espa\u00f1a va a estar re\u00f1ido: algunos asesores intentan llevar a sus candidatos hasta el premio a rastras, y a otros les sale naturalmente, como a Casado o Abascal. Pero pocos son tan buenos maestros en el arte de hacer el rid\u00edculo que Miguel \u00c1ngel Revilla, que no dud\u00f3 en fotografiarse bebiendo leche \u201cde la ubre a la panza\u201d, sin ni siquiera hervir. El ejemplo es p\u00e9simo y el folclore ni lo justifica ni lo necesita: la pasteurizaci\u00f3n evita que con la leche cruda nos traguemos un mont\u00f3n de bacterias y ha sido important\u00edsima para la salud de todos.<\/p>\n<!-- AddThis Advanced Settings generic via filter on the_content --><!-- AddThis Share Buttons generic via filter on the_content -->","protected":false},"excerpt":{"rendered":"<p>Parece que Espa\u00f1a se les va de las manos, pero sobre todo da la sensaci\u00f3n de que nunca tuvieron controlado ese franquismo larvado que ahora se siente liberado gracias al canto de Abascal y los coros de Casado y Rivera. Lo que ha sucedido a Jos\u00e9 Luis \u00c1balos es muy grave: que un polic\u00eda increpe &hellip; <a href=\"https:\/\/blogs.deia.eus\/bogandoporlared\/2019\/02\/19\/se-les-va-de-las-manos\/\" class=\"more-link\">Sigue leyendo <span class=\"screen-reader-text\">Se les va de las manos<\/span><\/a><!-- AddThis Advanced Settings generic via filter on get_the_excerpt --><!-- AddThis Share Buttons generic via filter on get_the_excerpt --><\/p>\n","protected":false},"author":5,"featured_media":0,"comment_status":"closed","ping_status":"closed","sticky":false,"template":"","format":"standard","meta":{"footnotes":""},"categories":[48013],"tags":[56888,5661,101927,101061,32902,283],"class_list":["post-11948","post","type-post","status-publish","format-standard","hentry","category-los-apuntes","tag-alberto-garzon","tag-instagram","tag-jorge-matias","tag-jose-luis-abalos","tag-miguel-angel-revilla","tag-twitter"],"_links":{"self":[{"href":"https:\/\/blogs.deia.eus\/bogandoporlared\/wp-json\/wp\/v2\/posts\/11948","targetHints":{"allow":["GET"]}}],"collection":[{"href":"https:\/\/blogs.deia.eus\/bogandoporlared\/wp-json\/wp\/v2\/posts"}],"about":[{"href":"https:\/\/blogs.deia.eus\/bogandoporlared\/wp-json\/wp\/v2\/types\/post"}],"author":[{"embeddable":true,"href":"https:\/\/blogs.deia.eus\/bogandoporlared\/wp-json\/wp\/v2\/users\/5"}],"replies":[{"embeddable":true,"href":"https:\/\/blogs.deia.eus\/bogandoporlared\/wp-json\/wp\/v2\/comments?post=11948"}],"version-history":[{"count":1,"href":"https:\/\/blogs.deia.eus\/bogandoporlared\/wp-json\/wp\/v2\/posts\/11948\/revisions"}],"predecessor-version":[{"id":11950,"href":"https:\/\/blogs.deia.eus\/bogandoporlared\/wp-json\/wp\/v2\/posts\/11948\/revisions\/11950"}],"wp:attachment":[{"href":"https:\/\/blogs.deia.eus\/bogandoporlared\/wp-json\/wp\/v2\/media?parent=11948"}],"wp:term":[{"taxonomy":"category","embeddable":true,"href":"https:\/\/blogs.deia.eus\/bogandoporlared\/wp-json\/wp\/v2\/categories?post=11948"},{"taxonomy":"post_tag","embeddable":true,"href":"https:\/\/blogs.deia.eus\/bogandoporlared\/wp-json\/wp\/v2\/tags?post=11948"}],"curies":[{"name":"wp","href":"https:\/\/api.w.org\/{rel}","templated":true}]}}