{"id":11987,"date":"2019-03-03T11:05:17","date_gmt":"2019-03-03T10:05:17","guid":{"rendered":"http:\/\/blogs.deia.eus\/bogandoporlared\/?p=11987"},"modified":"2019-03-04T11:08:16","modified_gmt":"2019-03-04T10:08:16","slug":"vaya-con-assange","status":"publish","type":"post","link":"https:\/\/blogs.deia.eus\/bogandoporlared\/2019\/03\/03\/vaya-con-assange\/","title":{"rendered":"\u00a1Vaya con Assange!"},"content":{"rendered":"\n<figure class=\"wp-block-image\"><img loading=\"lazy\" decoding=\"async\" width=\"940\" height=\"459\" src=\"https:\/\/blogs.deia.eus\/bogandoporlared\/files\/2019\/03\/20190303_assange-940x459.jpg\" alt=\"\" class=\"wp-image-11988\" srcset=\"https:\/\/blogs.deia.eus\/bogandoporlared\/files\/2019\/03\/20190303_assange-940x459.jpg 940w, https:\/\/blogs.deia.eus\/bogandoporlared\/files\/2019\/03\/20190303_assange-580x283.jpg 580w, https:\/\/blogs.deia.eus\/bogandoporlared\/files\/2019\/03\/20190303_assange-768x375.jpg 768w, https:\/\/blogs.deia.eus\/bogandoporlared\/files\/2019\/03\/20190303_assange.jpg 1920w\" sizes=\"auto, (max-width: 940px) 100vw, 940px\" \/><\/figure>\n\n\n\n<p>Estoy deseando ver los argumentos de quienes siguen creyendo que se puede defender a Julian Assange, despu\u00e9s de saber que, de alg\u00fan modo, Wikileaks filtr\u00f3 primero a Donald Trump la informaci\u00f3n que perjudicar\u00eda a Hillary Clinton durante la campa\u00f1a presidencial. No es una an\u00e9cdota cuando parece acreditado que Trump, con su acci\u00f3n directa o con su aceptaci\u00f3n manifiesta, apuntal\u00f3 su campa\u00f1a gracias a las noticias de medios digitales que mezclaban verdad y mentira mientras corr\u00edan por Internet para perjuicio de la dem\u00f3crata. Ahora, que se explique Assange\u2026 Y quienes le defienden.<\/p>\n\n\n\n<p><strong>Sus enemigos le definen<\/strong><br><\/p>\n\n\n\n<p>Sobre el fallecimiento de Xabier Arzalluz que, sin duda, ha marcado el final de la semana en lo pol\u00edtico y medi\u00e1tico, no nos extra\u00f1a lo que hemos encontrado en El Plural: \u201cVox no lamenta la muerte del \u2018malvado\u2019 Arzalluz. Califican al exl\u00edder del PNV como un \u2018horror de la historia reciente\u2019\u201d. Creo que estas palabras podr\u00edan aparecer en el obituario del nacionalista vasco pero como reconocimiento: que en Vox est\u00e9n radicalmente en contra de lo que dijo e hizo solo agranda la figura. Igual que, en vida, los que se midieron a Arzalluz y perdieron, sobre todo en la \u00e9poca de la escisi\u00f3n, dieron la talla del pol\u00edtico.<\/p>\n\n\n\n<p><strong>La campa\u00f1a del couch\u00e9<\/strong><br><\/p>\n\n\n\n<p>Me cuesta creer que la vida sentimental de Albert Rivera no forme parte de su campa\u00f1a. El modo en el que aprovechan los de Ciudadanos la relaci\u00f3n de su l\u00edder con la cantante Mal\u00fa es bastante llamativa. De hecho, de eso se trata: de llamar la atenci\u00f3n y ser un habitual del papel couch\u00e9 y los programas de televisi\u00f3n amarillos, para que esa audiencia reconozca por fin a un pol\u00edtico como uno de los suyos. No quiero decir con mi sospecha que cantante y pol\u00edtico se hayan inventado que est\u00e1n juntos, pero s\u00ed tengo la impresi\u00f3n de que quieren usarlo como material electoral\u2026 Tomando por tonta a mucha gente.<\/p>\n\n\n\n<p><strong>Lo principal es la marca<\/strong><br><\/p>\n\n\n\n<p>\u201cUnidas representa el alma feminista de ambas organizaciones (Podemos e IU) con el que nos sentimos m\u00e1s c\u00f3modas\u201d, dicen en Podemos y recogen en P\u00fablico. Curiosamente, en un medio tan amable con este partido (Juan Carlos Monedero tiene hasta su blog), para ilustrar la noticia de que la marca ser\u00e1 feminista, han utilizado una foto en la que aparecen cuatro hombres y una mujer, Irene Montero, con la que el n\u00famero uno de la formaci\u00f3n tiene una relaci\u00f3n, dos hijos y una hipoteca. Su novia, en una palabra. Vamos, que el feminismo se lo dejan a la marca porque en Unidas Podemos, ni se unen, ni pueden, ni son mujeres. <\/p>\n\n\n\n<p><strong>Hoy sabremos si gana Kepa<\/strong><br><\/p>\n\n\n\n<p>Hoy por la tarde sabremos si el castigo de Maurizio Sarri a Kepa Arrizabalaga es real o es solo para la galer\u00eda, dej\u00e1ndole fuera del once titular solo una jornada. El desprecio fue m\u00e1ximo, y el entrenador italiano sabe que se marchar\u00e1 en verano (no as\u00ed el portero, ya que el Chelsea no podr\u00e1 fichar a ning\u00fan jugador por sanci\u00f3n), as\u00ed que puede sentarle para lo que resta de temporada o mandarle ya bajo palos. En cualquier caso, Kepa no ha lesionado a nadie de gravedad, ni siquiera ha protagonizado un forcejeo, y solo es un chaval empoderado por el dinero y sus agentes. Adem\u00e1s, este no ha sido su mayor error.<\/p>\n<!-- AddThis Advanced Settings generic via filter on the_content --><!-- AddThis Share Buttons generic via filter on the_content -->","protected":false},"excerpt":{"rendered":"<p>Estoy deseando ver los argumentos de quienes siguen creyendo que se puede defender a Julian Assange, despu\u00e9s de saber que, de alg\u00fan modo, Wikileaks filtr\u00f3 primero a Donald Trump la informaci\u00f3n que perjudicar\u00eda a Hillary Clinton durante la campa\u00f1a presidencial. No es una an\u00e9cdota cuando parece acreditado que Trump, con su acci\u00f3n directa o con &hellip; <a href=\"https:\/\/blogs.deia.eus\/bogandoporlared\/2019\/03\/03\/vaya-con-assange\/\" class=\"more-link\">Sigue leyendo <span class=\"screen-reader-text\">\u00a1Vaya con Assange!<\/span><\/a><!-- AddThis Advanced Settings generic via filter on get_the_excerpt --><!-- AddThis Share Buttons generic via filter on get_the_excerpt --><\/p>\n","protected":false},"author":5,"featured_media":0,"comment_status":"closed","ping_status":"closed","sticky":false,"template":"","format":"standard","meta":{"footnotes":""},"categories":[48013],"tags":[61335,145715,73529,96267,44632,93282,99367,30042,145739,145728,47772,283,98096,15886],"class_list":["post-11987","post","type-post","status-publish","format-standard","hentry","category-los-apuntes","tag-albert-rivera","tag-chelsea","tag-donald-trump","tag-dori-toribio","tag-el-plural","tag-irene-montero","tag-julian-assange","tag-kepa-arrizabalaga","tag-malu","tag-maurizio-sarri","tag-pablo-iglesias","tag-twitter","tag-wikileaks","tag-xabier-arzalluz"],"_links":{"self":[{"href":"https:\/\/blogs.deia.eus\/bogandoporlared\/wp-json\/wp\/v2\/posts\/11987","targetHints":{"allow":["GET"]}}],"collection":[{"href":"https:\/\/blogs.deia.eus\/bogandoporlared\/wp-json\/wp\/v2\/posts"}],"about":[{"href":"https:\/\/blogs.deia.eus\/bogandoporlared\/wp-json\/wp\/v2\/types\/post"}],"author":[{"embeddable":true,"href":"https:\/\/blogs.deia.eus\/bogandoporlared\/wp-json\/wp\/v2\/users\/5"}],"replies":[{"embeddable":true,"href":"https:\/\/blogs.deia.eus\/bogandoporlared\/wp-json\/wp\/v2\/comments?post=11987"}],"version-history":[{"count":1,"href":"https:\/\/blogs.deia.eus\/bogandoporlared\/wp-json\/wp\/v2\/posts\/11987\/revisions"}],"predecessor-version":[{"id":11989,"href":"https:\/\/blogs.deia.eus\/bogandoporlared\/wp-json\/wp\/v2\/posts\/11987\/revisions\/11989"}],"wp:attachment":[{"href":"https:\/\/blogs.deia.eus\/bogandoporlared\/wp-json\/wp\/v2\/media?parent=11987"}],"wp:term":[{"taxonomy":"category","embeddable":true,"href":"https:\/\/blogs.deia.eus\/bogandoporlared\/wp-json\/wp\/v2\/categories?post=11987"},{"taxonomy":"post_tag","embeddable":true,"href":"https:\/\/blogs.deia.eus\/bogandoporlared\/wp-json\/wp\/v2\/tags?post=11987"}],"curies":[{"name":"wp","href":"https:\/\/api.w.org\/{rel}","templated":true}]}}