{"id":12434,"date":"2019-08-08T08:21:58","date_gmt":"2019-08-08T07:21:58","guid":{"rendered":"http:\/\/blogs.deia.eus\/bogandoporlared\/?p=12434"},"modified":"2019-08-08T08:22:00","modified_gmt":"2019-08-08T07:22:00","slug":"su-ideologia-es-esta","status":"publish","type":"post","link":"https:\/\/blogs.deia.eus\/bogandoporlared\/2019\/08\/08\/su-ideologia-es-esta\/","title":{"rendered":"Su ideolog\u00eda es esta"},"content":{"rendered":"\n<figure class=\"wp-block-image\"><img loading=\"lazy\" decoding=\"async\" width=\"590\" height=\"716\" src=\"https:\/\/blogs.deia.eus\/bogandoporlared\/files\/2019\/08\/20190808_ideologia.jpg\" alt=\"\" class=\"wp-image-12435\" srcset=\"https:\/\/blogs.deia.eus\/bogandoporlared\/files\/2019\/08\/20190808_ideologia.jpg 590w, https:\/\/blogs.deia.eus\/bogandoporlared\/files\/2019\/08\/20190808_ideologia-580x704.jpg 580w\" sizes=\"auto, (max-width: 590px) 100vw, 590px\" \/><\/figure>\n\n\n\n<p>Prefiero un partido con ideolog\u00eda que uno que presuma de no tenerla porque, al final, su ideolog\u00eda ser\u00e1 su inter\u00e9s. Me refiero a casos como el de Marcos de Quinto, flamante diputado de Ciudadanos por su condici\u00f3n de ser uno de los ejecutivos mejor pagados de Espa\u00f1a. El exvicepresidente de Coca-Cola ha mostrado en Twitter las botellas que la bodega portuguesa Quinta do Vale Me\u00e3o le ha regalado: \u201cUna de cada una de las \u00faltimas a\u00f1adas de mi vino favorito\u201d, explica De Quinto. Recibir generosos regalos puede condicionar a un  pol\u00edtico, exhibirlo, ya, es de medalla al dem\u00e9rito.<\/p>\n\n\n\n<p><strong>Buena duda<\/strong><br><\/p>\n\n\n\n<p>Antonio Cartier comentaba en Twitter las declaraciones de D\u00edaz Ayuso: \u201cLa semana que vienen conocer\u00e1n el proyecto que contar\u00e1 con la oposici\u00f3n de Vox pero con su apoyo\u201d, de este modo: \u201cNo s\u00e9 si son gilipollas o se piensan que lo somos nosotros\u201d, y como suele ser habitual en \u00e9l, daba en el clavo. Por desgracia, me temo que su tuit se puede anteponer tambi\u00e9n al de Marcos de Quinto que les he mostrado en el anterior p\u00e1rrafo o a muchos otros que no dejamos de ver hasta con incredulidad. El nivel de esta pol\u00edtica a golpe de tuit es paup\u00e9rrimo, y dudas como la de Cartier son m\u00e1s que razonables.<\/p>\n\n\n\n<p><strong>\u00bfCaer\u00e1 Esperanza Aguirre?<\/strong><br><\/p>\n\n\n\n<p>Esperanza Aguirre tiene mucha facilidad para evitar el sonrojo, bien sea asegurando que no tiene nada que ver con pol\u00edticos que ella eligi\u00f3 y han acabado pasando ante el juez, bien sea huyendo de la polic\u00eda despu\u00e9s de tirar una moto de un agente con su propio coche. Y hasta ahora no le ha ido nada mal\u2026 Salvo cuando Carmena fue elegida alcaldesa en vez de ella. Pero parece que esta vez su estrella se apaga: \u201cEl magistrado Eloy Velasco asegur\u00f3 tener evidencias de que el Gobierno auton\u00f3mico de Esperanza Aguirre hab\u00eda ordenado pagar \u2018en sobres\u2019 gastos electorales del PP de Madrid\u201d, leemos en Vozp\u00f3puli.<\/p>\n\n\n\n<p><strong>Me sorprende que S\u00e1nchez se arriesgue tanto<\/strong><br><\/p>\n\n\n\n<p>Sigo pensando que no habr\u00e1 unas nuevas elecciones generales porque me cuesta creer que Pedro S\u00e1nchez sea capaz de correr ese riesgo para \u00e9l, para su partido y para todos. Los que aseguran que Catalunya no puede funcionar con governs de transici\u00f3n desde que Mas adelant\u00f3 elecciones en 2012, tendr\u00e1n que explicarnos ahora c\u00f3mo lo logra Espa\u00f1a con peligros inminentes como el que apunta Fernando Gonz\u00e1lez Urbaneja: \u201cEl runr\u00fan de la recesi\u00f3n es real, creciente, se siente el ruido de la manada de bisontes acerc\u00e1ndose pero tambi\u00e9n que el tono general oficial es el de la ciudad alegre y confiada\u201d.<\/p>\n\n\n\n<p><strong>As\u00ed es Internet<\/strong><br><\/p>\n\n\n\n<p>No puedo negar que el Se\u00f1or Caronte ha acertado de pleno con su tuit: \u201cLo bonito de Internet es que antes eras el tonto del barrio y lo sab\u00edan 200 o 300 personas, y ahora lo sabe el mundo entero\u201d. Eso es Internet, y podemos poner ejemplos tan conocidos como Trump, otros m\u00e1s cercanos como Marcos de Quinto o Isabel D\u00edaz Ayuso, y decenas de nombres desconocidos que no tienen rubor en mostrarse en Twitter, Instagram, Facebook, sus blogs o los comentarios en los peri\u00f3dicos, como el tonto del pueblo. Un tonto del pueblo, eso s\u00ed, con \u00ednfulas y empoderado por quien necesita a otros tontos.<\/p>\n<!-- AddThis Advanced Settings generic via filter on the_content --><!-- AddThis Share Buttons generic via filter on the_content -->","protected":false},"excerpt":{"rendered":"<p>Prefiero un partido con ideolog\u00eda que uno que presuma de no tenerla porque, al final, su ideolog\u00eda ser\u00e1 su inter\u00e9s. Me refiero a casos como el de Marcos de Quinto, flamante diputado de Ciudadanos por su condici\u00f3n de ser uno de los ejecutivos mejor pagados de Espa\u00f1a. El exvicepresidente de Coca-Cola ha mostrado en Twitter &hellip; <a href=\"https:\/\/blogs.deia.eus\/bogandoporlared\/2019\/08\/08\/su-ideologia-es-esta\/\" class=\"more-link\">Sigue leyendo <span class=\"screen-reader-text\">Su ideolog\u00eda es esta<\/span><\/a><!-- AddThis Advanced Settings generic via filter on get_the_excerpt --><!-- AddThis Share Buttons generic via filter on get_the_excerpt --><\/p>\n","protected":false},"author":5,"featured_media":0,"comment_status":"closed","ping_status":"closed","sticky":false,"template":"","format":"standard","meta":{"footnotes":""},"categories":[48013],"tags":[79231,48014,10685,48123,91222,148818,53649,148873,148874,283,5627],"class_list":["post-12434","post","type-post","status-publish","format-standard","hentry","category-los-apuntes","tag-antonio-cartier","tag-eloy-velasco","tag-esperanza-aguirre","tag-fernando-gonzalez-urbaneja","tag-isabel-diaz-ayuso","tag-marcos-de-quinto","tag-pedro-sanchez","tag-quinta-do-vale-meao","tag-senor-caronte","tag-twitter","tag-vozpopuli"],"_links":{"self":[{"href":"https:\/\/blogs.deia.eus\/bogandoporlared\/wp-json\/wp\/v2\/posts\/12434","targetHints":{"allow":["GET"]}}],"collection":[{"href":"https:\/\/blogs.deia.eus\/bogandoporlared\/wp-json\/wp\/v2\/posts"}],"about":[{"href":"https:\/\/blogs.deia.eus\/bogandoporlared\/wp-json\/wp\/v2\/types\/post"}],"author":[{"embeddable":true,"href":"https:\/\/blogs.deia.eus\/bogandoporlared\/wp-json\/wp\/v2\/users\/5"}],"replies":[{"embeddable":true,"href":"https:\/\/blogs.deia.eus\/bogandoporlared\/wp-json\/wp\/v2\/comments?post=12434"}],"version-history":[{"count":1,"href":"https:\/\/blogs.deia.eus\/bogandoporlared\/wp-json\/wp\/v2\/posts\/12434\/revisions"}],"predecessor-version":[{"id":12436,"href":"https:\/\/blogs.deia.eus\/bogandoporlared\/wp-json\/wp\/v2\/posts\/12434\/revisions\/12436"}],"wp:attachment":[{"href":"https:\/\/blogs.deia.eus\/bogandoporlared\/wp-json\/wp\/v2\/media?parent=12434"}],"wp:term":[{"taxonomy":"category","embeddable":true,"href":"https:\/\/blogs.deia.eus\/bogandoporlared\/wp-json\/wp\/v2\/categories?post=12434"},{"taxonomy":"post_tag","embeddable":true,"href":"https:\/\/blogs.deia.eus\/bogandoporlared\/wp-json\/wp\/v2\/tags?post=12434"}],"curies":[{"name":"wp","href":"https:\/\/api.w.org\/{rel}","templated":true}]}}