{"id":12443,"date":"2019-08-11T08:15:28","date_gmt":"2019-08-11T07:15:28","guid":{"rendered":"http:\/\/blogs.deia.eus\/bogandoporlared\/?p=12443"},"modified":"2019-08-13T08:17:51","modified_gmt":"2019-08-13T07:17:51","slug":"si-nos-estamos-atontando","status":"publish","type":"post","link":"https:\/\/blogs.deia.eus\/bogandoporlared\/2019\/08\/11\/si-nos-estamos-atontando\/","title":{"rendered":"S\u00ed, nos estamos atontando"},"content":{"rendered":"\n<figure class=\"wp-block-image\"><img loading=\"lazy\" decoding=\"async\" width=\"940\" height=\"459\" src=\"https:\/\/blogs.deia.eus\/bogandoporlared\/files\/2019\/08\/20190811_atontando-940x459.jpg\" alt=\"\" class=\"wp-image-12444\" srcset=\"https:\/\/blogs.deia.eus\/bogandoporlared\/files\/2019\/08\/20190811_atontando-940x459.jpg 940w, https:\/\/blogs.deia.eus\/bogandoporlared\/files\/2019\/08\/20190811_atontando-580x283.jpg 580w, https:\/\/blogs.deia.eus\/bogandoporlared\/files\/2019\/08\/20190811_atontando-768x375.jpg 768w, https:\/\/blogs.deia.eus\/bogandoporlared\/files\/2019\/08\/20190811_atontando.jpg 1920w\" sizes=\"auto, (max-width: 940px) 100vw, 940px\" \/><\/figure>\n\n\n\n<p>Cada vez tengo m\u00e1s claro que, por culpa de la tecnolog\u00eda, ya somos como los gordos en los asientos reclinables de la pel\u00edcula de Wall-e: obesos mentales. Por suerte, de vez en cuando viene alguien y me refuerza ese pensamiento: Alberto Olmos cuenta en El Confidencial c\u00f3mo en la pel\u00edcula \u201cEl Gran Hackeo\u201d ridiculizan la imagen del integrado digital al que Cambridge Analytica le ha robado los datos y le ha obligado a votar a Trump. Personas con alto nivel de gasto en tecnolog\u00eda (alguna absolutamente innecesaria) que culpan al manipulador mientras sigue cediendo informaci\u00f3n que, al final, no es tan importante.<\/p>\n\n\n\n<p><strong>Apple dice que ya no nos escucha<\/strong><br><\/p>\n\n\n\n<p>Y donde pone Apple podemos poner Microsoft, Google, Samsung, Facebook, Huawei, Amazon o cualquiera de esas marcas que suenan a superempresa tecnol\u00f3gica. Por si acaso, yo siempre act\u00fao como si todas ellas me estuvieran espiando: con total naturalidad porque mi d\u00eda a d\u00eda no tiene nada especial. El caso es que la empresa de la manzana mordida ha emitido un comunicado anunciando que ya no van a escuchar las conversaciones que los usuarios ten\u00edan con Siri (el asistente de voz) y que grababan para controlar la calidad de ese producto. Ya. Seguro que era por eso y seguro no van a hacerlo m\u00e1s\u2026<\/p>\n\n\n\n<p><strong>Esto es lo grave<\/strong><br><\/p>\n\n\n\n<p>Quien tenga la tecnolog\u00eda suficiente (empresas, pero tambi\u00e9n estados y, por supuesto, mafias) nos escucha y puede trazar cualquier camino que hayamos hecho por medio del GPS de nuestro m\u00f3vil, la tarjeta de cr\u00e9dito o viendo nuestro Instagram. As\u00ed que no entiendo que nadie pueda prevenir las matanzas. Al contrario: por culpa de la tecnolog\u00eda (chats y tutoriales para utilizar un arma) estamos en un mundo cada vez m\u00e1s peligroso, radicalizado, informado para causar el m\u00e1ximo dolor posible y empoderado: 175 asesinatos en ocho a\u00f1os a manos de la extrema derecha, seg\u00fan The Guardian, no son ninguna broma.<\/p>\n\n\n\n<p><strong>Y esto, lo chusco<\/strong><br><\/p>\n\n\n\n<p>Les hablo ahora de una noticia en El Plural que se ha movido mucho esta semana y que me he resistido a traer a la columna porque parece que se basa en una \u00fanica filtraci\u00f3n interesada de una serie de hechos chuscos: la presidencia de la Junta de Andaluc\u00eda ha corrido con muchos m\u00e1s gastos de desayunos, comidas y cenas desde el cambio de gobierno, que con Susana D\u00edaz al frente. Son muchos m\u00e1s los asesores que ahora gastan de la cocina propia de San Telmo que, adem\u00e1s, ha cesado el contrato con Mercadona y lo tiene ahora con el proveedor de Master Chef. \u00bfEs grave? No. Pero indica una forma de actuar \u201ccortijesca\u201d.<\/p>\n\n\n\n<p><strong>Navarra, un territorio vasco del sur<\/strong><br><\/p>\n\n\n\n<p>Navarra es uno de los territorios al sur de los Pirineos que componen Euskadi. Esta evidencia, negada por muchos y enterrada en la historia por quienes pueden, como toda realidad, es tozuda. La presencia del euskera, de la cultura propia e incluso de personajes vinculados al PNV, por mucho que le fastidie a Marhuenda y sus seguidores, son innegables: esta misma semana un hilo en Twitter recuperaba la figura de Fortunato Aguirre, profesor, miembro del NBB, alcalde de Lizarra, uno de los fundadores de Osasuna (adem\u00e1s de la ikastola de su pueblo) y fusilado en el 36 por los golpistas y fascistas.<\/p>\n<!-- AddThis Advanced Settings generic via filter on the_content --><!-- AddThis Share Buttons generic via filter on the_content -->","protected":false},"excerpt":{"rendered":"<p>Cada vez tengo m\u00e1s claro que, por culpa de la tecnolog\u00eda, ya somos como los gordos en los asientos reclinables de la pel\u00edcula de Wall-e: obesos mentales. Por suerte, de vez en cuando viene alguien y me refuerza ese pensamiento: Alberto Olmos cuenta en El Confidencial c\u00f3mo en la pel\u00edcula \u201cEl Gran Hackeo\u201d ridiculizan la &hellip; <a href=\"https:\/\/blogs.deia.eus\/bogandoporlared\/2019\/08\/11\/si-nos-estamos-atontando\/\" class=\"more-link\">Sigue leyendo <span class=\"screen-reader-text\">S\u00ed, nos estamos atontando<\/span><\/a><!-- AddThis Advanced Settings generic via filter on get_the_excerpt --><!-- AddThis Share Buttons generic via filter on get_the_excerpt --><\/p>\n","protected":false},"author":5,"featured_media":0,"comment_status":"closed","ping_status":"closed","sticky":false,"template":"","format":"standard","meta":{"footnotes":""},"categories":[48013],"tags":[87499,25143,17735,148877,44632,137734,50736,92,138008,49339],"class_list":["post-12443","post","type-post","status-publish","format-standard","hentry","category-los-apuntes","tag-alberto-olmos","tag-apple","tag-el-confidencial","tag-el-gran-hackeo","tag-el-plural","tag-fortunato-aguirre","tag-juan-manuel-moreno-bonilla","tag-osasuna","tag-siri","tag-the-guardian"],"_links":{"self":[{"href":"https:\/\/blogs.deia.eus\/bogandoporlared\/wp-json\/wp\/v2\/posts\/12443","targetHints":{"allow":["GET"]}}],"collection":[{"href":"https:\/\/blogs.deia.eus\/bogandoporlared\/wp-json\/wp\/v2\/posts"}],"about":[{"href":"https:\/\/blogs.deia.eus\/bogandoporlared\/wp-json\/wp\/v2\/types\/post"}],"author":[{"embeddable":true,"href":"https:\/\/blogs.deia.eus\/bogandoporlared\/wp-json\/wp\/v2\/users\/5"}],"replies":[{"embeddable":true,"href":"https:\/\/blogs.deia.eus\/bogandoporlared\/wp-json\/wp\/v2\/comments?post=12443"}],"version-history":[{"count":1,"href":"https:\/\/blogs.deia.eus\/bogandoporlared\/wp-json\/wp\/v2\/posts\/12443\/revisions"}],"predecessor-version":[{"id":12445,"href":"https:\/\/blogs.deia.eus\/bogandoporlared\/wp-json\/wp\/v2\/posts\/12443\/revisions\/12445"}],"wp:attachment":[{"href":"https:\/\/blogs.deia.eus\/bogandoporlared\/wp-json\/wp\/v2\/media?parent=12443"}],"wp:term":[{"taxonomy":"category","embeddable":true,"href":"https:\/\/blogs.deia.eus\/bogandoporlared\/wp-json\/wp\/v2\/categories?post=12443"},{"taxonomy":"post_tag","embeddable":true,"href":"https:\/\/blogs.deia.eus\/bogandoporlared\/wp-json\/wp\/v2\/tags?post=12443"}],"curies":[{"name":"wp","href":"https:\/\/api.w.org\/{rel}","templated":true}]}}