{"id":13673,"date":"2020-10-10T08:19:34","date_gmt":"2020-10-10T07:19:34","guid":{"rendered":"http:\/\/blogs.deia.eus\/bogandoporlared\/?p=13673"},"modified":"2020-10-10T08:19:36","modified_gmt":"2020-10-10T07:19:36","slug":"pandemia-la-que-tienen-alli-colgada","status":"publish","type":"post","link":"https:\/\/blogs.deia.eus\/bogandoporlared\/2020\/10\/10\/pandemia-la-que-tienen-alli-colgada\/","title":{"rendered":"Pandemia, la que tienen all\u00ed colgada"},"content":{"rendered":"\n<figure class=\"wp-block-image\"><img loading=\"lazy\" decoding=\"async\" width=\"594\" height=\"641\" src=\"https:\/\/blogs.deia.eus\/bogandoporlared\/files\/2020\/10\/20201010_pandemia.jpg\" alt=\"\" class=\"wp-image-13674\" srcset=\"https:\/\/blogs.deia.eus\/bogandoporlared\/files\/2020\/10\/20201010_pandemia.jpg 594w, https:\/\/blogs.deia.eus\/bogandoporlared\/files\/2020\/10\/20201010_pandemia-580x626.jpg 580w\" sizes=\"auto, (max-width: 594px) 100vw, 594px\" \/><\/figure>\n\n\n\n<p>La irresponsabilidad fuera de China ante la pandemia me est\u00e1 resultando inaudita. Empiezo, por supuesto, por la responsabilidad individual. Aqu\u00ed y en Alemania. Y siguiendo, por supuesto, por la de los pol\u00edticos y la de los sanitarios que no solo no comparten algunas decisiones, sino que abogan por rebeld\u00edas parciales o completas hasta el negacionismo. Y Trump, ya, es cap\u00edtulo aparte. Como lo es Madrid, desde Ayuso hasta la ciudadan\u00eda, se pongan como se pongan los capitalinos: \u201cLos madrile\u00f1os disparan las b\u00fasquedas de viajes para el puente del Pilar tan solo en una hora\u201d, seg\u00fan El Pa\u00eds en Twitter.<\/p>\n\n\n\n<p><strong>S\u00ed, es un \u201czasca\u201d<\/strong><br><\/p>\n\n\n\n<p>No salgo de Madrid ni de Twitter pero paso al plano pol\u00edtico: Jos\u00e9 Luis Mart\u00ednez-Almeida, portavoz del PP y alcalde de la capital espa\u00f1ola (por lo visto, este es el orden de sus prioridades), tuiteaba con cierta sorna sobre la petici\u00f3n del juez de imputar a Pablo Iglesias. \u201cLe recuerdo su punto G\u201d, escrib\u00eda en referencia a que puede verse atrapado por su c\u00f3digo interno si acaba siendo procesado o investigado por el ya famoso \u201ccaso Dina\u201d. Pero que un buen \u201czasca\u201d no nos tape la realidad: ya hay que tener la cara dura para ser del PP y pedir responsabilidades pol\u00edticas por causas judiciales a los dem\u00e1s.<\/p>\n\n\n\n<p><strong>Y una verdad dolorosa<\/strong><br><\/p>\n\n\n\n<p>M\u00e1s que \u201czasca\u201d, Quim Torra tuite\u00f3 como respuesta a Pablo Iglesias una verdad tan grande como dolorosa: \u201cEl Vicepresident Pablo Iglesias a RAC1: \u2018Ni como mera hip\u00f3tesis concibo que pueda haber una imputaci\u00f3n. Es inconcebible. Es una vulneraci\u00f3n de derechos sin parang\u00f3n. En este pa\u00eds todav\u00eda no han condenado a nadie por sus ideas\u2019\u2026 Sr. Iglesias, en el meu pa\u00eds fa anys que passa\u201d. La falta de sensibilidad de Iglesias, que fue a Catalunya a decir eso, que no hab\u00eda condenados por sus ideas pol\u00edticas, es descalabrante. Una torpeza injustificable para quien no se ha cortado nunca en dar lecciones.<\/p>\n\n\n\n<p><strong>Mamarracho<\/strong><br><\/p>\n\n\n\n<p>\u201cUn senador del PP recibe a Iglesias con una bandera, una corona y un retrato del rey\u201d. As\u00ed de escueto y descriptivo es el tuit de EFE que, junto a la foto, nos ayudan a hacernos r\u00e1pidamente una idea del nivel de mamarracher\u00eda que se gastan algunos de traje y corbata. David Mu\u00f1oz, que es senador por Ceuta, ha sido el que ha tenido la brillante idea que, s\u00ed, le ha servido para que le saquen en los digitales y en Twitter, pero solo para que nos preguntemos de d\u00f3nde demonios ha sacado la corona. Porque la bandera la venden en los chinos y el retrato del Rey te lo imprimes y lo pones en un marco, pero, \u00bfy la corona?<\/p>\n\n\n\n<p><strong>Cuanto mejor, mejor<\/strong><br><\/p>\n\n\n\n<p>Llevo un mes acompa\u00f1ando a mis hijos a la ikastola. En ese tiempo creo que ha habido dos o tres aulas confinadas. Los protocolos me parecen adecuados y reconozco, valoro y agradezco el esfuerzo del equipo. Tambi\u00e9n s\u00e9 que hay amas y aitas m\u00e1s descontentos o que, en general, protestan m\u00e1s. Pero hasta ellas y ellos se han ido relajando poco a poco: la cosa va bien. Y los agoreros del desastre y los capitanes a posteriori tendr\u00e1n que seguir esperando. Esa es la mejor noticia. Pero no nos olvidemos de una cosa: como en el f\u00fatbol, el \u201cresultadismo\u201d acaba pasando su factura, y vendr\u00e1n momentos peores.<\/p>\n<!-- AddThis Advanced Settings generic via filter on the_content --><!-- AddThis Share Buttons generic via filter on the_content -->","protected":false},"excerpt":{"rendered":"<p>La irresponsabilidad fuera de China ante la pandemia me est\u00e1 resultando inaudita. Empiezo, por supuesto, por la responsabilidad individual. Aqu\u00ed y en Alemania. Y siguiendo, por supuesto, por la de los pol\u00edticos y la de los sanitarios que no solo no comparten algunas decisiones, sino que abogan por rebeld\u00edas parciales o completas hasta el negacionismo. &hellip; <a href=\"https:\/\/blogs.deia.eus\/bogandoporlared\/2020\/10\/10\/pandemia-la-que-tienen-alli-colgada\/\" class=\"more-link\">Sigue leyendo <span class=\"screen-reader-text\">Pandemia, la que tienen all\u00ed colgada<\/span><\/a><!-- AddThis Advanced Settings generic via filter on get_the_excerpt --><!-- AddThis Share Buttons generic via filter on get_the_excerpt --><\/p>\n","protected":false},"author":5,"featured_media":0,"comment_status":"closed","ping_status":"closed","sticky":false,"template":"","format":"standard","meta":{"footnotes":""},"categories":[48013],"tags":[157682,101899,47,416,103533,421,47772,139491,283],"class_list":["post-13673","post","type-post","status-publish","format-standard","hentry","category-los-apuntes","tag-coronavirus","tag-david-munoz","tag-efe","tag-el-pais","tag-jose-luis-martinez-almeida","tag-madrid","tag-pablo-iglesias","tag-quim-torra","tag-twitter"],"_links":{"self":[{"href":"https:\/\/blogs.deia.eus\/bogandoporlared\/wp-json\/wp\/v2\/posts\/13673","targetHints":{"allow":["GET"]}}],"collection":[{"href":"https:\/\/blogs.deia.eus\/bogandoporlared\/wp-json\/wp\/v2\/posts"}],"about":[{"href":"https:\/\/blogs.deia.eus\/bogandoporlared\/wp-json\/wp\/v2\/types\/post"}],"author":[{"embeddable":true,"href":"https:\/\/blogs.deia.eus\/bogandoporlared\/wp-json\/wp\/v2\/users\/5"}],"replies":[{"embeddable":true,"href":"https:\/\/blogs.deia.eus\/bogandoporlared\/wp-json\/wp\/v2\/comments?post=13673"}],"version-history":[{"count":1,"href":"https:\/\/blogs.deia.eus\/bogandoporlared\/wp-json\/wp\/v2\/posts\/13673\/revisions"}],"predecessor-version":[{"id":13675,"href":"https:\/\/blogs.deia.eus\/bogandoporlared\/wp-json\/wp\/v2\/posts\/13673\/revisions\/13675"}],"wp:attachment":[{"href":"https:\/\/blogs.deia.eus\/bogandoporlared\/wp-json\/wp\/v2\/media?parent=13673"}],"wp:term":[{"taxonomy":"category","embeddable":true,"href":"https:\/\/blogs.deia.eus\/bogandoporlared\/wp-json\/wp\/v2\/categories?post=13673"},{"taxonomy":"post_tag","embeddable":true,"href":"https:\/\/blogs.deia.eus\/bogandoporlared\/wp-json\/wp\/v2\/tags?post=13673"}],"curies":[{"name":"wp","href":"https:\/\/api.w.org\/{rel}","templated":true}]}}