{"id":13877,"date":"2020-12-12T08:55:58","date_gmt":"2020-12-12T07:55:58","guid":{"rendered":"http:\/\/blogs.deia.eus\/bogandoporlared\/?p=13877"},"modified":"2020-12-11T18:58:13","modified_gmt":"2020-12-11T17:58:13","slug":"los-siempremalistas","status":"publish","type":"post","link":"https:\/\/blogs.deia.eus\/bogandoporlared\/2020\/12\/12\/los-siempremalistas\/","title":{"rendered":"Los \u00absiempremalistas\u00bb"},"content":{"rendered":"\n<figure class=\"wp-block-image\"><img loading=\"lazy\" decoding=\"async\" width=\"596\" height=\"304\" src=\"https:\/\/blogs.deia.eus\/bogandoporlared\/files\/2020\/12\/20201212_siempremalistas.jpg\" alt=\"\" class=\"wp-image-13878\" srcset=\"https:\/\/blogs.deia.eus\/bogandoporlared\/files\/2020\/12\/20201212_siempremalistas.jpg 596w, https:\/\/blogs.deia.eus\/bogandoporlared\/files\/2020\/12\/20201212_siempremalistas-580x296.jpg 580w\" sizes=\"auto, (max-width: 596px) 100vw, 596px\" \/><\/figure>\n\n\n\n<p>El t\u00e9rmino entrecomillado no es m\u00edo, sino del genial Javier Vizca\u00edno, y es perfectamente aplicable a aquellos que, como Arkaitz Rodr\u00edguez, siempre creen que todo est\u00e1 mal hecho: Bildu presion\u00f3 para que la hosteler\u00eda cerrase en primavera y el lehendakari mantuvo la actividad econ\u00f3mica. Mal. Cuando la pandemia aconsej\u00f3 el cierre de bares y restaurantes y Urkullu lo orden\u00f3, mal. Y ahora que se les permite abrir, por supuesto, para el l\u00edder de Sortu y unos cuantos m\u00e1s ubicados en las esquinas pol\u00edticas tambi\u00e9n est\u00e1 mal. Los \u201csiempremalistas\u201d creen que siempre ganan. Pero ganan mal.<\/p>\n\n\n\n<p><strong>Y los que de verdad est\u00e1n mal<\/strong><br><\/p>\n\n\n\n<p>La crisis sanitaria est\u00e1 siendo dura en lo colectivo y en lo personal (por eso llevo tan mal la existencia de quienes quieren beneficiarse de nuestro cansancio por su inter\u00e9s), y la econ\u00f3mica derivada tambi\u00e9n lo va a ser. Muchos ya lo sufren, con ERTE o despidos (y sin la ayuda de emergencia que prometi\u00f3 el gobierno espa\u00f1ol), pero hay quien incluso lo sufre m\u00e1s: la tragedia de Badalona que acab\u00f3 con tres vidas y 17 heridas y heridos (y pod\u00eda haber sido mucho peor ya que pod\u00edan vivir hasta 200 personas en la nave incendiada, seg\u00fan El Peri\u00f3dico) nos ha puesto tambi\u00e9n frente a un problema que no hemos querido ver.<\/p>\n\n\n\n<p><strong>\u00bfVuelve el velo?<\/strong><br><\/p>\n\n\n\n<p>La calidad democr\u00e1tica de Espa\u00f1a est\u00e1 ante su en\u00e9sima prueba de fuego (despu\u00e9s de quemarse en todas las anteriores, empezando por los presos pol\u00edticos catalanes que siguen en la c\u00e1rcel): la justicia puede seguir adelante con la causa contra Juan Carlos I ya que, seg\u00fan cuentan en InfoLibre, hab\u00eda sido avisado de la investigaci\u00f3n por lo que la regulaci\u00f3n voluntaria de parte de lo ocultado no le eximir\u00eda de la culpa\u2026 O puede volver a poner un velo sobre los asuntos reales, dar por buena esa regularizaci\u00f3n y cerrar en falso otro esc\u00e1ndalo de la jefatura de Estado espa\u00f1ola. Ellos deciden. Luego lo haremos nosotros.<\/p>\n\n\n\n<p><strong>Que no digan que no est\u00e1n enterados<\/strong><br><\/p>\n\n\n\n<p>Tan lejos de m\u00ed quiero a la monarqu\u00eda espa\u00f1ola como a los republicanos que gritan para ocultar lo que callan: varios digitales explican que el gobierno espa\u00f1ol estar\u00eda colaborando con la Casa Real para encontrar el mejor momento y la mejor manera de que Juan Carlos I regrese al suelo sobre el que rein\u00f3. \u201cHay clara sinton\u00eda entre la vicepresidenta primera, Carmen Calvo, y el jefe de la Casa del Rey, Jaime Alfons\u00edn\u201d, explican en Esdiario. Lo que lleva a la siguiente pregunta: \u00bfest\u00e1 enterado Iglesias y todo lo que dicen desde Podemos es pura pose o hay, de facto, dos gobiernos paralelos que se esconden para negociar?<\/p>\n\n\n\n<p><strong>\u00bfD\u00f3nde se va o de d\u00f3nde viene?<\/strong><br><\/p>\n\n\n\n<p>El modelo de Spotify tampoco es rentable: \u201cPuestos al robo, casi preferimos volver al cl\u00e1sico\u201d es una de las declaraciones que recopilan en El Confidencial en su extensa pieza sobre el modelo de negocio de la gran app de m\u00fasica. Grande\u2026 Pero poco rentable para la propia empresa (que invierte todo lo que tiene y lo que no para seguir creciendo) y para los m\u00fasicos que, adem\u00e1s, sufren otros perjuicios: m\u00e1s atenci\u00f3n a los m\u00e1s grandes que con el formato f\u00edsico y la certeza de que los usuarios ya no escuchamos discos enteros, solo singles. Pero la gran pregunta es: \u00bfestamos dispuestos a pagar m\u00e1s por mejorar todo esto?<\/p>\n<!-- AddThis Advanced Settings generic via filter on the_content --><!-- AddThis Share Buttons generic via filter on the_content -->","protected":false},"excerpt":{"rendered":"<p>El t\u00e9rmino entrecomillado no es m\u00edo, sino del genial Javier Vizca\u00edno, y es perfectamente aplicable a aquellos que, como Arkaitz Rodr\u00edguez, siempre creen que todo est\u00e1 mal hecho: Bildu presion\u00f3 para que la hosteler\u00eda cerrase en primavera y el lehendakari mantuvo la actividad econ\u00f3mica. Mal. Cuando la pandemia aconsej\u00f3 el cierre de bares y restaurantes &hellip; <a href=\"https:\/\/blogs.deia.eus\/bogandoporlared\/2020\/12\/12\/los-siempremalistas\/\" class=\"more-link\">Sigue leyendo <span class=\"screen-reader-text\">Los \u00absiempremalistas\u00bb<\/span><\/a><!-- AddThis Advanced Settings generic via filter on get_the_excerpt --><!-- AddThis Share Buttons generic via filter on get_the_excerpt --><\/p>\n","protected":false},"author":5,"featured_media":0,"comment_status":"closed","ping_status":"closed","sticky":false,"template":"","format":"standard","meta":{"footnotes":""},"categories":[48013],"tags":[95390,162895,143170,17735,53531,91281,48141,162896,456,35076,56883,283],"class_list":["post-13877","post","type-post","status-publish","format-standard","hentry","category-los-apuntes","tag-arkaitz-rodriguez","tag-badalona","tag-carmen-calvo","tag-el-confidencial","tag-el-periodico","tag-esdiario","tag-infolibre","tag-jaime-alfonsin","tag-javier-vizcaino","tag-juan-carlos-i","tag-spotify","tag-twitter"],"_links":{"self":[{"href":"https:\/\/blogs.deia.eus\/bogandoporlared\/wp-json\/wp\/v2\/posts\/13877","targetHints":{"allow":["GET"]}}],"collection":[{"href":"https:\/\/blogs.deia.eus\/bogandoporlared\/wp-json\/wp\/v2\/posts"}],"about":[{"href":"https:\/\/blogs.deia.eus\/bogandoporlared\/wp-json\/wp\/v2\/types\/post"}],"author":[{"embeddable":true,"href":"https:\/\/blogs.deia.eus\/bogandoporlared\/wp-json\/wp\/v2\/users\/5"}],"replies":[{"embeddable":true,"href":"https:\/\/blogs.deia.eus\/bogandoporlared\/wp-json\/wp\/v2\/comments?post=13877"}],"version-history":[{"count":1,"href":"https:\/\/blogs.deia.eus\/bogandoporlared\/wp-json\/wp\/v2\/posts\/13877\/revisions"}],"predecessor-version":[{"id":13879,"href":"https:\/\/blogs.deia.eus\/bogandoporlared\/wp-json\/wp\/v2\/posts\/13877\/revisions\/13879"}],"wp:attachment":[{"href":"https:\/\/blogs.deia.eus\/bogandoporlared\/wp-json\/wp\/v2\/media?parent=13877"}],"wp:term":[{"taxonomy":"category","embeddable":true,"href":"https:\/\/blogs.deia.eus\/bogandoporlared\/wp-json\/wp\/v2\/categories?post=13877"},{"taxonomy":"post_tag","embeddable":true,"href":"https:\/\/blogs.deia.eus\/bogandoporlared\/wp-json\/wp\/v2\/tags?post=13877"}],"curies":[{"name":"wp","href":"https:\/\/api.w.org\/{rel}","templated":true}]}}