{"id":15098,"date":"2022-02-17T08:21:00","date_gmt":"2022-02-17T07:21:00","guid":{"rendered":"https:\/\/blogs.deia.eus\/bogandoporlared\/?p=15098"},"modified":"2022-02-16T12:24:06","modified_gmt":"2022-02-16T11:24:06","slug":"tambien-es-verdad","status":"publish","type":"post","link":"https:\/\/blogs.deia.eus\/bogandoporlared\/2022\/02\/17\/tambien-es-verdad\/","title":{"rendered":"Tambi\u00e9n es verdad"},"content":{"rendered":"\n<figure class=\"wp-block-image size-full\"><a href=\"https:\/\/blogs.deia.eus\/bogandoporlared\/files\/2022\/02\/20220215_verdad.jpg\"><img loading=\"lazy\" decoding=\"async\" width=\"594\" height=\"604\" src=\"https:\/\/blogs.deia.eus\/bogandoporlared\/files\/2022\/02\/20220215_verdad.jpg\" alt=\"\" class=\"wp-image-15099\" srcset=\"https:\/\/blogs.deia.eus\/bogandoporlared\/files\/2022\/02\/20220215_verdad.jpg 594w, https:\/\/blogs.deia.eus\/bogandoporlared\/files\/2022\/02\/20220215_verdad-580x590.jpg 580w\" sizes=\"auto, (max-width: 594px) 100vw, 594px\" \/><\/a><\/figure>\n\n\n\n<p>La inflaci\u00f3n se dispara en Espa\u00f1a (y por extensi\u00f3n, en Euskadi) porque la electricidad ha subido un 46%, la gasolina, un 25%, y el diesel, un 23%, por no hablar del incremento que notamos cada d\u00eda en la cesta de la compra. Ante la colecci\u00f3n de evidencias, El Disputado tuiteaba: \u201cEn un gobierno de otro signo pol\u00edtico, tendr\u00edamos las calles incendiadas. Son acojonantes las tragaderas de algunos\u201d. Y tiene toda la raz\u00f3n: la capacidad para autojustificarse de una parte de la clase pol\u00edtica (esa que iba a representar a \u201cla gente\u201d) y la de sus votantes para justificar su reprobable inacci\u00f3n son innegables, tanto como poco recomendables.<\/p>\n\n\n\n<p><strong>No solo es el umbral<\/strong><\/p>\n\n\n\n<p>Con la inflaci\u00f3n disparada el aumento del salario m\u00ednimo es una acci\u00f3n necesaria pero insuficiente. Jordi Sevilla daba algunos datos en Twitter para confirmar intuiciones generalizas: \u201cEl problema no es que nuestro salario m\u00ednimo acabe de fijarse en 14.000\u20ac al a\u00f1o (Alemania: 19.452\u20ac). El problema es que un mill\u00f3n y medio de trabajadores cobren ese salario m\u00ednimo y, dos, que el salario medio no llega ni al doble: 24.400\u20ac (Alemania: 52.104)\u201d. En efecto: la cantidad de personas que cobran ese m\u00ednimo (o divisiones del mismo en funci\u00f3n de contratos por debajo de las ocho horas) y, en general, los sueldos tan bajos, son un problema estructural.<\/p>\n\n\n\n<p><strong>Pues tiene m\u00e9rito<\/strong><\/p>\n\n\n\n<p>Esto de Jorge Calero, sobre las elecciones en Castilla y L\u00e9on, tambi\u00e9n tiene su miga: \u201c\u00a1Tezanos lo consigui\u00f3! Todos los resultados est\u00e1n fuera de las horquillas que estim\u00f3 el CIS. Es como sacar 0 en una quiniela de 15. Una proeza. PP: 31 (horquilla 24-30). PSOE: 28 (horquilla 29-34). VOX: 13 (horquilla 8-9). Cs: 1 (horquilla 2-5). Unidas Podemos: 1 (horquilla 2-4)\u201d. Lo que nos lleva a preguntar, una vez m\u00e1s, si las predicciones del CIS buscan mostrar estimaciones reales o incentivar el sentido del voto. Lo m\u00e1s grave es que esta pregunta se ha convertido en la habitual, tanto como los errores de un CIS que pagamos entre todos.<\/p>\n\n\n\n<p><strong>Gente muy poco recomendable<\/strong><\/p>\n\n\n\n<p>\u00a1Qu\u00e9 barbaridades habr\u00e1n escrito, incentivados e incentivadas por la estrategia del partido en redes sociales, los representantes de Vox que han decidido borrar su cuenta en Twitter o todos sus tuits despu\u00e9s de haber sido elegidos para el parlamento de Castilla y Le\u00f3n! La p\u00e9rdida de esos mensajes es una aut\u00e9ntica l\u00e1stima porque, bas\u00e1ndonos en lo que le cazaron al cabeza de lista, podr\u00edamos elaborar una gran galer\u00eda de la xenofobia, homofobia y fascismo del m\u00e1s b\u00e1sico: odio al que piensa diferente. Borr\u00f3n y cuenta nueva, literalmente, para varios de los compa\u00f1eros de Juan Garc\u00eda-Gallardo, que son conscientes de que lo que piensan les perjudica.<\/p>\n\n\n\n<p><strong>\u00bfPor qu\u00e9 siguen invirtiendo?<\/strong><\/p>\n\n\n\n<p>No discuto las bondades de la tecnolog\u00eda NFT, que permite el acceso exclusivo a archivos para generar propiedad sobre ellos, pero creo que tampoco es discutible que este mercado inflado por quienes se quedaron fuera de la \u00e9poca buena de la especulaci\u00f3n con criptomonedas, hoy es inseguro, cuando menos. Las estafas con copias vendidas varias veces o plagios impiden que el modelo de negocio de arte digital (que est\u00e1 muy bien) se desarrolle con normalidad. Negar esa evidencia, igual que negar que se trata de especulaci\u00f3n, no hace bien a nadie, ni siquiera a quienes generan obras originales y quienes las venden.<\/p>\n<!-- AddThis Advanced Settings generic via filter on the_content --><!-- AddThis Share Buttons generic via filter on the_content -->","protected":false},"excerpt":{"rendered":"<p>La inflaci\u00f3n se dispara en Espa\u00f1a (y por extensi\u00f3n, en Euskadi) porque la electricidad ha subido un 46%, la gasolina, un 25%, y el diesel, un 23%, por no hablar del incremento que notamos cada d\u00eda en la cesta de la compra. Ante la colecci\u00f3n de evidencias, El Disputado tuiteaba: \u201cEn un gobierno de otro &hellip; <a href=\"https:\/\/blogs.deia.eus\/bogandoporlared\/2022\/02\/17\/tambien-es-verdad\/\" class=\"more-link\">Sigue leyendo <span class=\"screen-reader-text\">Tambi\u00e9n es verdad<\/span><\/a><!-- AddThis Advanced Settings generic via filter on get_the_excerpt --><!-- AddThis Share Buttons generic via filter on get_the_excerpt --><\/p>\n","protected":false},"author":5,"featured_media":0,"comment_status":"closed","ping_status":"closed","sticky":false,"template":"","format":"standard","meta":{"footnotes":""},"categories":[48013],"tags":[70462,167807,416,17756,167808,148691,167809,167781,283],"class_list":["post-15098","post","type-post","status-publish","format-standard","hentry","category-los-apuntes","tag-cis","tag-el-disputado","tag-el-pais","tag-jordi-sevilla","tag-jorge-calero","tag-jose-felix-tezanos","tag-juan-garcia-gallardo","tag-nft","tag-twitter"],"_links":{"self":[{"href":"https:\/\/blogs.deia.eus\/bogandoporlared\/wp-json\/wp\/v2\/posts\/15098","targetHints":{"allow":["GET"]}}],"collection":[{"href":"https:\/\/blogs.deia.eus\/bogandoporlared\/wp-json\/wp\/v2\/posts"}],"about":[{"href":"https:\/\/blogs.deia.eus\/bogandoporlared\/wp-json\/wp\/v2\/types\/post"}],"author":[{"embeddable":true,"href":"https:\/\/blogs.deia.eus\/bogandoporlared\/wp-json\/wp\/v2\/users\/5"}],"replies":[{"embeddable":true,"href":"https:\/\/blogs.deia.eus\/bogandoporlared\/wp-json\/wp\/v2\/comments?post=15098"}],"version-history":[{"count":1,"href":"https:\/\/blogs.deia.eus\/bogandoporlared\/wp-json\/wp\/v2\/posts\/15098\/revisions"}],"predecessor-version":[{"id":15100,"href":"https:\/\/blogs.deia.eus\/bogandoporlared\/wp-json\/wp\/v2\/posts\/15098\/revisions\/15100"}],"wp:attachment":[{"href":"https:\/\/blogs.deia.eus\/bogandoporlared\/wp-json\/wp\/v2\/media?parent=15098"}],"wp:term":[{"taxonomy":"category","embeddable":true,"href":"https:\/\/blogs.deia.eus\/bogandoporlared\/wp-json\/wp\/v2\/categories?post=15098"},{"taxonomy":"post_tag","embeddable":true,"href":"https:\/\/blogs.deia.eus\/bogandoporlared\/wp-json\/wp\/v2\/tags?post=15098"}],"curies":[{"name":"wp","href":"https:\/\/api.w.org\/{rel}","templated":true}]}}