{"id":15429,"date":"2022-06-05T08:52:00","date_gmt":"2022-06-05T07:52:00","guid":{"rendered":"https:\/\/blogs.deia.eus\/bogandoporlared\/?p=15429"},"modified":"2022-11-24T12:14:08","modified_gmt":"2022-11-24T11:14:08","slug":"y-cual-es-la-alternativa","status":"publish","type":"post","link":"https:\/\/blogs.deia.eus\/bogandoporlared\/2022\/06\/05\/y-cual-es-la-alternativa\/","title":{"rendered":"\u00bfY cu\u00e1l es la alternativa?"},"content":{"rendered":"\n<figure class=\"wp-block-image size-large\"><a href=\"https:\/\/blogs.deia.eus\/bogandoporlared\/files\/2022\/06\/20220605_alternativa.jpg\"><img loading=\"lazy\" decoding=\"async\" width=\"940\" height=\"459\" src=\"https:\/\/blogs.deia.eus\/bogandoporlared\/files\/2022\/06\/20220605_alternativa-940x459.jpg\" alt=\"\" class=\"wp-image-15430\" srcset=\"https:\/\/blogs.deia.eus\/bogandoporlared\/files\/2022\/06\/20220605_alternativa-940x459.jpg 940w, https:\/\/blogs.deia.eus\/bogandoporlared\/files\/2022\/06\/20220605_alternativa-580x283.jpg 580w, https:\/\/blogs.deia.eus\/bogandoporlared\/files\/2022\/06\/20220605_alternativa-768x375.jpg 768w, https:\/\/blogs.deia.eus\/bogandoporlared\/files\/2022\/06\/20220605_alternativa-1536x750.jpg 1536w, https:\/\/blogs.deia.eus\/bogandoporlared\/files\/2022\/06\/20220605_alternativa.jpg 1920w\" sizes=\"auto, (max-width: 940px) 100vw, 940px\" \/><\/a><\/figure>\n\n\n\n<p>Estoy de acuerdo con el que fue jefe de la Casa Real Espa\u00f1ola, Rafael Spottorno: \u201cFelipe VI corre el riesgo de caer en la irrelevancia si mantiene el perfil que por ahora ha marcado su reinado\u201d (Rep\u00fablica.com). Lo que me preocupa es la alternativa: \u00bfc\u00f3mo tiene que actuar el jefe de Estado para marcar un perfil propio? \u00bfComo hizo despu\u00e9s del 1 de Octubre catal\u00e1n, se\u00f1alando a una parte de la ciudadan\u00eda? \u00bfComo hizo su padre, que destac\u00f3 como rey designado por Franco y lo sigue haciendo ahora como Em\u00e9rito? Lo que est\u00e1 claro es que el cr\u00e9dito de la Casa Real est\u00e1 agotado y solo sobrevive porque el modelo de negocio funciona. \u00bfHasta cu\u00e1ndo?<\/p>\n\n\n\n<p><strong>\u201cUna izquierda desmovilizada\u201d<\/strong><\/p>\n\n\n\n<p>Presiento que a Yolanda D\u00edaz no le volver\u00e1 a pasar, que no volver\u00e1 a dejar documentos elocuentes a la vista otra vez. Pero ye le han cazado, y realmente lo que han cazado las y los fot\u00f3grafos es la constataci\u00f3n de que en el gobierno espa\u00f1ol han puesto por escrito y est\u00e1n preocupados por la desmovilizaci\u00f3n de la izquierda en Andaluc\u00eda, lo que deja un camino casi llano y liso al PP de la mano de Vox. Una desmovilizaci\u00f3n que ya vimos en las elecciones de Castilla y Le\u00f3n (y que hemos visto esta misma semana en el Focus de EITB), y que deja en muy mal lugar al que se presenta como el gobierno m\u00e1s progresista de la historia de Espa\u00f1a.<\/p>\n\n\n\n<p><strong>De nuevo, Elon Musk<\/strong><\/p>\n\n\n\n<p>Lleva unos a\u00f1os gloriosos <a href=\"https:\/\/blogs.deia.eus\/bogandoporlared\/tag\/elon-musk\/\" target=\"_blank\" rel=\"noreferrer noopener\">Elon Musk<\/a>, regal\u00e1ndonos declaraciones, decisiones e im\u00e1genes que tendr\u00edan que hacer que se sonrojasen quienes le han defendido todo este tiempo present\u00e1ndonoslo como una especie de salvador subido en un Tesla. Pero con las v\u00edctimas de Nuevo M\u00e9xico y Oklahoma tan recientes, posicionarse a favor de llevar armas no solo es una temeridad incomprensible, es un autorretrato inapelable. Es \u00e9l, es Elon Musk el que se est\u00e1 cargando su propia reputaci\u00f3n, pero, \u00bfqu\u00e9 m\u00e1s le da? Es la persona m\u00e1s rica del planeta pese a sus planteamientos ultraconservadores y latigueros. O precisamente por ellos.<\/p>\n\n\n\n<p><strong>Yo s\u00ed vi la final<\/strong><\/p>\n\n\n\n<p>Estoy seguro de que a Carmelo Garitaonandia no le parecer\u00e1 mal (de hecho, \u00e9l sabe perfectamente que siempre he sido un poco hooligan) que yo s\u00ed viera la final de la Champions League. Porque su art\u00edculo no va de opiniones, sino de cifras, y algunas de ellas son muy interesantes: fue el segmento de 13 a 24 a\u00f1os el m\u00e1s interesado en el partido (un 76,6% lo vio), alejando las ideas de que el f\u00fatbol no interesa a la gente joven o que esta no ve la televisi\u00f3n. Euskadi y Catalunya fueron las comunidades donde menos lo seguimos, por cierto. El texto del catedr\u00e1tico tambi\u00e9n analiza la emisi\u00f3n de Eurovision (que yo tampoco vi).<\/p>\n\n\n\n<p><strong>Alguien tiene que traducirlo<\/strong><\/p>\n\n\n\n<p>La condena a un youtuber por la que este no podr\u00e1 subir contenidos a la plataforma deja claro, primero, que hubo un youtuber capaz de dar galletas rellenas con pasta de dientes a un indigente solo porque lo era y para grabarlo y publicarlo en su canal. Esa es la sociedad que estamos creando, s\u00ed. Y deja claro, tambi\u00e9n, que las y los jueces, fiscales y algunos abogados o abogadas, necesitan un traductor para temas tecnol\u00f3gicos: si la condena no incluye Instagram o Twitch (y no parece que lo haga), es rid\u00edcula salvo por la indemnizaci\u00f3n a la que tambi\u00e9n condena al youtuber. Pero pongamos el foco en lo importante: lo que genera ingresos.<\/p>\n<!-- AddThis Advanced Settings generic via filter on the_content --><!-- AddThis Share Buttons generic via filter on the_content -->","protected":false},"excerpt":{"rendered":"<p>Estoy de acuerdo con el que fue jefe de la Casa Real Espa\u00f1ola, Rafael Spottorno: \u201cFelipe VI corre el riesgo de caer en la irrelevancia si mantiene el perfil que por ahora ha marcado su reinado\u201d (Rep\u00fablica.com). Lo que me preocupa es la alternativa: \u00bfc\u00f3mo tiene que actuar el jefe de Estado para marcar un &hellip; <a href=\"https:\/\/blogs.deia.eus\/bogandoporlared\/2022\/06\/05\/y-cual-es-la-alternativa\/\" class=\"more-link\">Sigue leyendo <span class=\"screen-reader-text\">\u00bfY cu\u00e1l es la alternativa?<\/span><\/a><!-- AddThis Advanced Settings generic via filter on get_the_excerpt --><!-- AddThis Share Buttons generic via filter on get_the_excerpt --><\/p>\n","protected":false},"author":5,"featured_media":0,"comment_status":"closed","ping_status":"closed","sticky":false,"template":"","format":"standard","meta":{"footnotes":""},"categories":[48013],"tags":[169632,36186,56926,112397,4988,391,161735,370],"class_list":["post-15429","post","type-post","status-publish","format-standard","hentry","category-los-apuntes","tag-carmelo-garitaonandia","tag-elon-musk","tag-felipe-vi","tag-rafael-spottorno","tag-real-madrid","tag-republica","tag-yolanda-diaz","tag-youtube"],"_links":{"self":[{"href":"https:\/\/blogs.deia.eus\/bogandoporlared\/wp-json\/wp\/v2\/posts\/15429","targetHints":{"allow":["GET"]}}],"collection":[{"href":"https:\/\/blogs.deia.eus\/bogandoporlared\/wp-json\/wp\/v2\/posts"}],"about":[{"href":"https:\/\/blogs.deia.eus\/bogandoporlared\/wp-json\/wp\/v2\/types\/post"}],"author":[{"embeddable":true,"href":"https:\/\/blogs.deia.eus\/bogandoporlared\/wp-json\/wp\/v2\/users\/5"}],"replies":[{"embeddable":true,"href":"https:\/\/blogs.deia.eus\/bogandoporlared\/wp-json\/wp\/v2\/comments?post=15429"}],"version-history":[{"count":1,"href":"https:\/\/blogs.deia.eus\/bogandoporlared\/wp-json\/wp\/v2\/posts\/15429\/revisions"}],"predecessor-version":[{"id":15431,"href":"https:\/\/blogs.deia.eus\/bogandoporlared\/wp-json\/wp\/v2\/posts\/15429\/revisions\/15431"}],"wp:attachment":[{"href":"https:\/\/blogs.deia.eus\/bogandoporlared\/wp-json\/wp\/v2\/media?parent=15429"}],"wp:term":[{"taxonomy":"category","embeddable":true,"href":"https:\/\/blogs.deia.eus\/bogandoporlared\/wp-json\/wp\/v2\/categories?post=15429"},{"taxonomy":"post_tag","embeddable":true,"href":"https:\/\/blogs.deia.eus\/bogandoporlared\/wp-json\/wp\/v2\/tags?post=15429"}],"curies":[{"name":"wp","href":"https:\/\/api.w.org\/{rel}","templated":true}]}}