{"id":15779,"date":"2022-10-06T09:28:51","date_gmt":"2022-10-06T08:28:51","guid":{"rendered":"https:\/\/blogs.deia.eus\/bogandoporlared\/?p=15779"},"modified":"2022-10-06T09:28:53","modified_gmt":"2022-10-06T08:28:53","slug":"un-dia-mas-elon-musk","status":"publish","type":"post","link":"https:\/\/blogs.deia.eus\/bogandoporlared\/2022\/10\/06\/un-dia-mas-elon-musk\/","title":{"rendered":"Un d\u00eda m\u00e1s, Elon Musk"},"content":{"rendered":"\n<figure class=\"wp-block-image size-large\"><a href=\"https:\/\/blogs.deia.eus\/bogandoporlared\/files\/2022\/10\/20221006_musk.jpg\"><img loading=\"lazy\" decoding=\"async\" width=\"940\" height=\"459\" src=\"https:\/\/blogs.deia.eus\/bogandoporlared\/files\/2022\/10\/20221006_musk-940x459.jpg\" alt=\"\" class=\"wp-image-15780\" srcset=\"https:\/\/blogs.deia.eus\/bogandoporlared\/files\/2022\/10\/20221006_musk-940x459.jpg 940w, https:\/\/blogs.deia.eus\/bogandoporlared\/files\/2022\/10\/20221006_musk-580x283.jpg 580w, https:\/\/blogs.deia.eus\/bogandoporlared\/files\/2022\/10\/20221006_musk-768x375.jpg 768w, https:\/\/blogs.deia.eus\/bogandoporlared\/files\/2022\/10\/20221006_musk-1536x750.jpg 1536w, https:\/\/blogs.deia.eus\/bogandoporlared\/files\/2022\/10\/20221006_musk.jpg 1920w\" sizes=\"auto, (max-width: 940px) 100vw, 940px\" \/><\/a><\/figure>\n\n\n\n<p>Los ultrarricos son el c\u00e1ncer de nuestra civilizaci\u00f3n. Un c\u00e1ncer con met\u00e1stasis. Ah\u00ed donde hay un ultrarrico hay un problema, hay un ente que devora todo lo que tiene alrededor, que desgasta, desequilibra y fagocita. Es nuestro deber como sociedad acabar con los ultrarricos. Y tenemos que ponernos a ello. Es infame que estemos hablando de una transacci\u00f3n de 44.000 millones por una herramienta con un modelo de negocio que no acaba de levantar el vuelo y que tiene a quienes financiaron la falta de rentabilidad como locos para cazar su millonada. Personajes como Elon Musk son t\u00f3xicos. Ojal\u00e1 Twitter sea una ruina.<\/p>\n\n\n\n<p><strong>Otro ejemplo<\/strong><\/p>\n\n\n\n<p>Quien defiende al Kremlin y justifica la invasi\u00f3n rusa sobre Ucrania est\u00e1 haciendo un favor a los oligarcas que est\u00e1n podridos de millones. Pero no lo hacen mejor los estados que han engordado sus fortunas y que ahora buscan los abrazos de emires o sultanes, s\u00e1trapas como Putin, en \u00faltima instancia. Uno de ellos, antes de esta urgencia occidental, ya ten\u00eda \u201cm\u00e1s de 600 Rolls-Royce, 574 Mercedes-Benz, 452 Ferrari, 382 Bentley, 209 BMW, 179 Jaguar y un largo etc\u00e9tera. No estamos hablando de una feria internacional de coches, sino de parte de la colecci\u00f3n de una sola persona: el Sult\u00e1n de Brunei\u201d (Magnet).<\/p>\n\n\n\n<p><strong>Cosas de ricos<\/strong><\/p>\n\n\n\n<p>A los ricos hay que desgastarlos. Es nuestro deber. Si Musk se gasta 44.000 millones en Twitter nuestra obligaci\u00f3n es hacer que la herramienta pierda valor. Si Tamara Falc\u00f3 es el icono de la familia tradicional y el rechazo a las parejas del mismo sexo (homofobia de libro), nuestro deber es cambiar de canal cuando salga en televisi\u00f3n para que en El Hormiguero no le paguen miles de euros por cada aparici\u00f3n. Si podemos fre\u00edrles a impuestos tenemos que exigir a quien escribe las leyes que lo haga, y si no lo hacen, echar a quien decide mantener un \u201c20 a\u00f1os de \u2018dumping\u2019 fiscal de Madrid a costa de los servicios p\u00fablicos\u201d, como denuncian en El Diario.<\/p>\n\n\n\n<p><strong>La desafecci\u00f3n es el caballo de Troya<\/strong><\/p>\n\n\n\n<p>La impunidad con la que los ultrarricos han campado a sus anchas por Rusia, Brunei, EE.UU. y Europa tiene que acabar. Y para que termine tenemos que implicarnos todos en elegir a representantes que no tengan piedad con los poseedores de las grandes fortunas, y en no consumir lo que les siga generando beneficios. La desafecci\u00f3n, la indolencia, es el caballo de Troya que tenemos dentro de nosotros mismos y que beneficia a esos millonarios sin escr\u00fapulos (he escrito en masculino casi todo el tiempo porque son m\u00e1s hombres que mujeres) y a pol\u00edticos y pol\u00edticas de extrema derecha con los que estar\u00e1n muy tranquilos.<\/p>\n\n\n\n<p><strong>\u00a1De buena nos libramos!<\/strong><\/p>\n\n\n\n<p>Los ultrarricos son el enemigo, pero quienes quieren enriquecerse sin rubor y a la vista de todos tampoco merecen un \u00e1pice de nuestra comprensi\u00f3n. Por eso resulta inconcebible que la justicia d\u00e9 la raz\u00f3n a Rubiales, que ha recurrido \u201ca los tribunales para que el contrato de la Eurocopa siga siendo secreto\u201d (El Independiente). La Federaci\u00f3n no quiere dar ninguna explicaci\u00f3n sobre la explotaci\u00f3n de La Cartuja (un estadio construido y reformado con dinero p\u00fablico) para su beneficio y el de la UEFA. \u00a1De buena nos libramos gracias a la rigidez del Gobierno Vasco con los protocolos anticovid que impidieron la celebraci\u00f3n de la Eurocopa en San Mam\u00e9s!<\/p>\n<!-- AddThis Advanced Settings generic via filter on the_content --><!-- AddThis Share Buttons generic via filter on the_content -->","protected":false},"excerpt":{"rendered":"<p>Los ultrarricos son el c\u00e1ncer de nuestra civilizaci\u00f3n. Un c\u00e1ncer con met\u00e1stasis. Ah\u00ed donde hay un ultrarrico hay un problema, hay un ente que devora todo lo que tiene alrededor, que desgasta, desequilibra y fagocita. Es nuestro deber como sociedad acabar con los ultrarricos. Y tenemos que ponernos a ello. Es infame que estemos hablando &hellip; <a href=\"https:\/\/blogs.deia.eus\/bogandoporlared\/2022\/10\/06\/un-dia-mas-elon-musk\/\" class=\"more-link\">Sigue leyendo <span class=\"screen-reader-text\">Un d\u00eda m\u00e1s, Elon Musk<\/span><\/a><!-- AddThis Advanced Settings generic via filter on get_the_excerpt --><!-- AddThis Share Buttons generic via filter on get_the_excerpt --><\/p>\n","protected":false},"author":5,"featured_media":0,"comment_status":"closed","ping_status":"closed","sticky":false,"template":"","format":"standard","meta":{"footnotes":""},"categories":[48013],"tags":[169830,50774,93253,165988,36186,166108,10813,138036,70527,169831,283],"class_list":["post-15779","post","type-post","status-publish","format-standard","hentry","category-los-apuntes","tag-brunei","tag-el-diario","tag-el-independiente","tag-el-periodico-de-espana","tag-elon-musk","tag-epe","tag-eurocopa","tag-luis-rubiales","tag-magnet","tag-muda-hassanal-bolkiah","tag-twitter"],"_links":{"self":[{"href":"https:\/\/blogs.deia.eus\/bogandoporlared\/wp-json\/wp\/v2\/posts\/15779","targetHints":{"allow":["GET"]}}],"collection":[{"href":"https:\/\/blogs.deia.eus\/bogandoporlared\/wp-json\/wp\/v2\/posts"}],"about":[{"href":"https:\/\/blogs.deia.eus\/bogandoporlared\/wp-json\/wp\/v2\/types\/post"}],"author":[{"embeddable":true,"href":"https:\/\/blogs.deia.eus\/bogandoporlared\/wp-json\/wp\/v2\/users\/5"}],"replies":[{"embeddable":true,"href":"https:\/\/blogs.deia.eus\/bogandoporlared\/wp-json\/wp\/v2\/comments?post=15779"}],"version-history":[{"count":1,"href":"https:\/\/blogs.deia.eus\/bogandoporlared\/wp-json\/wp\/v2\/posts\/15779\/revisions"}],"predecessor-version":[{"id":15781,"href":"https:\/\/blogs.deia.eus\/bogandoporlared\/wp-json\/wp\/v2\/posts\/15779\/revisions\/15781"}],"wp:attachment":[{"href":"https:\/\/blogs.deia.eus\/bogandoporlared\/wp-json\/wp\/v2\/media?parent=15779"}],"wp:term":[{"taxonomy":"category","embeddable":true,"href":"https:\/\/blogs.deia.eus\/bogandoporlared\/wp-json\/wp\/v2\/categories?post=15779"},{"taxonomy":"post_tag","embeddable":true,"href":"https:\/\/blogs.deia.eus\/bogandoporlared\/wp-json\/wp\/v2\/tags?post=15779"}],"curies":[{"name":"wp","href":"https:\/\/api.w.org\/{rel}","templated":true}]}}