{"id":15895,"date":"2022-11-11T08:49:00","date_gmt":"2022-11-11T07:49:00","guid":{"rendered":"https:\/\/blogs.deia.eus\/bogandoporlared\/?p=15895"},"modified":"2022-11-10T12:52:07","modified_gmt":"2022-11-10T11:52:07","slug":"el-problema-no-es-solo-sanchez","status":"publish","type":"post","link":"https:\/\/blogs.deia.eus\/bogandoporlared\/2022\/11\/11\/el-problema-no-es-solo-sanchez\/","title":{"rendered":"<strong>El problema no es solo S\u00e1nchez<\/strong>"},"content":{"rendered":"\n<figure class=\"wp-block-image size-large\"><a href=\"https:\/\/blogs.deia.eus\/bogandoporlared\/files\/2022\/11\/20221111_sanchez.jpg\"><img loading=\"lazy\" decoding=\"async\" width=\"940\" height=\"459\" src=\"https:\/\/blogs.deia.eus\/bogandoporlared\/files\/2022\/11\/20221111_sanchez-940x459.jpg\" alt=\"\" class=\"wp-image-15896\" srcset=\"https:\/\/blogs.deia.eus\/bogandoporlared\/files\/2022\/11\/20221111_sanchez-940x459.jpg 940w, https:\/\/blogs.deia.eus\/bogandoporlared\/files\/2022\/11\/20221111_sanchez-580x283.jpg 580w, https:\/\/blogs.deia.eus\/bogandoporlared\/files\/2022\/11\/20221111_sanchez-768x375.jpg 768w, https:\/\/blogs.deia.eus\/bogandoporlared\/files\/2022\/11\/20221111_sanchez-1536x750.jpg 1536w, https:\/\/blogs.deia.eus\/bogandoporlared\/files\/2022\/11\/20221111_sanchez.jpg 1920w\" sizes=\"auto, (max-width: 940px) 100vw, 940px\" \/><\/a><\/figure>\n\n\n\n<p>\u201cPedro S\u00e1nchez moviliza un Airbus y el Falcon para asistir a la Cumbre del Clima en Egipto\u201d, titulan en Vozp\u00f3puli, se\u00f1alando la contradicci\u00f3n del presidente espa\u00f1ol (desde hace un tiempo el digital va escorado por estribor). Pero realmente el problema no es S\u00e1nchez, o no es solo S\u00e1nchez. M\u00e1s all\u00e1 de que Coca-Cola patrocin\u00e9 el evento y genere los residuos que tiene que generar la compa\u00f1\u00eda con la bebida m\u00e1s vendida del mundo, yo lo de que sea presencial y vayan s\u00e9quitos es lo que menos entiendo despu\u00e9s de que hasta en la oficina m\u00e1s humilde hayamos usado Zoom para hacer videorreuniones y hayamos sacado proyectos.<\/p>\n\n\n\n<p><strong>Lo que sea, menos facha<\/strong><\/p>\n\n\n\n<p>Entre un facha y un neoliberal, un neoliberal. Entre un facha y un tonto, un tonto. Lo que sea, menos un facha. As\u00ed que a Ron DeSantis lo \u00fanico que le pido es que no sea facha (los lazos de Trump con la extrema derecha estadounidense est\u00e1n documentados, aunque intentara alejarse del supremacismo despu\u00e9s de algunos asesinatos). Veremos qu\u00e9 perfil tiene el designado como alternativa \u201croja\u201d al expresidente, pero en un partido republicano echado al monte no espero menos que un ultraconservador cat\u00f3lico en lo moral, y un neoliberal extremo en lo econ\u00f3mico. Y a\u00fan con eso ser\u00eda preferible a quien ha arropado a Abascal.<\/p>\n\n\n\n<p><strong>Ay, las encuestas<\/strong><\/p>\n\n\n\n<p>An\u00e1lisis y encuestas daban como claro vencedor al partido republicano en las \u201cMidterm Elections\u201d. Tanto hincharon el globo que, ahora, su victoria no lo parece. All\u00e1 ellos. En Espa\u00f1a, las encuestas y los an\u00e1lisis tambi\u00e9n animan a la derecha y la extrema derecha, incluso aunque pierdan fuelle: \u201cEl descenso del Partido Popular no impide que Feij\u00f3o siga al frente de las encuestas\u201d, aseguran en The Objective. En El Nacional, donde andan un poco mejor de decencia, recuerdan que los de la gaviota por s\u00ed mismos no llegan muy lejos: \u201cEl PP ganar\u00eda las elecciones, pero ni con Vox llegar\u00eda a la mayor\u00eda absoluta\u201d.<\/p>\n\n\n\n<p><strong>Ahora, las propiedades<\/strong><\/p>\n\n\n\n<p>Yo lo intento, lo juro, pero no consigo dejar de hablar de fascistas de diferente gradaci\u00f3n. Supongo que lo que pasa es que hay muchos. Demasiados, en cualquier caso. Otra vez esta semana toca hablar de Gonzalo Queipo de Llano: despu\u00e9s de haber sacado su cuerpo de un lugar de privilegio en una bas\u00edlica de Sevilla, el siguiente paso l\u00f3gico ser\u00eda que sus herederos devuelvan lo robado: \u201cAsociaciones memor\u00edsticas plantean dudas sobre la legitimidad de las propiedades de la familia del genocida; tanto de su cortijo, como del marquesado que ostenta uno de sus nietos y de la fundaci\u00f3n que lleva su nombre\u201d, leemos en Informalia.<\/p>\n\n\n\n<p><strong>El arte no tiene la culpa<\/strong><\/p>\n\n\n\n<p>Ya s\u00e9 que suena hueco, innecesario, evidente, de Perogrullo, pero a\u00fan as\u00ed las y los activistas contra el cambio clim\u00e1tico siguen atacando obras de arte para llamar la atenci\u00f3n sobre un problema en el que en cada peri\u00f3dico hay noticias a diario. Obras de arte que no contaminan porque no se mueven y que no llaman (salvo en algunos casos) a los turistas a visitarlas por s\u00ed solas (con la consiguiente contaminaci\u00f3n). \u00bfPor qu\u00e9 no atacan elementos que s\u00ed contaminan, directa o indirectamente? Si esa es la pregunta que nos hacemos todos, en vez de c\u00f3mo hemos llegado a este desastre clim\u00e1tico, evidentemente, la campa\u00f1a est\u00e1 mal planteada.<\/p>\n<!-- AddThis Advanced Settings generic via filter on the_content --><!-- AddThis Share Buttons generic via filter on the_content -->","protected":false},"excerpt":{"rendered":"<p>\u201cPedro S\u00e1nchez moviliza un Airbus y el Falcon para asistir a la Cumbre del Clima en Egipto\u201d, titulan en Vozp\u00f3puli, se\u00f1alando la contradicci\u00f3n del presidente espa\u00f1ol (desde hace un tiempo el digital va escorado por estribor). Pero realmente el problema no es S\u00e1nchez, o no es solo S\u00e1nchez. M\u00e1s all\u00e1 de que Coca-Cola patrocin\u00e9 el &hellip; <a href=\"https:\/\/blogs.deia.eus\/bogandoporlared\/2022\/11\/11\/el-problema-no-es-solo-sanchez\/\" class=\"more-link\">Sigue leyendo <span class=\"screen-reader-text\"><strong>El problema no es solo S\u00e1nchez<\/strong><\/span><\/a><!-- AddThis Advanced Settings generic via filter on get_the_excerpt --><!-- AddThis Share Buttons generic via filter on get_the_excerpt --><\/p>\n","protected":false},"author":5,"featured_media":0,"comment_status":"closed","ping_status":"closed","sticky":false,"template":"","format":"standard","meta":{"footnotes":""},"categories":[48013],"tags":[60264,73529,61321,169875,169886,53649,169885,162985,5627],"class_list":["post-15895","post","type-post","status-publish","format-standard","hentry","category-los-apuntes","tag-alberto-nunez-feijoo","tag-donald-trump","tag-el-nacional","tag-gonzalo-queipo-de-llano","tag-informalia","tag-pedro-sanchez","tag-ron-desantis","tag-the-objective","tag-vozpopuli"],"_links":{"self":[{"href":"https:\/\/blogs.deia.eus\/bogandoporlared\/wp-json\/wp\/v2\/posts\/15895","targetHints":{"allow":["GET"]}}],"collection":[{"href":"https:\/\/blogs.deia.eus\/bogandoporlared\/wp-json\/wp\/v2\/posts"}],"about":[{"href":"https:\/\/blogs.deia.eus\/bogandoporlared\/wp-json\/wp\/v2\/types\/post"}],"author":[{"embeddable":true,"href":"https:\/\/blogs.deia.eus\/bogandoporlared\/wp-json\/wp\/v2\/users\/5"}],"replies":[{"embeddable":true,"href":"https:\/\/blogs.deia.eus\/bogandoporlared\/wp-json\/wp\/v2\/comments?post=15895"}],"version-history":[{"count":1,"href":"https:\/\/blogs.deia.eus\/bogandoporlared\/wp-json\/wp\/v2\/posts\/15895\/revisions"}],"predecessor-version":[{"id":15897,"href":"https:\/\/blogs.deia.eus\/bogandoporlared\/wp-json\/wp\/v2\/posts\/15895\/revisions\/15897"}],"wp:attachment":[{"href":"https:\/\/blogs.deia.eus\/bogandoporlared\/wp-json\/wp\/v2\/media?parent=15895"}],"wp:term":[{"taxonomy":"category","embeddable":true,"href":"https:\/\/blogs.deia.eus\/bogandoporlared\/wp-json\/wp\/v2\/categories?post=15895"},{"taxonomy":"post_tag","embeddable":true,"href":"https:\/\/blogs.deia.eus\/bogandoporlared\/wp-json\/wp\/v2\/tags?post=15895"}],"curies":[{"name":"wp","href":"https:\/\/api.w.org\/{rel}","templated":true}]}}