{"id":16239,"date":"2023-02-24T15:19:04","date_gmt":"2023-02-24T14:19:04","guid":{"rendered":"https:\/\/blogs.deia.eus\/bogandoporlared\/?p=16239"},"modified":"2023-02-24T15:19:06","modified_gmt":"2023-02-24T14:19:06","slug":"en-una-ofrenda-cualquiera","status":"publish","type":"post","link":"https:\/\/blogs.deia.eus\/bogandoporlared\/2023\/02\/24\/en-una-ofrenda-cualquiera\/","title":{"rendered":"<strong>En una ofrenda cualquiera<\/strong>"},"content":{"rendered":"\n<figure class=\"wp-block-image size-full\"><a href=\"https:\/\/blogs.deia.eus\/bogandoporlared\/files\/2023\/02\/20230223_ofrenda.jpg\"><img loading=\"lazy\" decoding=\"async\" width=\"600\" height=\"622\" src=\"https:\/\/blogs.deia.eus\/bogandoporlared\/files\/2023\/02\/20230223_ofrenda.jpg\" alt=\"\" class=\"wp-image-16240\" srcset=\"https:\/\/blogs.deia.eus\/bogandoporlared\/files\/2023\/02\/20230223_ofrenda.jpg 600w, https:\/\/blogs.deia.eus\/bogandoporlared\/files\/2023\/02\/20230223_ofrenda-580x601.jpg 580w\" sizes=\"auto, (max-width: 600px) 100vw, 600px\" \/><\/a><\/figure>\n\n\n\n<p>Representantes de Bildu tuvieron a bien el pasado mi\u00e9rcoles participar \u201cen la ofrenda floral organizada por la Fundacion Buesa en el monolito de Gasteiz\u201d. Y hasta ah\u00ed podemos leer. Las fotos y el sucinto tuit las publicaron en la cuenta del partido en la capital de la CAV. Hasta ah\u00ed pueden llegar. Y por supuesto, la ofrenda tendr\u00eda que ver con algo pero no dijeron con qu\u00e9. Mencionar a Fernando Buesa o Jorge D\u00edez y, por supuesto, mencionar a ETA es necesario. Omitirlo es otro acto de cobard\u00eda. Y esto deber\u00eda de molestar especialmente a quienes hoy est\u00e1n en la coalici\u00f3n pero entonces estaban contra ETA. Pero no lo har\u00e1.<\/p>\n\n\n\n<p><strong>La fachada<\/strong><\/p>\n\n\n\n<p>El posado para los medios de Vox tras el anuncio de la moci\u00f3n de censura que protagonizar\u00e1 Ram\u00f3n Tamames es para observarlo y deleitarse: doce se\u00f1ores muy ase\u00f1orados, encantados de haber coincidido en un entrem\u00e9s que solo ellos se toman como seria (y muy espa\u00f1ola) zarzuela. Una imagen que huele a pis, con un S\u00e1nchez Drag\u00f3 que destaca porque es el \u00fanico que no lleva chaqueta y porque, qu\u00e9 demonios, es el friki entre los frikis. Una foto que ha generado muchos tuits (algunos con m\u00e1s fortuna que otros) y que como detector de fachas sin gusto ni verg\u00fcenza (fachas, en resumen) resulta muy \u00fatil.<\/p>\n\n\n\n<p><strong>\u00bfY si\u2026?<\/strong><\/p>\n\n\n\n<p>\u00bfY si el PP no se abstiene? \u00bfY si acaba apoyando a Ram\u00f3n Tamames? \u00bfQu\u00e9 pasar\u00eda? Vox activar\u00eda a todo su electorado, pero el PP no perder\u00eda nada por la derecha. \u00bfLo har\u00eda por el centro? \u00bfO perder\u00eda m\u00e1s un PSOE que disputar\u00eda el voto de la izquierda con un Podemos desatado? \u00bfQu\u00e9 pasar\u00eda en Euskadi y Catalunya? \u00bfSer\u00edan los partidos nacionalistas refugio ante semejante desfachatez o sufrir\u00edan en un escenario m\u00e1s espa\u00f1ol y utilitarista que nunca? \u00bfQu\u00e9 pierden N\u00fa\u00f1ez Feij\u00f3o y S\u00e1nchez? \u00bfHabr\u00eda adelanto al 28-M? \u00bfNo es eso un alivio para muchas y muchos votantes en Espa\u00f1a? Estoy deseando ver el espect\u00e1culo.<\/p>\n\n\n\n<p><strong>Las cosas del comer<\/strong><\/p>\n\n\n\n<p>Llevo a\u00f1os observando la pol\u00edtica muy de cerca y s\u00e9 perfectamente que, pese al ruido, en los parlamentos precisamente se habla de las cosas del comer, del d\u00eda a d\u00eda, que afectan a la ciudadan\u00eda plenamente. Por eso cuando un partido populista como Vox plantea una segunda moci\u00f3n de censura con un candidato octogenario lo que est\u00e1 haciendo es sustraer tiempo y dinero de lo importante, como la convocatoria de huelga para las y los trabajadores aut\u00f3nomos en Espa\u00f1a, en abril. Dudo mucho del \u00e9xito por qui\u00e9n lo convoca (una plataforma surgida de un grupo en Facebook) y, sobre todo, por qui\u00e9n tendr\u00e1 que dejar de trabajar.<\/p>\n\n\n\n<p><strong>Spotify inventa la radiof\u00f3rmula<\/strong><\/p>\n\n\n\n<p>Spotify ha inventado la radiof\u00f3rmula, pero al estilo de 2023, claro: una inteligencia artificial hablar\u00e1 pisando las canciones para presentarlas y animarte, en una experiencia completamente personalizada, por supuesto, y doy por hecho que de pago. La hostia en verso, voy a permitirme la expresi\u00f3n ante el nivel del inventazo, el derroche de creatividad, la jefada m\u00e1xima que se han marcado los de Spotify. O todo lo contrario. No s\u00e9 si tendr\u00e1 \u00e9xito, pero s\u00ed s\u00e9 que la colecci\u00f3n de novedades que nos ofrecen porque dan por hecho que las devoramos me resulta un poco estresante pero, sobre todo, completamente innecesaria.<\/p>\n<!-- AddThis Advanced Settings generic via filter on the_content --><!-- AddThis Share Buttons generic via filter on the_content -->","protected":false},"excerpt":{"rendered":"<p>Representantes de Bildu tuvieron a bien el pasado mi\u00e9rcoles participar \u201cen la ofrenda floral organizada por la Fundacion Buesa en el monolito de Gasteiz\u201d. Y hasta ah\u00ed podemos leer. Las fotos y el sucinto tuit las publicaron en la cuenta del partido en la capital de la CAV. Hasta ah\u00ed pueden llegar. Y por supuesto, &hellip; <a href=\"https:\/\/blogs.deia.eus\/bogandoporlared\/2023\/02\/24\/en-una-ofrenda-cualquiera\/\" class=\"more-link\">Sigue leyendo <span class=\"screen-reader-text\"><strong>En una ofrenda cualquiera<\/strong><\/span><\/a><!-- AddThis Advanced Settings generic via filter on get_the_excerpt --><!-- AddThis Share Buttons generic via filter on get_the_excerpt --><\/p>\n","protected":false},"author":5,"featured_media":0,"comment_status":"closed","ping_status":"closed","sticky":false,"template":"","format":"standard","meta":{"footnotes":""},"categories":[48013],"tags":[60264,15839,17,23693,170044,142524,170024,56883,283,47768],"class_list":["post-16239","post","type-post","status-publish","format-standard","hentry","category-los-apuntes","tag-alberto-nunez-feijoo","tag-eh-bildu","tag-eta","tag-fernando-buesa","tag-fernando-sanchez-drago-2","tag-jorge-diez","tag-ramon-tamames","tag-spotify","tag-twitter","tag-vox"],"_links":{"self":[{"href":"https:\/\/blogs.deia.eus\/bogandoporlared\/wp-json\/wp\/v2\/posts\/16239","targetHints":{"allow":["GET"]}}],"collection":[{"href":"https:\/\/blogs.deia.eus\/bogandoporlared\/wp-json\/wp\/v2\/posts"}],"about":[{"href":"https:\/\/blogs.deia.eus\/bogandoporlared\/wp-json\/wp\/v2\/types\/post"}],"author":[{"embeddable":true,"href":"https:\/\/blogs.deia.eus\/bogandoporlared\/wp-json\/wp\/v2\/users\/5"}],"replies":[{"embeddable":true,"href":"https:\/\/blogs.deia.eus\/bogandoporlared\/wp-json\/wp\/v2\/comments?post=16239"}],"version-history":[{"count":1,"href":"https:\/\/blogs.deia.eus\/bogandoporlared\/wp-json\/wp\/v2\/posts\/16239\/revisions"}],"predecessor-version":[{"id":16241,"href":"https:\/\/blogs.deia.eus\/bogandoporlared\/wp-json\/wp\/v2\/posts\/16239\/revisions\/16241"}],"wp:attachment":[{"href":"https:\/\/blogs.deia.eus\/bogandoporlared\/wp-json\/wp\/v2\/media?parent=16239"}],"wp:term":[{"taxonomy":"category","embeddable":true,"href":"https:\/\/blogs.deia.eus\/bogandoporlared\/wp-json\/wp\/v2\/categories?post=16239"},{"taxonomy":"post_tag","embeddable":true,"href":"https:\/\/blogs.deia.eus\/bogandoporlared\/wp-json\/wp\/v2\/tags?post=16239"}],"curies":[{"name":"wp","href":"https:\/\/api.w.org\/{rel}","templated":true}]}}