{"id":16593,"date":"2023-07-07T07:26:00","date_gmt":"2023-07-07T06:26:00","guid":{"rendered":"https:\/\/blogs.deia.eus\/bogandoporlared\/?p=16593"},"modified":"2023-07-06T15:28:37","modified_gmt":"2023-07-06T14:28:37","slug":"lo-mas-importante-2","status":"publish","type":"post","link":"https:\/\/blogs.deia.eus\/bogandoporlared\/2023\/07\/07\/lo-mas-importante-2\/","title":{"rendered":"Lo m\u00e1s importante"},"content":{"rendered":"\n<figure class=\"wp-block-image size-large\"><a href=\"https:\/\/blogs.deia.eus\/bogandoporlared\/files\/2023\/07\/20230707_importante.jpg\"><img loading=\"lazy\" decoding=\"async\" width=\"940\" height=\"459\" src=\"https:\/\/blogs.deia.eus\/bogandoporlared\/files\/2023\/07\/20230707_importante-940x459.jpg\" alt=\"\" class=\"wp-image-16594\" srcset=\"https:\/\/blogs.deia.eus\/bogandoporlared\/files\/2023\/07\/20230707_importante-940x459.jpg 940w, https:\/\/blogs.deia.eus\/bogandoporlared\/files\/2023\/07\/20230707_importante-580x283.jpg 580w, https:\/\/blogs.deia.eus\/bogandoporlared\/files\/2023\/07\/20230707_importante-768x375.jpg 768w, https:\/\/blogs.deia.eus\/bogandoporlared\/files\/2023\/07\/20230707_importante-1536x750.jpg 1536w, https:\/\/blogs.deia.eus\/bogandoporlared\/files\/2023\/07\/20230707_importante.jpg 1920w\" sizes=\"auto, (max-width: 940px) 100vw, 940px\" \/><\/a><\/figure>\n\n\n\n<p>Johann Hari cree que estamos tontamente entretenidos, que estamos agilipollados (esto es de mi cosecha) con tonter\u00edas que nos impiden centrarnos en lo verdaderamente importante: \u201cAcabamos de vivir el d\u00eda m\u00e1s caluroso de la historia registrada\u201d (Hipertextual). Y no es porque la Tierra est\u00e9 acerc\u00e1ndose peligrosamente al sol, que para eso pueden faltar 5.000 a\u00f1os. Lo que nos pasa es que estamos carg\u00e1ndonos el planeta mientras vemos v\u00eddeos chorras en Instagram y TikTok, y eso nos impide exigir que se proh\u00edban radicalmente el uso de jets privados o los viajes tur\u00edsticos al espacio o el fondo del mar.<\/p>\n\n\n\n<p><strong>\u201cContra la hipocres\u00eda\u201d<\/strong><\/p>\n\n\n\n<p>Borja S\u00e9mper, el portavoz del mismo PP que llega de la mano de Vox a las instituciones y con el que cierra acuerdos para ponerse en el camino de regreso a las cavernas, tiene el cuajo de tuitear esto: \u201cPor una cultura en libertad #StopCensura. Comprometidos con la libertad art\u00edstica, de creaci\u00f3n, acad\u00e9mica y de prensa. A favor de la libertad y contra cualquier tipo de censura, pero tambi\u00e9n contra la hipocres\u00eda, venga de donde venga y afecte a quien afecte\u201d. Voy a quedarme con tres palabras de su mensaje: \u201cContra la hipocres\u00eda\u201d. \u00bfA qu\u00e9 hipocres\u00eda puede referirse S\u00e9mper si no es a la suya propia?<\/p>\n\n\n\n<p><strong>Para hipocres\u00eda, esta<\/strong><\/p>\n\n\n\n<p>Segu\u00ed el txupinazo de San Ferm\u00edn en ETB1 como cada a\u00f1o, y me sorprendieron los gritos de \u201cUPN, kanpora!\u201d que alg\u00fan tuitero ha recogido junto a la reclamaci\u00f3n de que las y los presos de ETA vuelvan a casa. A sus casas, claro, porque en Euskadi ya est\u00e1n todas y todos. A lo que iba: el grito, el clamor, me pareci\u00f3 otra muestra de hipocres\u00eda a la altura de la que luce el PP. \u00bfPor qu\u00e9 gobierna UPN en Iru\u00f1a si no es porque Bildu bloque\u00f3 cualquier posible gobierno alternativo que no fuera con Asiron de alcalde? \u00bfC\u00f3mo explica Bildu que se negase a que el alcalde de Iru\u00f1a fuese de Geroa Bai en vez de UPN?<\/p>\n\n\n\n<p><strong>Si D\u00edaz te da m\u00e1s miedo que Abascal\u2026<\/strong><\/p>\n\n\n\n<p>Las encuestas no le ofrecen un buen resultado a ERC. Lo suyo ha sido tocar poder y defraudar: el electorado catal\u00e1n no siente empat\u00eda por el partido que lidera el Govern desde que le eligi\u00f3 para ello. Con este escenario, su actor principal tiene que llamar la atenci\u00f3n y, en mi opini\u00f3n, ha elegido una de las peores maneras: que Gabriel Rufi\u00e1n dijese a Risto Mejide que le daba m\u00e1s miedo Yolanda D\u00edaz que Santiago Abascal es un resbal\u00f3n. Por poco fiable que parezca la de Sumar (que lo parece), un ultraderechista es lo peor del mundo. Eso tiene que ser indiscutible. Insisto: un antifascista lo es en todo momento y lugar o no lo es.<\/p>\n\n\n\n<p><strong>\u00bfPor qu\u00e9 no?<\/strong><\/p>\n\n\n\n<p>\u201cOlona arrancar\u00e1 la campa\u00f1a electoral en un prost\u00edbulo e invitar\u00e1 a consumiciones\u201d, leo en P\u00fablico y pienso: \u00bfpor qu\u00e9 no? Total, la pol\u00edtica espa\u00f1ola no puede estar en horas m\u00e1s bajas. Gobierno y oposici\u00f3n hacen lo suyo a golpe de tuit y titular, algunos partidos act\u00faan como si unas elecciones no costaran, y parece que todo vale para llamar la atenci\u00f3n. Macarena Olona personifica, en s\u00ed misma, todos esos males. Ella es la decantaci\u00f3n de lo que va mal, que es mucho. Pero no nos sintamos elfos de la Tierra Media: Euskadi sufre este contagio y las campa\u00f1as basadas \u00fanicamente en marketing tambi\u00e9n triunfan.<\/p>\n<!-- AddThis Advanced Settings generic via filter on the_content --><!-- AddThis Share Buttons generic via filter on the_content -->","protected":false},"excerpt":{"rendered":"<p>Johann Hari cree que estamos tontamente entretenidos, que estamos agilipollados (esto es de mi cosecha) con tonter\u00edas que nos impiden centrarnos en lo verdaderamente importante: \u201cAcabamos de vivir el d\u00eda m\u00e1s caluroso de la historia registrada\u201d (Hipertextual). Y no es porque la Tierra est\u00e9 acerc\u00e1ndose peligrosamente al sol, que para eso pueden faltar 5.000 a\u00f1os. &hellip; <a href=\"https:\/\/blogs.deia.eus\/bogandoporlared\/2023\/07\/07\/lo-mas-importante-2\/\" class=\"more-link\">Sigue leyendo <span class=\"screen-reader-text\">Lo m\u00e1s importante<\/span><\/a><!-- AddThis Advanced Settings generic via filter on get_the_excerpt --><!-- AddThis Share Buttons generic via filter on get_the_excerpt --><\/p>\n","protected":false},"author":5,"featured_media":0,"comment_status":"closed","ping_status":"closed","sticky":false,"template":"","format":"standard","meta":{"footnotes":""},"categories":[48013],"tags":[39003,87106,64842,170206,157733,42846,283],"class_list":["post-16593","post","type-post","status-publish","format-standard","hentry","category-los-apuntes","tag-borja-semper","tag-gabriel-rufian","tag-hipertextual","tag-johann-hari","tag-macarena-olona","tag-publico","tag-twitter"],"_links":{"self":[{"href":"https:\/\/blogs.deia.eus\/bogandoporlared\/wp-json\/wp\/v2\/posts\/16593","targetHints":{"allow":["GET"]}}],"collection":[{"href":"https:\/\/blogs.deia.eus\/bogandoporlared\/wp-json\/wp\/v2\/posts"}],"about":[{"href":"https:\/\/blogs.deia.eus\/bogandoporlared\/wp-json\/wp\/v2\/types\/post"}],"author":[{"embeddable":true,"href":"https:\/\/blogs.deia.eus\/bogandoporlared\/wp-json\/wp\/v2\/users\/5"}],"replies":[{"embeddable":true,"href":"https:\/\/blogs.deia.eus\/bogandoporlared\/wp-json\/wp\/v2\/comments?post=16593"}],"version-history":[{"count":1,"href":"https:\/\/blogs.deia.eus\/bogandoporlared\/wp-json\/wp\/v2\/posts\/16593\/revisions"}],"predecessor-version":[{"id":16595,"href":"https:\/\/blogs.deia.eus\/bogandoporlared\/wp-json\/wp\/v2\/posts\/16593\/revisions\/16595"}],"wp:attachment":[{"href":"https:\/\/blogs.deia.eus\/bogandoporlared\/wp-json\/wp\/v2\/media?parent=16593"}],"wp:term":[{"taxonomy":"category","embeddable":true,"href":"https:\/\/blogs.deia.eus\/bogandoporlared\/wp-json\/wp\/v2\/categories?post=16593"},{"taxonomy":"post_tag","embeddable":true,"href":"https:\/\/blogs.deia.eus\/bogandoporlared\/wp-json\/wp\/v2\/tags?post=16593"}],"curies":[{"name":"wp","href":"https:\/\/api.w.org\/{rel}","templated":true}]}}