{"id":17392,"date":"2024-05-05T08:50:00","date_gmt":"2024-05-05T07:50:00","guid":{"rendered":"https:\/\/blogs.deia.eus\/bogandoporlared\/?p=17392"},"modified":"2024-05-03T12:52:15","modified_gmt":"2024-05-03T11:52:15","slug":"ya-son-objetivos-militares","status":"publish","type":"post","link":"https:\/\/blogs.deia.eus\/bogandoporlared\/2024\/05\/05\/ya-son-objetivos-militares\/","title":{"rendered":"Ya son objetivos militares"},"content":{"rendered":"\n<figure class=\"wp-block-image size-full\"><a href=\"https:\/\/blogs.deia.eus\/bogandoporlared\/files\/2024\/05\/20240506_objetivos.jpg\"><img loading=\"lazy\" decoding=\"async\" width=\"597\" height=\"793\" src=\"https:\/\/blogs.deia.eus\/bogandoporlared\/files\/2024\/05\/20240506_objetivos.jpg\" alt=\"\" class=\"wp-image-17393\" srcset=\"https:\/\/blogs.deia.eus\/bogandoporlared\/files\/2024\/05\/20240506_objetivos.jpg 597w, https:\/\/blogs.deia.eus\/bogandoporlared\/files\/2024\/05\/20240506_objetivos-580x770.jpg 580w\" sizes=\"auto, (max-width: 597px) 100vw, 597px\" \/><\/a><\/figure>\n\n\n\n<p>El viernes celebr\u00e1bamos el d\u00eda mundial de la libertad de prensa, y la UNESCO decidi\u00f3 anunciar que su premio World Press Freedom era para las y los periodistas que cubren el martilleo de Israel sobre Gaza. Muchas de ellas, muchos de ellos, han dejado la vida contando lo que sucede, conmovi\u00e9ndonos ante la desolaci\u00f3n, ante el modo en el que el Netanyahu y su gobierno ultra ha arrasado el territorio palestino. Hoy la prensa es un objetivo militar, como las y los cooperantes, para que no haya testigos de los excesos, de los asesinatos, de los abusos, de lo innecesaria, injusta y terrible que es la guerra.<\/p>\n\n\n\n<p><strong>El problema es Airbnb<\/strong><\/p>\n\n\n\n<p>\u00c1ngel Jim\u00e9nez ha recopilado en X once ofertas de Airbnb diferentes: desde la casa de Up colgada de una gr\u00faa a acompa\u00f1ar a un cantante de reguet\u00f3n en su autob\u00fas durante la gira. Todas ellas me parecen estupendas porque si Airbnb se dedica a eso, a ofrecer experiencias en espacios \u00fanicos, no tengo nada que decir. Pero lo cierto es que la acci\u00f3n habitual de esta empresa dispara y descontrola el turismo (si contamos el n\u00famero de habitaciones en hoteles podemos controlar el flujo) y empobrece la oferta de vivienda habitual. Si sabemos que Airbnb es parte de los problemas y de ninguna soluci\u00f3n, \u00bfa qu\u00e9 esperamos?<\/p>\n\n\n\n<p><strong>Sin problemas de vivienda<\/strong><\/p>\n\n\n\n<p>Quienes no tendr\u00e1n ning\u00fan problema para encontrar vivienda ser\u00e1n las y los herederos del dictador Franco: \u201cVenden por m\u00e1s de 70 millones de euros siete pisos de lujo: \u2018Se las han quitado de las manos\u2019\u201d (Vozp\u00f3puli). Se trata del \u201cedifico de Hermanos B\u00e9cquer\u201d que \u201cfue una de las joyas inmobiliarias que heredaron de Carmen Franco, despu\u00e9s del pazo de Meir\u00e1s. En esta propiedad es donde vivi\u00f3 Carmen Franco, la hija de Franco hasta su muerte y anteriormente su madre, Carmen Polo, viuda de Franco, cuando sali\u00f3 de El Pardo\u201d. Si no se expropi\u00f3 el inmueble, \u00bfpodr\u00edan expropiarse los beneficios? \u00bfPor qu\u00e9 no?<\/p>\n\n\n\n<p><strong>La burbuja se pincha\u2026<\/strong><\/p>\n\n\n\n<p>El hito es mucho m\u00e1s importante de lo que parece: la competici\u00f3n que mejor reparte los millones que genera la televisi\u00f3n y que permite con m\u00e1s alegr\u00eda transferencias de las fortunas de los propietarios de los clubes a los gastos corrientes de los equipos, accede a una limitaci\u00f3n salarial. Lo hace la Premier despu\u00e9s de comprobar que los millones \u00e1rabes no son suficientes para asegurar el atractivo de sus ligas. Y con esto y poco m\u00e1s podremos pinchar la burbuja del f\u00fatbol, que nunca ha generado tanto dinero como gasta y cuyo modelo de negocio consiste en que nunca se detengan las transferencias.<\/p>\n\n\n\n<p><strong>\u2026Porque solo puede pincharse<\/strong><\/p>\n\n\n\n<p>Enlazo dos noticias en el mismo medio, 2 Playbook, de modo absolutamente excepcional, porque es la mejor manera de seguir explicando el fen\u00f3meno: \u00bfc\u00f3mo no va a pincharse la burbuja del f\u00fatbol si hasta los equipos campeones tienen problemas para balancear sus cuentas? \u201cEl Inter gana en el \u2018calcio\u2019 pero se tambalea en el banco: 570 millones perdidos desde la Covid\u201d. La propiedad, \u201cel grupo chino Suning\u201d, \u201cultima la firma de un nuevo pr\u00e9stamo para no perder el control tras ocho a\u00f1os al mando\u201d. Y eso que los equipos campeones se llevan la parte del le\u00f3n en el reparto de millones.<\/p>\n<!-- AddThis Advanced Settings generic via filter on the_content --><!-- AddThis Share Buttons generic via filter on the_content -->","protected":false},"excerpt":{"rendered":"<p>El viernes celebr\u00e1bamos el d\u00eda mundial de la libertad de prensa, y la UNESCO decidi\u00f3 anunciar que su premio World Press Freedom era para las y los periodistas que cubren el martilleo de Israel sobre Gaza. Muchas de ellas, muchos de ellos, han dejado la vida contando lo que sucede, conmovi\u00e9ndonos ante la desolaci\u00f3n, ante &hellip; <a href=\"https:\/\/blogs.deia.eus\/bogandoporlared\/2024\/05\/05\/ya-son-objetivos-militares\/\" class=\"more-link\">Sigue leyendo <span class=\"screen-reader-text\">Ya son objetivos militares<\/span><\/a><!-- AddThis Advanced Settings generic via filter on get_the_excerpt --><!-- AddThis Share Buttons generic via filter on get_the_excerpt --><\/p>\n","protected":false},"author":5,"featured_media":0,"comment_status":"closed","ping_status":"closed","sticky":false,"template":"","format":"standard","meta":{"footnotes":""},"categories":[48013],"tags":[170338,82903,131497,103432,142701,20355,20389,170647,14454,167885,73038,170648,30823,5627,170254],"class_list":["post-17392","post","type-post","status-publish","format-standard","hentry","category-los-apuntes","tag-2-playbook","tag-airbnb","tag-angel-jimenez","tag-carmen-franco","tag-carmen-polo","tag-francisco-franco","tag-gaza","tag-inter-de-milan","tag-israel","tag-oscar-mijallo","tag-palestina","tag-suning","tag-unesco","tag-vozpopuli","tag-x"],"_links":{"self":[{"href":"https:\/\/blogs.deia.eus\/bogandoporlared\/wp-json\/wp\/v2\/posts\/17392","targetHints":{"allow":["GET"]}}],"collection":[{"href":"https:\/\/blogs.deia.eus\/bogandoporlared\/wp-json\/wp\/v2\/posts"}],"about":[{"href":"https:\/\/blogs.deia.eus\/bogandoporlared\/wp-json\/wp\/v2\/types\/post"}],"author":[{"embeddable":true,"href":"https:\/\/blogs.deia.eus\/bogandoporlared\/wp-json\/wp\/v2\/users\/5"}],"replies":[{"embeddable":true,"href":"https:\/\/blogs.deia.eus\/bogandoporlared\/wp-json\/wp\/v2\/comments?post=17392"}],"version-history":[{"count":1,"href":"https:\/\/blogs.deia.eus\/bogandoporlared\/wp-json\/wp\/v2\/posts\/17392\/revisions"}],"predecessor-version":[{"id":17394,"href":"https:\/\/blogs.deia.eus\/bogandoporlared\/wp-json\/wp\/v2\/posts\/17392\/revisions\/17394"}],"wp:attachment":[{"href":"https:\/\/blogs.deia.eus\/bogandoporlared\/wp-json\/wp\/v2\/media?parent=17392"}],"wp:term":[{"taxonomy":"category","embeddable":true,"href":"https:\/\/blogs.deia.eus\/bogandoporlared\/wp-json\/wp\/v2\/categories?post=17392"},{"taxonomy":"post_tag","embeddable":true,"href":"https:\/\/blogs.deia.eus\/bogandoporlared\/wp-json\/wp\/v2\/tags?post=17392"}],"curies":[{"name":"wp","href":"https:\/\/api.w.org\/{rel}","templated":true}]}}