{"id":17835,"date":"2024-10-25T07:16:00","date_gmt":"2024-10-25T06:16:00","guid":{"rendered":"https:\/\/blogs.deia.eus\/bogandoporlared\/?p=17835"},"modified":"2024-10-25T09:59:10","modified_gmt":"2024-10-25T08:59:10","slug":"irresponsabilidad","status":"publish","type":"post","link":"https:\/\/blogs.deia.eus\/bogandoporlared\/2024\/10\/25\/irresponsabilidad\/","title":{"rendered":"Irresponsabilidad"},"content":{"rendered":"\n<figure class=\"wp-block-image size-large\"><a href=\"https:\/\/blogs.deia.eus\/bogandoporlared\/files\/2024\/10\/20241025_irresponsabilidad.jpg\"><img loading=\"lazy\" decoding=\"async\" width=\"940\" height=\"450\" src=\"https:\/\/blogs.deia.eus\/bogandoporlared\/files\/2024\/10\/20241025_irresponsabilidad-940x450.jpg\" alt=\"\" class=\"wp-image-17842\" srcset=\"https:\/\/blogs.deia.eus\/bogandoporlared\/files\/2024\/10\/20241025_irresponsabilidad-940x450.jpg 940w, https:\/\/blogs.deia.eus\/bogandoporlared\/files\/2024\/10\/20241025_irresponsabilidad-580x278.jpg 580w, https:\/\/blogs.deia.eus\/bogandoporlared\/files\/2024\/10\/20241025_irresponsabilidad-768x368.jpg 768w, https:\/\/blogs.deia.eus\/bogandoporlared\/files\/2024\/10\/20241025_irresponsabilidad-1536x735.jpg 1536w, https:\/\/blogs.deia.eus\/bogandoporlared\/files\/2024\/10\/20241025_irresponsabilidad.jpg 1920w\" sizes=\"auto, (max-width: 940px) 100vw, 940px\" \/><\/a><\/figure>\n\n\n\n<p>La responsabilidad de las pol\u00edticas y los pol\u00edticos espa\u00f1oles es hoy tendiente a cero. Generalizo porque puedo, porque ni las y los m\u00e1s responsables est\u00e1n mostr\u00e1ndose a la altura de las circunstancias, aunque voy a personalizar en el caso del asesinato de Sameul Luiz, sobre el que tuvimos que ver, o\u00edr y leer esto: \u201cSantiago Abascal, asegur\u00f3 en los plat\u00f3s que entre los detenidos hab\u00eda un \u2018inmigrante\u2019 y una \u2018feminista radical\u2019\u201d (P\u00fablico). Alvise P\u00e9rez \u201cpublic\u00f3 que los autores del crimen pertenec\u00edan a \u2018una pandilla de 12 sudamericanos\u2019\u201d, e Isabel D\u00edaz Ayus\u00f3 \u201cironiz\u00f3\u201d y asegur\u00f3 que habl\u00e1bamos de un crimen hom\u00f3fobo \u201csin motivos, sin pruebas\u201d.<\/p>\n\n\n\n<p><strong>Y responsabilidad<\/strong><\/p>\n\n\n\n<p>Podr\u00eda poner varios \u201cperos\u201d a la carta que el Athletic ha mandado a sus socias y socios, empezando por que no est\u00e1 firmada. Sin embargo, me voy a centrar en lo que es sustancial porque ataca directamente a mi error: \u201cAl Athletic Club no le constan, ni antes ni despu\u00e9s del saque de honor, fotograf\u00eda alguna de una ikurri\u00f1a con el anagrama de ETA ni en la cumbre del Everest ni con Martin Zabaleta\u201d. <a href=\"https:\/\/blogs.deia.eus\/bogandoporlared\/2024\/10\/22\/el-tonto-del-spray\/\">Yo escrib\u00ed que s\u00ed pos\u00f3 con esa Ikurrina manchada<\/a>, haciendo caso de las fotograf\u00edas y los pies de foto que se publicaron la semana pasada, y ahora sabemos, gracias al Athletic, que no era Zabaleta el que la sosten\u00eda, sino dos monta\u00f1eros polacos.<\/p>\n\n\n\n<p><strong>Las v\u00edctimas y Espa\u00f1a<\/strong><\/p>\n\n\n\n<p>ETA ha manchado y sigue manch\u00e1ndolo todo. Por muy precisa que haya sido la aclaraci\u00f3n del Athletic, relacionar el dolor generado por la banda con la marca Athletic era algo que pod\u00eda pasar y pas\u00f3. Pero abrazo la puntualizaci\u00f3n. De la misma manera creo que es necesario ser preciso con el papel de los sucesivos gobiernos de Espa\u00f1a y las v\u00edctimas de ETA, que podemos ver en esta noticia en The Objective: \u201cEl Tribunal Superior de Justicia de Extremadura ha condenado al Ejecutivo extreme\u00f1o a pagar m\u00e1s de 26.000 euros de indemnizaci\u00f3n como v\u00edctimas del terrorismo a los padres del primer ni\u00f1o asesinado por la banda terrorista ETA\u201d.<\/p>\n\n\n\n<p><strong>Junts avanza<\/strong><\/p>\n\n\n\n<p>Jordi Cabr\u00e9 en El Nacional hace un an\u00e1lisis que, desde la distancia y el conocimiento moderado, por expresarlo de alguna manera, me parece interesante: \u201cSi el PSC est\u00e1 haciendo de \u2018casa grande del espa\u00f1olismo\u2019, Junts necesita erigirse como la \u2018casa grande del independentismo\u2019\u201d, y para eso ma\u00f1ana Junts avanzar\u00e1 con nombres aglutinadores, en su opini\u00f3n. Nombres que deben lleva a acciones: \u201cEl mensaje independentista debe ser, o volver a ser, la vanguardia. No la nostalgia, o el remordimiento, o el rinc\u00f3n de pensar de los perdedores\u201d. Todo esto en \u201cun momento parecido al que vivieron el Partido Quebequ\u00e9s o el SNP\u201d.<\/p>\n\n\n\n<p><strong>Igual as\u00ed, s\u00ed\u2026<\/strong><\/p>\n\n\n\n<p>Ya me he quedado en esta columna de los horarios que le est\u00e1n tocando al Athletic, horrorosos para ir con ni\u00f1as y ni\u00f1os a San Mam\u00e9s, y hacer afici\u00f3n. Por lo visto, no soy el \u00fanico al que le fastidian: \u201cEl luchador Topuria \u2018amenaza\u2019 a Tebas por poner el Cl\u00e1sico a la misma hora que su combate\u201d (El Imparcial). En su tuit, Topuria escribe: \u201cA ver si en vez de noquear a Max Holloway tengo que noquear al responsable de poner el cl\u00e1sico el mismo d\u00eda a la misma hora cuando mi combate se sab\u00eda desde hace 2 meses\u201d. Y remata: \u201cVamos a por Javier Tebas, es el pr\u00f3ximo\u201d. Tebas ha respondido con un intento de chiste, pero no responde a las y los aficionados.<\/p>\n<!-- AddThis Advanced Settings generic via filter on the_content --><!-- AddThis Share Buttons generic via filter on the_content -->","protected":false},"excerpt":{"rendered":"<p>La responsabilidad de las pol\u00edticas y los pol\u00edticos espa\u00f1oles es hoy tendiente a cero. Generalizo porque puedo, porque ni las y los m\u00e1s responsables est\u00e1n mostr\u00e1ndose a la altura de las circunstancias, aunque voy a personalizar en el caso del asesinato de Sameul Luiz, sobre el que tuvimos que ver, o\u00edr y leer esto: \u201cSantiago &hellip; <a href=\"https:\/\/blogs.deia.eus\/bogandoporlared\/2024\/10\/25\/irresponsabilidad\/\" class=\"more-link\">Sigue leyendo <span class=\"screen-reader-text\">Irresponsabilidad<\/span><\/a><!-- AddThis Advanced Settings generic via filter on get_the_excerpt --><!-- AddThis Share Buttons generic via filter on get_the_excerpt --><\/p>\n","protected":false},"author":5,"featured_media":0,"comment_status":"closed","ping_status":"closed","sticky":false,"template":"","format":"standard","meta":{"footnotes":""},"categories":[48013],"tags":[145639,5621,48091,61321,17,170851,91222,62999,170850,170849,170513,170848,42846,20360,162985,170254],"class_list":["post-17835","post","type-post","status-publish","format-standard","hentry","category-los-apuntes","tag-alvise-perez","tag-athletic-club-bilbao","tag-el-imparcial","tag-el-nacional","tag-eta","tag-ilia-topuria","tag-isabel-diaz-ayuso","tag-javier-tebas","tag-jordi-cabre","tag-jose-maria-piris","tag-junts","tag-martin-zabaleta-2","tag-publico","tag-santiago-abascal","tag-the-objective","tag-x"],"_links":{"self":[{"href":"https:\/\/blogs.deia.eus\/bogandoporlared\/wp-json\/wp\/v2\/posts\/17835","targetHints":{"allow":["GET"]}}],"collection":[{"href":"https:\/\/blogs.deia.eus\/bogandoporlared\/wp-json\/wp\/v2\/posts"}],"about":[{"href":"https:\/\/blogs.deia.eus\/bogandoporlared\/wp-json\/wp\/v2\/types\/post"}],"author":[{"embeddable":true,"href":"https:\/\/blogs.deia.eus\/bogandoporlared\/wp-json\/wp\/v2\/users\/5"}],"replies":[{"embeddable":true,"href":"https:\/\/blogs.deia.eus\/bogandoporlared\/wp-json\/wp\/v2\/comments?post=17835"}],"version-history":[{"count":2,"href":"https:\/\/blogs.deia.eus\/bogandoporlared\/wp-json\/wp\/v2\/posts\/17835\/revisions"}],"predecessor-version":[{"id":17843,"href":"https:\/\/blogs.deia.eus\/bogandoporlared\/wp-json\/wp\/v2\/posts\/17835\/revisions\/17843"}],"wp:attachment":[{"href":"https:\/\/blogs.deia.eus\/bogandoporlared\/wp-json\/wp\/v2\/media?parent=17835"}],"wp:term":[{"taxonomy":"category","embeddable":true,"href":"https:\/\/blogs.deia.eus\/bogandoporlared\/wp-json\/wp\/v2\/categories?post=17835"},{"taxonomy":"post_tag","embeddable":true,"href":"https:\/\/blogs.deia.eus\/bogandoporlared\/wp-json\/wp\/v2\/tags?post=17835"}],"curies":[{"name":"wp","href":"https:\/\/api.w.org\/{rel}","templated":true}]}}