{"id":18420,"date":"2025-06-02T07:17:00","date_gmt":"2025-06-02T06:17:00","guid":{"rendered":"https:\/\/blogs.deia.eus\/bogandoporlared\/?p=18420"},"modified":"2025-05-30T12:19:27","modified_gmt":"2025-05-30T11:19:27","slug":"hoy-juega-euskadi","status":"publish","type":"post","link":"https:\/\/blogs.deia.eus\/bogandoporlared\/2025\/06\/02\/hoy-juega-euskadi\/","title":{"rendered":"Hoy juega Euskadi"},"content":{"rendered":"\n<figure class=\"wp-block-image size-large\"><a href=\"https:\/\/blogs.deia.eus\/bogandoporlared\/files\/2025\/05\/20250602_euskadi.jpg\"><img loading=\"lazy\" decoding=\"async\" width=\"940\" height=\"450\" src=\"https:\/\/blogs.deia.eus\/bogandoporlared\/files\/2025\/05\/20250602_euskadi-940x450.jpg\" alt=\"\" class=\"wp-image-18421\" srcset=\"https:\/\/blogs.deia.eus\/bogandoporlared\/files\/2025\/05\/20250602_euskadi-940x450.jpg 940w, https:\/\/blogs.deia.eus\/bogandoporlared\/files\/2025\/05\/20250602_euskadi-580x278.jpg 580w, https:\/\/blogs.deia.eus\/bogandoporlared\/files\/2025\/05\/20250602_euskadi-768x368.jpg 768w, https:\/\/blogs.deia.eus\/bogandoporlared\/files\/2025\/05\/20250602_euskadi-1536x735.jpg 1536w, https:\/\/blogs.deia.eus\/bogandoporlared\/files\/2025\/05\/20250602_euskadi.jpg 1920w\" sizes=\"auto, (max-width: 940px) 100vw, 940px\" \/><\/a><\/figure>\n\n\n\n<p>De Aitor Esteban a Joseba Agirretxea, de Xabier Arzalluz a Andoni Ortuzar, de Ardanza a Pradales, la oficialidad de la selecci\u00f3n de Euskadi es un anhelo que a partir de hoy va a resultar, al menos parcialmente, satisfecho. Algunas y algunos no estar\u00e1n muy contentos: Mertxe Aizpurua defendi\u00f3 no votar a favor del cambio legislativo que ha hecho realidad lo que hoy celebramos y, al alim\u00f3n, jugadoras y jugadores han recibido todo tipo de presiones para no abandonar la selecci\u00f3n espa\u00f1ola que, \u00a1oh, cu\u00e1nta generosidad!, \u201cacepta jugar contra Euskadi en la Liga de Naciones, pero no la considera oficial\u201d (Infobae). Pues hoy, por fin, juega Euskadi.<\/p>\n\n\n\n<p><strong>\u00bfA qu\u00e9 juega Espa\u00f1a?<\/strong><\/p>\n\n\n\n<p>Espa\u00f1a ha trabajado para convencer a varias vascas y vascos de que sigan jugando bajo su bandera. Cada una y cada uno toma la decisi\u00f3n que quiere, por supuesto. M\u00e1s curiosidad me despiertan los m\u00e9todos que habr\u00e1 usado Espa\u00f1a para persuadir. Esta Espa\u00f1a tan progre y plural que pone el dinero en lo que importa. O no: \u201cLa inversi\u00f3n p\u00fablica ha pasado de representar el 3,5% del PIB en los a\u00f1os noventa a apenas el 1,8% en 2023. Este descenso no ha sido casual ni inevitable, sino resultado de decisiones pol\u00edticas que han priorizado otros gastos, como el creciente coste de las pensiones\u201d (El Blog Salm\u00f3n). \u00bfA esto juega Espa\u00f1a?<\/p>\n\n\n\n<p><strong>Puedo ver el futuro<\/strong><\/p>\n\n\n\n<p>Nunca he acertado una porra electoral, lo reconozco: soy muy malo haciendo predicciones. Pero me temo que no me equivoco cuando afirmo que cada d\u00eda que pasa nos queda un poco m\u00e1s para jubilarnos, que a mis 44 a\u00f1os ya s\u00e9 que los 65, o los 67, seg\u00fan mi \u00faltimo c\u00e1lculo, no voy a retirarme. Pocas dudas tengo con titulares como este: \u201cLa Seguridad Social pone la miel en los labios a los trabajadores: ya puedes consultar cu\u00e1nto cobrar\u00edas de m\u00e1s por retrasar tu jubilaci\u00f3n\u201d (Pymes y Aut\u00f3nomos), que podemos sumar al enorme gasto que ya suponen las pensiones, como hemos comentado en el p\u00e1rrafo anterior.<\/p>\n\n\n\n<p><strong>No hay privatizaci\u00f3n buena<\/strong><\/p>\n\n\n\n<p>Que no haya privatizaci\u00f3n buena no significa que no haya servicios p\u00fablicos mejorables (y hablo de la gesti\u00f3n pero tambi\u00e9n del funcionariado, que echar la culpa a la primera librando al segundo es de un infantil que tira para atr\u00e1s). Incluso en algo tan extraordinario como el espacio, la privatizaci\u00f3n trae estas cosas: \u201cEl noveno lanzamiento del Starship termina de nuevo en un fracaso, y ya van tres seguidos\u201d. El mantenimiento de los servicios p\u00fablicos, sin embargo, esta otra: \u201cEl equipo de la Voyager 1 logra recuperar unos propulsores que llevaban veinte a\u00f1os fuera de servicio\u201d (ambos titulares, en Microsiervos). Qu\u00e9 maravilla.<\/p>\n\n\n\n<p><strong>Pero no aprendemos<\/strong><\/p>\n\n\n\n<p>Est\u00e1 pasando casi desapercibido, pero una de las mayores proezas de nuestra era, la Estaci\u00f3n Espacial Internacional (que el pasado jueves pudimos ver pasar sobre Euskadi), va a ser privatizada de manera inminente. Por eso SpaceX se ha posicionado tan bien. Y por eso Jeff Bezos aprieta el acelerador. Por eso y porque EE.UU., sobre todo, va a subastar el espacio: \u201cBlue Origin tiene ahora una oportunidad de oro para adelantar a SpaceX en los viajes a la Luna. Y la est\u00e1 aprovechando\u201d (Xataka). \u00bfCon qu\u00e9 objetivo? Porque la uni\u00f3n de los estados para avanzar la entendemos, pero la carrera privada, \u00bfa qui\u00e9n beneficia?<\/p>\n<!-- AddThis Advanced Settings generic via filter on the_content --><!-- AddThis Share Buttons generic via filter on the_content -->","protected":false},"excerpt":{"rendered":"<p>De Aitor Esteban a Joseba Agirretxea, de Xabier Arzalluz a Andoni Ortuzar, de Ardanza a Pradales, la oficialidad de la selecci\u00f3n de Euskadi es un anhelo que a partir de hoy va a resultar, al menos parcialmente, satisfecho. Algunas y algunos no estar\u00e1n muy contentos: Mertxe Aizpurua defendi\u00f3 no votar a favor del cambio legislativo &hellip; <a href=\"https:\/\/blogs.deia.eus\/bogandoporlared\/2025\/06\/02\/hoy-juega-euskadi\/\" class=\"more-link\">Sigue leyendo <span class=\"screen-reader-text\">Hoy juega Euskadi<\/span><\/a><!-- AddThis Advanced Settings generic via filter on get_the_excerpt --><!-- AddThis Share Buttons generic via filter on get_the_excerpt --><\/p>\n","protected":false},"author":5,"featured_media":0,"comment_status":"closed","ping_status":"closed","sticky":false,"template":"","format":"standard","meta":{"footnotes":""},"categories":[48013],"tags":[5641,169744,46208,74808,61431,48274,157765,34821,17729,140607,36187,166035,50785],"class_list":["post-18420","post","type-post","status-publish","format-standard","hentry","category-los-apuntes","tag-aitor-esteban","tag-blue-origin","tag-el-blog-salmon","tag-estacion-espacial-internacional","tag-infobae","tag-joseba-agirretxea","tag-mertxe-aizpurua","tag-microsiervos","tag-pymes-y-autonomos","tag-seleccion-de-euskadi","tag-spacex","tag-starship","tag-xataka"],"_links":{"self":[{"href":"https:\/\/blogs.deia.eus\/bogandoporlared\/wp-json\/wp\/v2\/posts\/18420","targetHints":{"allow":["GET"]}}],"collection":[{"href":"https:\/\/blogs.deia.eus\/bogandoporlared\/wp-json\/wp\/v2\/posts"}],"about":[{"href":"https:\/\/blogs.deia.eus\/bogandoporlared\/wp-json\/wp\/v2\/types\/post"}],"author":[{"embeddable":true,"href":"https:\/\/blogs.deia.eus\/bogandoporlared\/wp-json\/wp\/v2\/users\/5"}],"replies":[{"embeddable":true,"href":"https:\/\/blogs.deia.eus\/bogandoporlared\/wp-json\/wp\/v2\/comments?post=18420"}],"version-history":[{"count":1,"href":"https:\/\/blogs.deia.eus\/bogandoporlared\/wp-json\/wp\/v2\/posts\/18420\/revisions"}],"predecessor-version":[{"id":18422,"href":"https:\/\/blogs.deia.eus\/bogandoporlared\/wp-json\/wp\/v2\/posts\/18420\/revisions\/18422"}],"wp:attachment":[{"href":"https:\/\/blogs.deia.eus\/bogandoporlared\/wp-json\/wp\/v2\/media?parent=18420"}],"wp:term":[{"taxonomy":"category","embeddable":true,"href":"https:\/\/blogs.deia.eus\/bogandoporlared\/wp-json\/wp\/v2\/categories?post=18420"},{"taxonomy":"post_tag","embeddable":true,"href":"https:\/\/blogs.deia.eus\/bogandoporlared\/wp-json\/wp\/v2\/tags?post=18420"}],"curies":[{"name":"wp","href":"https:\/\/api.w.org\/{rel}","templated":true}]}}