{"id":18435,"date":"2025-06-06T07:44:00","date_gmt":"2025-06-06T06:44:00","guid":{"rendered":"https:\/\/blogs.deia.eus\/bogandoporlared\/?p=18435"},"modified":"2025-06-05T11:46:27","modified_gmt":"2025-06-05T10:46:27","slug":"el-primer-partido-de-la-verguenza","status":"publish","type":"post","link":"https:\/\/blogs.deia.eus\/bogandoporlared\/2025\/06\/06\/el-primer-partido-de-la-verguenza\/","title":{"rendered":"\u00abEl primer partido de la verg\u00fcenza\u00bb"},"content":{"rendered":"\n<figure class=\"wp-block-image size-large\"><a href=\"https:\/\/blogs.deia.eus\/bogandoporlared\/files\/2025\/06\/20250606_verguenza.jpg\"><img loading=\"lazy\" decoding=\"async\" width=\"940\" height=\"450\" src=\"https:\/\/blogs.deia.eus\/bogandoporlared\/files\/2025\/06\/20250606_verguenza-940x450.jpg\" alt=\"\" class=\"wp-image-18436\" srcset=\"https:\/\/blogs.deia.eus\/bogandoporlared\/files\/2025\/06\/20250606_verguenza-940x450.jpg 940w, https:\/\/blogs.deia.eus\/bogandoporlared\/files\/2025\/06\/20250606_verguenza-580x278.jpg 580w, https:\/\/blogs.deia.eus\/bogandoporlared\/files\/2025\/06\/20250606_verguenza-768x368.jpg 768w, https:\/\/blogs.deia.eus\/bogandoporlared\/files\/2025\/06\/20250606_verguenza-1536x735.jpg 1536w, https:\/\/blogs.deia.eus\/bogandoporlared\/files\/2025\/06\/20250606_verguenza.jpg 1920w\" sizes=\"auto, (max-width: 940px) 100vw, 940px\" \/><\/a><\/figure>\n\n\n\n<p>Personalmente, estoy deseando leer el titular de La Raz\u00f3n cuando Euskadi se haya enfrentado a Espa\u00f1a, yo qu\u00e9 s\u00e9, setentaicinco veces. O cien. O doscientas. \u201cEspa\u00f1a vence a Euskadi en el primer partido de la verg\u00fcenza\u201d, titulan en el diario madrile\u00f1o, y parece que cuando acabas de leerlo va a sonar un trueno. \u00bfQu\u00e9 titular\u00e1n hoy si se han cumplido los pron\u00f3sticos y la pareja de chicos que representan a Euskadi derrot\u00f3 anoche a la espa\u00f1ola en las semifinales del torneo? \u00bf\u201cEn el segundo partido de la verg\u00fcenza ganaron los vascos\u201d? De cualquier manera, hallamos una buena noticia: en algunos medios hablan de cesta punta por primera vez.<\/p>\n\n\n\n<p><strong>Fiesta, marca y menos m\u00e9dicos<\/strong><\/p>\n\n\n\n<p>Creo que no visitaba la web del departamento vasco de Salud tanto desde la pandemia. Entre notas aclaratorias y ampliaci\u00f3n de servicios, llam\u00f3 mi atenci\u00f3n este titular: \u201cEl Departamento de Salud muestra su preocupaci\u00f3n ante la reducci\u00f3n por parte de la Universidad P\u00fablica Vasca de la oferta de nuevas plazas de medicina en euskera prevista para el curso 2025-2026\u201d. El nuevo equipo rectoral de EHU ha tenido tiempo para organizar una fiesta, quitar el \u201cUPV\u201d del logo y decidir esto: \u201cEl compromiso alcanzado con el anterior era ampliar en 40 las plazas en euskera, que finalmente se han visto reducidas a tan s\u00f3lo 16: un 60% menos\u201d. Vaya.<\/p>\n\n\n\n<p><strong>\u00bfPor qu\u00e9 los preferimos?<\/strong><\/p>\n\n\n\n<p>El partido al que vot\u00e9 en las \u00faltimas elecciones generales forma parte del conocido como \u201cbloque de la investidura\u201d. Pr\u00e1cticamente, todas y todos los vascos salvo quienes votaron al PP y a Vox, y a opciones extraparlamentarias, podemos decir lo mismo. Rub\u00e9n Arranz dice esto otro en El Independiente: \u201cLeire confirma que los sinverg\u00fcenzas han tomado el mando\u201d, y se explaya, no sin raz\u00f3n, sobre c\u00f3mo \u201ca la parroquia socialista le sirve lo que hay. Lo chabacano, lo cutre\u201d. Vale. No le quito la raz\u00f3n, pero a\u00f1ado una pregunta: \u00bfpor qu\u00e9 tanta gente lo prefiere a la alternativa de N\u00fa\u00f1ez Feij\u00f3o con Abascal?<\/p>\n\n\n\n<p><strong>Donald, te toman por tonto<\/strong><\/p>\n\n\n\n<p>No tengo ninguna prueba pero tampoco ninguna duda de que Vlad\u00edmir Putin ha tratado con condescendencia a Donald Trump en la \u00faltima conversaci\u00f3n telef\u00f3nica que ambos han mantenido. En ella, el presidente del Kremlin \u201cha prometido con \u2018contundencia\u2019 una respuesta\u201d (El Peri\u00f3dico) a los \u00faltimos ataques de Ucrania. \u00bfQu\u00e9 habr\u00e1 respondido el de la Casa Blanca? Apuesto que nada. Porque el presidente es de esa tipolog\u00eda odiosa que es fuerte con los d\u00e9biles y d\u00e9bil con los fuertes. A Trump, a las pruebas me remito, Putin o Xi Jinping no le tratan como a un igual. M\u00e1s bien, al contrario. Igual esa es la soluci\u00f3n.<\/p>\n\n\n\n<p><strong>El espacio, sin competencia<\/strong><\/p>\n\n\n\n<p>Tampoco tengo pruebas ni dudas de que esto tiene mucho que ver con que Elon Musk haya abandonado la administraci\u00f3n Trump: \u201cEl gran hachazo a la NASA se concreta: cancelar\u00e1 41 misiones espaciales y la mitad de su presupuesto cient\u00edfico\u201d (El Diario). Esta es una gran p\u00e9rdida, no solo porque \u201cmandar\u00e1 a la calle a un tercio de sus trabajadores\u201d, no solo porque el progreso ir\u00e1 m\u00e1s lento, sobre todo porque la presencia de la NASA, liderando a las agencias europea, japonesa, rusa, china o india, ocupaba un espacio que, ahora, har\u00e1n suyo los muchimillonarios, empezando por Musk y Bezos, con sus intereses mucho m\u00e1s peligrosos.<\/p>\n<!-- AddThis Advanced Settings generic via filter on the_content --><!-- AddThis Share Buttons generic via filter on the_content -->","protected":false},"excerpt":{"rendered":"<p>Personalmente, estoy deseando leer el titular de La Raz\u00f3n cuando Euskadi se haya enfrentado a Espa\u00f1a, yo qu\u00e9 s\u00e9, setentaicinco veces. O cien. O doscientas. \u201cEspa\u00f1a vence a Euskadi en el primer partido de la verg\u00fcenza\u201d, titulan en el diario madrile\u00f1o, y parece que cuando acabas de leerlo va a sonar un trueno. \u00bfQu\u00e9 titular\u00e1n &hellip; <a href=\"https:\/\/blogs.deia.eus\/bogandoporlared\/2025\/06\/06\/el-primer-partido-de-la-verguenza\/\" class=\"more-link\">Sigue leyendo <span class=\"screen-reader-text\">\u00abEl primer partido de la verg\u00fcenza\u00bb<\/span><\/a><!-- AddThis Advanced Settings generic via filter on get_the_excerpt --><!-- AddThis Share Buttons generic via filter on get_the_excerpt --><\/p>\n","protected":false},"author":5,"featured_media":0,"comment_status":"closed","ping_status":"closed","sticky":false,"template":"","format":"standard","meta":{"footnotes":""},"categories":[48013],"tags":[73529,171179,50774,93253,53531,5617,171168,34908,170149,140607,53508],"class_list":["post-18435","post","type-post","status-publish","format-standard","hentry","category-los-apuntes","tag-donald-trump","tag-ehu","tag-el-diario","tag-el-independiente","tag-el-periodico","tag-la-razon","tag-leire-diez-castro","tag-nasa","tag-ruben-arranz","tag-seleccion-de-euskadi","tag-vladimir-putin"],"_links":{"self":[{"href":"https:\/\/blogs.deia.eus\/bogandoporlared\/wp-json\/wp\/v2\/posts\/18435","targetHints":{"allow":["GET"]}}],"collection":[{"href":"https:\/\/blogs.deia.eus\/bogandoporlared\/wp-json\/wp\/v2\/posts"}],"about":[{"href":"https:\/\/blogs.deia.eus\/bogandoporlared\/wp-json\/wp\/v2\/types\/post"}],"author":[{"embeddable":true,"href":"https:\/\/blogs.deia.eus\/bogandoporlared\/wp-json\/wp\/v2\/users\/5"}],"replies":[{"embeddable":true,"href":"https:\/\/blogs.deia.eus\/bogandoporlared\/wp-json\/wp\/v2\/comments?post=18435"}],"version-history":[{"count":1,"href":"https:\/\/blogs.deia.eus\/bogandoporlared\/wp-json\/wp\/v2\/posts\/18435\/revisions"}],"predecessor-version":[{"id":18437,"href":"https:\/\/blogs.deia.eus\/bogandoporlared\/wp-json\/wp\/v2\/posts\/18435\/revisions\/18437"}],"wp:attachment":[{"href":"https:\/\/blogs.deia.eus\/bogandoporlared\/wp-json\/wp\/v2\/media?parent=18435"}],"wp:term":[{"taxonomy":"category","embeddable":true,"href":"https:\/\/blogs.deia.eus\/bogandoporlared\/wp-json\/wp\/v2\/categories?post=18435"},{"taxonomy":"post_tag","embeddable":true,"href":"https:\/\/blogs.deia.eus\/bogandoporlared\/wp-json\/wp\/v2\/tags?post=18435"}],"curies":[{"name":"wp","href":"https:\/\/api.w.org\/{rel}","templated":true}]}}