{"id":19247,"date":"2026-04-27T07:42:00","date_gmt":"2026-04-27T06:42:00","guid":{"rendered":"https:\/\/blogs.deia.eus\/bogandoporlared\/?p=19247"},"modified":"2026-04-24T12:45:04","modified_gmt":"2026-04-24T11:45:04","slug":"lapiz-y-papel","status":"publish","type":"post","link":"https:\/\/blogs.deia.eus\/bogandoporlared\/2026\/04\/27\/lapiz-y-papel\/","title":{"rendered":"L\u00e1piz y papel"},"content":{"rendered":"\n<figure class=\"wp-block-image size-large\"><a href=\"https:\/\/blogs.deia.eus\/bogandoporlared\/files\/2026\/04\/20260427_lapiz.jpg\"><img loading=\"lazy\" decoding=\"async\" width=\"940\" height=\"450\" src=\"https:\/\/blogs.deia.eus\/bogandoporlared\/files\/2026\/04\/20260427_lapiz-940x450.jpg\" alt=\"\" class=\"wp-image-19248\" srcset=\"https:\/\/blogs.deia.eus\/bogandoporlared\/files\/2026\/04\/20260427_lapiz-940x450.jpg 940w, https:\/\/blogs.deia.eus\/bogandoporlared\/files\/2026\/04\/20260427_lapiz-580x278.jpg 580w, https:\/\/blogs.deia.eus\/bogandoporlared\/files\/2026\/04\/20260427_lapiz-768x368.jpg 768w, https:\/\/blogs.deia.eus\/bogandoporlared\/files\/2026\/04\/20260427_lapiz-1536x735.jpg 1536w, https:\/\/blogs.deia.eus\/bogandoporlared\/files\/2026\/04\/20260427_lapiz.jpg 1920w\" sizes=\"auto, (max-width: 940px) 100vw, 940px\" \/><\/a><\/figure>\n\n\n\n<p>\u201cSuecia vuelve al l\u00e1piz y papel\u201d. No es una noticia en alg\u00fan blog reaccionario: lo cuenta la BBC. \u201cEl gobierno de Suecia defiende un renovado enfoque en los libros, el papel y los bol\u00edgrafos f\u00edsicos en las aulas, con el objetivo de revertir la ca\u00edda de los niveles de alfabetizaci\u00f3n\u201d. Curiosamente, esta medida \u201cha generado cr\u00edticas desde las empresas tecnol\u00f3gicas, educadores e inform\u00e1ticos\u201d. No en las familias. \u201cLeer textos en dispositivos digitales puede dificultar que los ni\u00f1os procesen la informaci\u00f3n\u201d, como ya sabemos. Tambi\u00e9n en Suecia \u201ceste a\u00f1o entrar\u00e1 en vigor una prohibici\u00f3n de tel\u00e9fonos m\u00f3viles en las escuelas, incluso para uso educativo\u201d.<\/p>\n\n\n\n<p><strong>S\u00ed, prohibici\u00f3n<\/strong><\/p>\n\n\n\n<p>\u201cCrece la presi\u00f3n sobre Bruselas para prohibir las redes sociales a menores en toda la UE\u201d (Euronews). S\u00ed, estamos hablando de prohibici\u00f3n y no me parece mal. Si prohibimos a los menores fumar o beber alcohol porque afecta negativamente a su desarrollo fisiol\u00f3gico y neuronal, \u00bfpor qu\u00e9 les permitimos acceder a redes sociales, que funcionan de manera similar por la dopamina y, sobre todo, son igualmente perjudiciales? Incluso la meliflua Ursula von der Leyen cree que \u201cya no hay m\u00e1s excusas para no proteger a los menores en internet\u201d. \u201cLa tecnolog\u00eda est\u00e1 lista. El impulso pol\u00edtico es real. Lo que le falta a Europa es coordinaci\u00f3n\u201d.<\/p>\n\n\n\n<p><strong>\u00bfY si lo ilegalizamos?<\/strong><\/p>\n\n\n\n<p>Me gust\u00f3 el programa \u201cSe nos ha ido de las manos\u201d que emiti\u00f3 La1 la semana pasada. Carles Tamayo hizo un buen trabajo abordando un tema de actualidad, mostrando un aspecto de la realidad que muchos no conoc\u00edamos y exponi\u00e9ndolo con un lenguaje audiovisual actual y atractivo. Hoy, una semana nueva en la que tenemos una nueva oportunidad para hacer bien las cosas, entro al fondo: \u00bfc\u00f3mo puede ser legal que edificios enteros con inquilinos sea vendidos y comprados de tal manera que las y los inversores compran los inmuebles a un tercio del precio de mercado para duplicar o triplicar despu\u00e9s los alquileres?<\/p>\n\n\n\n<p><strong>Que no se nos pase<\/strong><\/p>\n\n\n\n<p>Esta noticia tampoco es de esta semana pero gracias a Men\u00e9ame ha vuelto a la actualidad y tenemos una nueva oportunidad para no dejarla pasar. Y no lo haremos: \u201cEl br\u00f3ker de Hegseth intent\u00f3 comprar acciones en empresas de defensa antes de los ataques a Ir\u00e1n\u201d (P\u00fablico). El referido Pete Hegseth es el ministro de la Guerra de EE.UU., seg\u00fan la denominaci\u00f3n que determin\u00f3 y le gusta utilizar a Donald Trump, y est\u00e1 ahora de actualidad porque no deja de generar tensiones y dimisiones en su departamento porque una cosa es ser el se\u00f1or de la guerra cuando aplastas y, otra, serlo cuando el enemigo te planta batalla, como Ir\u00e1n.<\/p>\n\n\n\n<p><strong>Un lejan\u00edsimo rayo de esperanza<\/strong><\/p>\n\n\n\n<p>La columna ha empezado con buenas noticias, se ha ido oscureciendo ante la ley espa\u00f1ola que permite la especulaci\u00f3n m\u00e1s salvaje y, como siempre, se ha fastidiado cuando ha pasado por Trump. Pero quiero terminar con esta pieza fascinante en Microsiervos: \u201cDentro de su plan para prolongar la misi\u00f3n de las sondas Voyager, que fueron lanzadas a finales del verano de 1977 para una misi\u00f3n de cinco a\u00f1os, la NASA acaba de enviar los comandos para apagar el detector de part\u00edculas cargadas de baja energ\u00eda de la Voyager 1\u201d para exprimir \u201chasta el \u00faltimo vatio\u201d. La idea es reactivarlo \u201calg\u00fan d\u00eda si averiguan de d\u00f3nde sacar la electricidad necesaria\u201d.<\/p>\n<!-- AddThis Advanced Settings generic via filter on the_content --><!-- AddThis Share Buttons generic via filter on the_content -->","protected":false},"excerpt":{"rendered":"<p>\u201cSuecia vuelve al l\u00e1piz y papel\u201d. No es una noticia en alg\u00fan blog reaccionario: lo cuenta la BBC. \u201cEl gobierno de Suecia defiende un renovado enfoque en los libros, el papel y los bol\u00edgrafos f\u00edsicos en las aulas, con el objetivo de revertir la ca\u00edda de los niveles de alfabetizaci\u00f3n\u201d. Curiosamente, esta medida \u201cha generado &hellip; <a href=\"https:\/\/blogs.deia.eus\/bogandoporlared\/2026\/04\/27\/lapiz-y-papel\/\" class=\"more-link\">Sigue leyendo <span class=\"screen-reader-text\">L\u00e1piz y papel<\/span><\/a><!-- AddThis Advanced Settings generic via filter on get_the_excerpt --><!-- AddThis Share Buttons generic via filter on get_the_excerpt --><\/p>\n","protected":false},"author":5,"featured_media":0,"comment_status":"closed","ping_status":"closed","sticky":false,"template":"","format":"standard","meta":{"footnotes":""},"categories":[48013],"tags":[42815,171690,56895,70352,441,34821,34908,171364,42846,171689,475,156077],"class_list":["post-19247","post","type-post","status-publish","format-standard","hentry","category-los-apuntes","tag-bbc","tag-carles-tamayo","tag-euronews","tag-la1","tag-meneame","tag-microsiervos","tag-nasa","tag-pete-hegseth","tag-publico","tag-se-nos-ha-ido-de-las-manos","tag-suecia","tag-ursula-von-der-leyen"],"_links":{"self":[{"href":"https:\/\/blogs.deia.eus\/bogandoporlared\/wp-json\/wp\/v2\/posts\/19247","targetHints":{"allow":["GET"]}}],"collection":[{"href":"https:\/\/blogs.deia.eus\/bogandoporlared\/wp-json\/wp\/v2\/posts"}],"about":[{"href":"https:\/\/blogs.deia.eus\/bogandoporlared\/wp-json\/wp\/v2\/types\/post"}],"author":[{"embeddable":true,"href":"https:\/\/blogs.deia.eus\/bogandoporlared\/wp-json\/wp\/v2\/users\/5"}],"replies":[{"embeddable":true,"href":"https:\/\/blogs.deia.eus\/bogandoporlared\/wp-json\/wp\/v2\/comments?post=19247"}],"version-history":[{"count":1,"href":"https:\/\/blogs.deia.eus\/bogandoporlared\/wp-json\/wp\/v2\/posts\/19247\/revisions"}],"predecessor-version":[{"id":19249,"href":"https:\/\/blogs.deia.eus\/bogandoporlared\/wp-json\/wp\/v2\/posts\/19247\/revisions\/19249"}],"wp:attachment":[{"href":"https:\/\/blogs.deia.eus\/bogandoporlared\/wp-json\/wp\/v2\/media?parent=19247"}],"wp:term":[{"taxonomy":"category","embeddable":true,"href":"https:\/\/blogs.deia.eus\/bogandoporlared\/wp-json\/wp\/v2\/categories?post=19247"},{"taxonomy":"post_tag","embeddable":true,"href":"https:\/\/blogs.deia.eus\/bogandoporlared\/wp-json\/wp\/v2\/tags?post=19247"}],"curies":[{"name":"wp","href":"https:\/\/api.w.org\/{rel}","templated":true}]}}