{"id":19250,"date":"2026-04-28T09:48:04","date_gmt":"2026-04-28T08:48:04","guid":{"rendered":"https:\/\/blogs.deia.eus\/bogandoporlared\/?p=19250"},"modified":"2026-04-28T09:48:04","modified_gmt":"2026-04-28T08:48:04","slug":"232-dias-secuestrado","status":"publish","type":"post","link":"https:\/\/blogs.deia.eus\/bogandoporlared\/2026\/04\/28\/232-dias-secuestrado\/","title":{"rendered":"232 d\u00edas secuestrado"},"content":{"rendered":"\n<figure class=\"wp-block-image size-large\"><a href=\"https:\/\/blogs.deia.eus\/bogandoporlared\/files\/2026\/04\/20260428_232.jpg\"><img loading=\"lazy\" decoding=\"async\" width=\"940\" height=\"450\" src=\"https:\/\/blogs.deia.eus\/bogandoporlared\/files\/2026\/04\/20260428_232-940x450.jpg\" alt=\"\" class=\"wp-image-19251\" srcset=\"https:\/\/blogs.deia.eus\/bogandoporlared\/files\/2026\/04\/20260428_232-940x450.jpg 940w, https:\/\/blogs.deia.eus\/bogandoporlared\/files\/2026\/04\/20260428_232-580x278.jpg 580w, https:\/\/blogs.deia.eus\/bogandoporlared\/files\/2026\/04\/20260428_232-768x368.jpg 768w, https:\/\/blogs.deia.eus\/bogandoporlared\/files\/2026\/04\/20260428_232-1536x735.jpg 1536w, https:\/\/blogs.deia.eus\/bogandoporlared\/files\/2026\/04\/20260428_232.jpg 1920w\" sizes=\"auto, (max-width: 940px) 100vw, 940px\" \/><\/a><\/figure>\n\n\n\n<p>Cosme Delclaux era mucho m\u00e1s que una v\u00edctima de ETA: era padre, era hijo, era compa\u00f1ero, abogado\u2026 Y tambi\u00e9n fue una v\u00edctima de ETA <a href=\"https:\/\/www.ondavasca.com\/fallece-el-abogado-cosme-delclaux-secuestrado-por-eta-a-mediados-de-los-90\/\">cuyo deceso<\/a> debe recordarnos que en este pa\u00eds, hace no tanto, la gente pod\u00eda ser secuestrada para obtener un rescate (que no la liberaci\u00f3n de un pa\u00eds, ni la de unos presos, por medio de un intercambio: puro y duro dinero es lo que quiso sacar ETA). Extorsi\u00f3n, chantaje, violencia directa disfrazada como violencia pol\u00edtica. Eso es lo que ejerci\u00f3 una parte de la izquierda abertzale y que justific\u00f3 (y justifica) la izquierda abertzale en su totalidad. En fin. Vamos a dejar a Delclaux, por lo menos, descansar en paz.<\/p>\n\n\n\n<p><strong>Huelga<\/strong><\/p>\n\n\n\n<p>Me sorprende que M\u00f3nica Garc\u00eda est\u00e9 resultando tan poco eficaz para frenar una huelga de m\u00e9dicas y m\u00e9dicos que va anunci\u00e1ndose con tiempo, precisamente, para negociar con el ministerio. No me sorprende, ya lo digo todo, que la ministra ponga en marcha el ventilador se\u00f1alando a las autonom\u00edas para evitar su responsabilidad, ni que le compren el discurso los que quieran aprovechar para reba\u00f1ar votos o subidas de sueldo, como si tuvieran algo que ver con la reclamaci\u00f3n principal: un estatuto marco que solo puede desarrollar el gobierno central por los cambios legislativos que puede conllevar. \u00bfY si no, para qu\u00e9 est\u00e1 el ministerio?<\/p>\n\n\n\n<p><strong>Ministra y candidata<\/strong><\/p>\n\n\n\n<p>Y en este contexto, con este \u201c\u00e9xito\u201d en su funci\u00f3n, \u201cM\u00f3nica Garc\u00eda se postula para ser candidata de M\u00e1s Madrid en 2027\u201d (Redacci\u00f3n M\u00e9dica). \u201cMadrid me corre por las venas\u201d, dice la ministra espa\u00f1ola de Sanidad. Pues muy bien. Tambi\u00e9n se hart\u00f3 de decir que ella era m\u00e9dica antes de ser la m\u00e1xima responsable de su \u00e1rea y, ahora, se descabalga. Este salto de un caballito a otro dentro del tiovivo sin que se haya parado la m\u00fasica (esto es, durante la legislatura) que dan desde la izquierda me desconcierta. \u00bfDe verdad les parece una buena estrategia? \u00bfDe verdad hay tan poca gente preparada en ese espacio?<\/p>\n\n\n\n<p><strong>Antes del tiroteo<\/strong><\/p>\n\n\n\n<p>Antes del tiroteo en el hotel en el que se estaba celebrando la cena del presidente de EE.UU. con los corresponsales que cubren la Casa Blanca, vimos otra imagen de Donald Trump, la de \u00e9l dormido o, cuando menos, adormilado durante una reuni\u00f3n en el despacho oval. El consultor pol\u00edtico Jon Cooper dec\u00eda en Bluesky que esa fotograf\u00eda deber\u00eda de estar en las portadas de todos los peri\u00f3dicos. Sin embargo, no fue as\u00ed, y la del ataque en el hotel s\u00ed lo ha hecho (como es l\u00f3gico). Pero no creo que esta vez el intento de atentado dispare a Trump en las encuestas. Lo que ha roto el republicano es mucho m\u00e1s importante.<\/p>\n\n\n\n<p><strong>La guerra<\/strong><\/p>\n\n\n\n<p>La actualidad hab\u00eda impedido que comentase la imagen del soldado israel\u00ed destrozando a martillazos la imagen de un cristo crucificado (a tama\u00f1o real) en L\u00edbano. Pero en el Karma han sabido coger el tema en el rebote, tirar de s\u00e1tira y hacer un buen chiste: el soldado \u201cconfundi\u00f3 la escultura con un piloto suicida del grupo chi\u00ed Hezbol\u00e1\u201d que \u201cparec\u00eda tener actitud hostil y mirada de m\u00e1rtir\u201d. Adem\u00e1s, me ha dado la excusa para poner sobre el tapete el tipo de odio que genera el estado de Israel, cuyos hombres armados son capaces de destrozar todo lo que no tiene nada que ver con el sionismo. Todo y a todos. Eso es lo m\u00e1s grave.<\/p>\n<!-- AddThis Advanced Settings generic via filter on the_content --><!-- AddThis Share Buttons generic via filter on the_content -->","protected":false},"excerpt":{"rendered":"<p>Cosme Delclaux era mucho m\u00e1s que una v\u00edctima de ETA: era padre, era hijo, era compa\u00f1ero, abogado\u2026 Y tambi\u00e9n fue una v\u00edctima de ETA cuyo deceso debe recordarnos que en este pa\u00eds, hace no tanto, la gente pod\u00eda ser secuestrada para obtener un rescate (que no la liberaci\u00f3n de un pa\u00eds, ni la de unos &hellip; <a href=\"https:\/\/blogs.deia.eus\/bogandoporlared\/2026\/04\/28\/232-dias-secuestrado\/\" class=\"more-link\">Sigue leyendo <span class=\"screen-reader-text\">232 d\u00edas secuestrado<\/span><\/a><!-- AddThis Advanced Settings generic via filter on get_the_excerpt --><!-- AddThis Share Buttons generic via filter on get_the_excerpt --><\/p>\n","protected":false},"author":5,"featured_media":0,"comment_status":"closed","ping_status":"closed","sticky":false,"template":"","format":"standard","meta":{"footnotes":""},"categories":[48013],"tags":[170876,171691,73529,171243,17,14454,171692,155359,163040,157663],"class_list":["post-19250","post","type-post","status-publish","format-standard","hentry","category-los-apuntes","tag-bluesky","tag-cosme-delclaux","tag-donald-trump","tag-el-karma","tag-eta","tag-israel","tag-jon-cooper","tag-mas-madrid","tag-monica-garcia","tag-redaccion-medica"],"_links":{"self":[{"href":"https:\/\/blogs.deia.eus\/bogandoporlared\/wp-json\/wp\/v2\/posts\/19250","targetHints":{"allow":["GET"]}}],"collection":[{"href":"https:\/\/blogs.deia.eus\/bogandoporlared\/wp-json\/wp\/v2\/posts"}],"about":[{"href":"https:\/\/blogs.deia.eus\/bogandoporlared\/wp-json\/wp\/v2\/types\/post"}],"author":[{"embeddable":true,"href":"https:\/\/blogs.deia.eus\/bogandoporlared\/wp-json\/wp\/v2\/users\/5"}],"replies":[{"embeddable":true,"href":"https:\/\/blogs.deia.eus\/bogandoporlared\/wp-json\/wp\/v2\/comments?post=19250"}],"version-history":[{"count":1,"href":"https:\/\/blogs.deia.eus\/bogandoporlared\/wp-json\/wp\/v2\/posts\/19250\/revisions"}],"predecessor-version":[{"id":19252,"href":"https:\/\/blogs.deia.eus\/bogandoporlared\/wp-json\/wp\/v2\/posts\/19250\/revisions\/19252"}],"wp:attachment":[{"href":"https:\/\/blogs.deia.eus\/bogandoporlared\/wp-json\/wp\/v2\/media?parent=19250"}],"wp:term":[{"taxonomy":"category","embeddable":true,"href":"https:\/\/blogs.deia.eus\/bogandoporlared\/wp-json\/wp\/v2\/categories?post=19250"},{"taxonomy":"post_tag","embeddable":true,"href":"https:\/\/blogs.deia.eus\/bogandoporlared\/wp-json\/wp\/v2\/tags?post=19250"}],"curies":[{"name":"wp","href":"https:\/\/api.w.org\/{rel}","templated":true}]}}