{"id":19253,"date":"2026-04-29T07:48:00","date_gmt":"2026-04-29T06:48:00","guid":{"rendered":"https:\/\/blogs.deia.eus\/bogandoporlared\/?p=19253"},"modified":"2026-04-28T09:50:03","modified_gmt":"2026-04-28T08:50:03","slug":"con-el-mazo-dando","status":"publish","type":"post","link":"https:\/\/blogs.deia.eus\/bogandoporlared\/2026\/04\/29\/con-el-mazo-dando\/","title":{"rendered":"Con el mazo dando"},"content":{"rendered":"\n<figure class=\"wp-block-image size-large\"><a href=\"https:\/\/blogs.deia.eus\/bogandoporlared\/files\/2026\/04\/20260429_mazo.jpg\"><img loading=\"lazy\" decoding=\"async\" width=\"940\" height=\"450\" src=\"https:\/\/blogs.deia.eus\/bogandoporlared\/files\/2026\/04\/20260429_mazo-940x450.jpg\" alt=\"\" class=\"wp-image-19254\" srcset=\"https:\/\/blogs.deia.eus\/bogandoporlared\/files\/2026\/04\/20260429_mazo-940x450.jpg 940w, https:\/\/blogs.deia.eus\/bogandoporlared\/files\/2026\/04\/20260429_mazo-580x278.jpg 580w, https:\/\/blogs.deia.eus\/bogandoporlared\/files\/2026\/04\/20260429_mazo-768x368.jpg 768w, https:\/\/blogs.deia.eus\/bogandoporlared\/files\/2026\/04\/20260429_mazo-1536x735.jpg 1536w, https:\/\/blogs.deia.eus\/bogandoporlared\/files\/2026\/04\/20260429_mazo.jpg 1920w\" sizes=\"auto, (max-width: 940px) 100vw, 940px\" \/><\/a><\/figure>\n\n\n\n<p>Pedro S\u00e1nchez ha logrado que Donald Trump acceda a ser antagonista, su \u201cno a la guerra\u201d se ha convertido en su principal lema de campa\u00f1a permanente, mantiene un gobierno tan progresista como pacifista, y juega a enga\u00f1ar a la OTAN, pero la realidad es esta: \u201cEspa\u00f1a aumenta su gasto militar un 50% y supera el 2% del PIB despu\u00e9s de dos d\u00e9cadas\u201d (El Peri\u00f3dico). Todav\u00eda no s\u00e9 si me parece bien (por las amenazas de la extrema derecha que vienen desde Oriente y Occidente) o mal (porque estas amenazas no acaban de consumarse), pero da igual mi opini\u00f3n: la verdad es que Espa\u00f1a est\u00e1 incrementando su gasto militar.<\/p>\n\n\n\n<p><strong>Taza y media de realidad<\/strong><\/p>\n\n\n\n<p>\u201c\u00bfCu\u00e1les son las CCAA con m\u00e1s acusados por corrupci\u00f3n en 2025?\u201d, se preguntan en El Bolet\u00edn, y se responden, por supuesto: \u201cMadrid, a la cabeza\u201d, con 31 acusadas o acusados por corrupci\u00f3n. \u201cA continuaci\u00f3n, la Comunidad Valenciana y Andaluc\u00eda, empatadas con 27. Tras ellas, est\u00e1n Cantabria (14 personas), Extremadura (12) y Murcia (11)\u201d. Nafarroa y la CAV tienen cero. Por cierto, todas las comunidades mencionadas porque ocupan esos puestos de deshonor est\u00e1n gobernadas por el PP. Pero seguro que los de N\u00fa\u00f1ez Feij\u00f3o, Javier de Andr\u00e9s y su lideresa (la del vasco, por lo menos), D\u00edaz Ayuso, no encuentran ning\u00fan patr\u00f3n.<\/p>\n\n\n\n<p><strong>Tambi\u00e9n es noticia<\/strong><\/p>\n\n\n\n<p>Otra raci\u00f3n de realidad se ha repartido en EE.UU., donde \u201cel gobierno de Trump comenzar\u00e1 a reembolsar 166.000 millones de d\u00f3lares de aranceles\u201d. No lo he le\u00eddo en un tuit ni en un blog y lo he cogido porque me viene bien. \u00a1Ese entrecomillado es un titular en el New York Times! Eso, s\u00ed, las empresas tendr\u00e1n que \u201cpresentar documentaci\u00f3n al gobierno para recuperar lo que pagaron en aranceles ilegales\u201d, lo que supone dedicar horas (y dinero) para recuperar unos abonos que, como parec\u00eda y confirm\u00f3 la Corte Suprema, no eran legales. \u201cEl gobierno ha insinuado que podr\u00edan pasar meses antes de que las empresas reciban alg\u00fan dinero\u201d.<\/p>\n\n\n\n<p><strong>Lo que es Ir\u00e1n<\/strong><\/p>\n\n\n\n<p>EE.UU. e Israel est\u00e1n bombardeando Ir\u00e1n por el morro, por la conveniencia pol\u00edtica de Netanyahu y por la econ\u00f3mica de Trump y su entorno. Eso es inadmisible y que lo sepamos tambi\u00e9n importa, aunque poco podamos hacer. Pero Ir\u00e1n, ni bajo la lluvia de bombas, ni con la propaganda basada en el humor, ni cobrando en yuanes o criptomonedas el paso por Ormuz, ha dejado de ser esto: \u201cIr\u00e1n anuncia la ejecuci\u00f3n de un joven de 22 a\u00f1os por pertenencia al grupo salafista Jaish al Adl\u201d (Euronews). Por desgracia, no es una excepci\u00f3n: \u201cLa Rep\u00fablica Isl\u00e1mica ha ejecutado a 20 personas en menos de dos meses\u201d.<\/p>\n\n\n\n<p><strong>Qu\u00e9 bonito era el f\u00fatbol<\/strong><\/p>\n\n\n\n<p>Que el rival del Rayo el pasado fin de semana fuese la Real Sociedad es puramente circunstancial. De hecho, la reflexi\u00f3n de Sergio Camello, delantero franjirrojo, es atemporal y vale para ese partido como vale para cualquier otro: \u201cQu\u00e9 bonito era el f\u00fatbol cuando era f\u00fatbol. En lo que se est\u00e1 convirtiendo esto es una mierda\u201d. Se refiere, por supuesto, al VAR y al show-business que ha montado La Liga para justificar inversiones que yo siempre resumo de la misma manera: el VAR nos rob\u00f3 la emoci\u00f3n del gol, que es la esencia del f\u00fatbol. Quien no quiera revertirlo o no le gusta el f\u00fatbol o est\u00e1 en el reparto.<\/p>\n<!-- AddThis Advanced Settings generic via filter on the_content --><!-- AddThis Share Buttons generic via filter on the_content -->","protected":false},"excerpt":{"rendered":"<p>Pedro S\u00e1nchez ha logrado que Donald Trump acceda a ser antagonista, su \u201cno a la guerra\u201d se ha convertido en su principal lema de campa\u00f1a permanente, mantiene un gobierno tan progresista como pacifista, y juega a enga\u00f1ar a la OTAN, pero la realidad es esta: \u201cEspa\u00f1a aumenta su gasto militar un 50% y supera el &hellip; <a href=\"https:\/\/blogs.deia.eus\/bogandoporlared\/2026\/04\/29\/con-el-mazo-dando\/\" class=\"more-link\">Sigue leyendo <span class=\"screen-reader-text\">Con el mazo dando<\/span><\/a><!-- AddThis Advanced Settings generic via filter on get_the_excerpt --><!-- AddThis Share Buttons generic via filter on get_the_excerpt --><\/p>\n","protected":false},"author":5,"featured_media":0,"comment_status":"closed","ping_status":"closed","sticky":false,"template":"","format":"standard","meta":{"footnotes":""},"categories":[48013],"tags":[73529,44670,53531,56895,10801,53649,171693,62585,103956],"class_list":["post-19253","post","type-post","status-publish","format-standard","hentry","category-los-apuntes","tag-donald-trump","tag-el-boletin","tag-el-periodico","tag-euronews","tag-iran","tag-pedro-sanchez","tag-sergio-camello","tag-the-new-york-times","tag-var"],"_links":{"self":[{"href":"https:\/\/blogs.deia.eus\/bogandoporlared\/wp-json\/wp\/v2\/posts\/19253","targetHints":{"allow":["GET"]}}],"collection":[{"href":"https:\/\/blogs.deia.eus\/bogandoporlared\/wp-json\/wp\/v2\/posts"}],"about":[{"href":"https:\/\/blogs.deia.eus\/bogandoporlared\/wp-json\/wp\/v2\/types\/post"}],"author":[{"embeddable":true,"href":"https:\/\/blogs.deia.eus\/bogandoporlared\/wp-json\/wp\/v2\/users\/5"}],"replies":[{"embeddable":true,"href":"https:\/\/blogs.deia.eus\/bogandoporlared\/wp-json\/wp\/v2\/comments?post=19253"}],"version-history":[{"count":1,"href":"https:\/\/blogs.deia.eus\/bogandoporlared\/wp-json\/wp\/v2\/posts\/19253\/revisions"}],"predecessor-version":[{"id":19255,"href":"https:\/\/blogs.deia.eus\/bogandoporlared\/wp-json\/wp\/v2\/posts\/19253\/revisions\/19255"}],"wp:attachment":[{"href":"https:\/\/blogs.deia.eus\/bogandoporlared\/wp-json\/wp\/v2\/media?parent=19253"}],"wp:term":[{"taxonomy":"category","embeddable":true,"href":"https:\/\/blogs.deia.eus\/bogandoporlared\/wp-json\/wp\/v2\/categories?post=19253"},{"taxonomy":"post_tag","embeddable":true,"href":"https:\/\/blogs.deia.eus\/bogandoporlared\/wp-json\/wp\/v2\/tags?post=19253"}],"curies":[{"name":"wp","href":"https:\/\/api.w.org\/{rel}","templated":true}]}}