{"id":19256,"date":"2026-04-30T09:35:16","date_gmt":"2026-04-30T08:35:16","guid":{"rendered":"https:\/\/blogs.deia.eus\/bogandoporlared\/?p=19256"},"modified":"2026-04-30T09:35:16","modified_gmt":"2026-04-30T08:35:16","slug":"vaya-cagada","status":"publish","type":"post","link":"https:\/\/blogs.deia.eus\/bogandoporlared\/2026\/04\/30\/vaya-cagada\/","title":{"rendered":"Vaya cagada"},"content":{"rendered":"\n<figure class=\"wp-block-image size-full\"><a href=\"https:\/\/blogs.deia.eus\/bogandoporlared\/files\/2026\/04\/20260430_cagada.jpg\"><img loading=\"lazy\" decoding=\"async\" width=\"595\" height=\"870\" src=\"https:\/\/blogs.deia.eus\/bogandoporlared\/files\/2026\/04\/20260430_cagada.jpg\" alt=\"\" class=\"wp-image-19257\" srcset=\"https:\/\/blogs.deia.eus\/bogandoporlared\/files\/2026\/04\/20260430_cagada.jpg 595w, https:\/\/blogs.deia.eus\/bogandoporlared\/files\/2026\/04\/20260430_cagada-580x848.jpg 580w\" sizes=\"auto, (max-width: 595px) 100vw, 595px\" \/><\/a><\/figure>\n\n\n\n<p>Si todo el mundo menos t\u00fa, que has puesto el tuit y tienes que defenderlo, piensa que te has equivocado, que no son las formas, que no es leal a un socio global, que no es el canal, y que la v\u00edspera de una reuni\u00f3n a alto nivel tampoco es el momento, lo m\u00e1s probable que es que te hayas equivocado. En el PSE han ideado, generado con IA, posiblemente retocado en Canva, redactado el copy y, finalmente, publicado un tuit que no es desafortunado, es excepcional y grave (por sus posibles y l\u00f3gicas consecuencias), y a toda la cadena de responsabilidad le ha gustado. Ahora les toca sacar la pata, cuanto antes y con claridad.<\/p>\n\n\n\n<p><strong>No son honestos<\/strong><\/p>\n\n\n\n<p>Segu\u00ed la sesi\u00f3n en el Congreso, las declaraciones en los pasillos, y he visto y o\u00eddo tertulias y an\u00e1lisis posteriores a la derogaci\u00f3n del decreto de emergencia para impedir el ascenso de los precios en los alquileres. Casi nadie dice la verdad en Espa\u00f1a: ni unos ni otros. Como denuncia sistem\u00e1tica y acertadamente Estefan\u00eda Molina, la vivienda se ha convertido en una bandera y en un ariete ideol\u00f3gico, pero no en un problema que resolver con medidas \u00fatiles. Defender ese decreto sin entrar al fondo, a que no deber\u00eda de ser una emergencia, a que la ley de vivienda de Bildu y Sumar no ha servido para nada, es buscar la foto para la galer\u00eda.<\/p>\n\n\n\n<p><strong>El fracaso<\/strong><\/p>\n\n\n\n<p>Ojal\u00e1 en el Congreso abordasen el problema de la vivienda con honestidad, de frente, sin leyes para una campa\u00f1a, como la que aprobaron Bildu, Podemos, Sumar, el PSOE y ERC (que despu\u00e9s de la campa\u00f1a la recurri\u00f3 porque la cara dura hay que trabajarla d\u00eda a d\u00eda). Ojal\u00e1 aprobasen una ley que proh\u00edbe, sin ambages, que un inversor compre un edificio entero, que no permite bloques de viviendas tur\u00edsticas en el centro de las ciudades, que asfixia a quien ofrece un Airbnb y a quien lo utiliza y, al mismo tiempo, que fomenta la oferta y que no se\u00f1ala siempre al propietario como al responsable de todo.<\/p>\n\n\n\n<p><strong>Cu\u00e1ndo y qu\u00e9<\/strong><\/p>\n\n\n\n<p>Conoc\u00ed a Francisco Letamendia cuando yo era alumno de la EHU y \u00e9l, profesor. Siempre fue accesible y amable. Un contrapunto a compa\u00f1eras suyas como Edurne Uriarte, que se lo pusieron f\u00e1cil en lo personal y lo ideol\u00f3gico. Ahora EH Bildu lo reivindica. Lo hace Mertxe Aizupurua, que en su tuit de homenaje omite dos cuestiones muy significativas: que cuando clam\u00f3 aquel famoso \u201cgora Euskadi askatuta!\u201d en la tribuna del Congreso lo hizo como parlamentario de Euskadiko Ezkerra (como diputado de Herri Batasuna, su partido no le dej\u00f3 ejercer la defensa de sus votos en Madrid) y que no dijo \u201cEuskal Herria\u201d.<\/p>\n\n\n\n<p><strong>Lo suyo<\/strong><\/p>\n\n\n\n<p>Arnaldo Otegi reivindicaba, tambi\u00e9n en X, a Jokin Urain, alias \u201cKixkur\u201d. Militante, nacionalista, socialista, escritor y camarada extraordinario. As\u00ed lo defin\u00eda. En la cuenta de COVITE en la misma red, le completaban la hagiograf\u00eda: \u201cCondenado por 4 asesinatos\u201d, \u201cresponsable del atentado con coche bomba contra un convoy militar en Gald\u00e1cano en 1984, asesinando a Luis Asensio, Juan Enr\u00edquez y Francisco Javier Fern\u00e1ndez. Otras 11 personas resultaron heridas, algunas de gravedad\u201d, y \u201cresponsable del asesinato del militar retirado Alberto Aznar, en frente de la madre de la v\u00edctima\u201d.<\/p>\n<!-- AddThis Advanced Settings generic via filter on the_content --><!-- AddThis Share Buttons generic via filter on the_content -->","protected":false},"excerpt":{"rendered":"<p>Si todo el mundo menos t\u00fa, que has puesto el tuit y tienes que defenderlo, piensa que te has equivocado, que no son las formas, que no es leal a un socio global, que no es el canal, y que la v\u00edspera de una reuni\u00f3n a alto nivel tampoco es el momento, lo m\u00e1s probable &hellip; <a href=\"https:\/\/blogs.deia.eus\/bogandoporlared\/2026\/04\/30\/vaya-cagada\/\" class=\"more-link\">Sigue leyendo <span class=\"screen-reader-text\">Vaya cagada<\/span><\/a><!-- AddThis Advanced Settings generic via filter on get_the_excerpt --><!-- AddThis Share Buttons generic via filter on get_the_excerpt --><\/p>\n","protected":false},"author":5,"featured_media":0,"comment_status":"closed","ping_status":"closed","sticky":false,"template":"","format":"standard","meta":{"footnotes":""},"categories":[48013],"tags":[5641,20662,33386,159923,171695,171697,171698,171696,171694,170254],"class_list":["post-19256","post","type-post","status-publish","format-standard","hentry","category-los-apuntes","tag-aitor-esteban","tag-arnaldo-otegi","tag-covite","tag-estefania-molina","tag-francisco-letamendia","tag-jokin-urain","tag-kixkur","tag-mertxe-aizupurua","tag-pse-ee","tag-x"],"_links":{"self":[{"href":"https:\/\/blogs.deia.eus\/bogandoporlared\/wp-json\/wp\/v2\/posts\/19256","targetHints":{"allow":["GET"]}}],"collection":[{"href":"https:\/\/blogs.deia.eus\/bogandoporlared\/wp-json\/wp\/v2\/posts"}],"about":[{"href":"https:\/\/blogs.deia.eus\/bogandoporlared\/wp-json\/wp\/v2\/types\/post"}],"author":[{"embeddable":true,"href":"https:\/\/blogs.deia.eus\/bogandoporlared\/wp-json\/wp\/v2\/users\/5"}],"replies":[{"embeddable":true,"href":"https:\/\/blogs.deia.eus\/bogandoporlared\/wp-json\/wp\/v2\/comments?post=19256"}],"version-history":[{"count":1,"href":"https:\/\/blogs.deia.eus\/bogandoporlared\/wp-json\/wp\/v2\/posts\/19256\/revisions"}],"predecessor-version":[{"id":19258,"href":"https:\/\/blogs.deia.eus\/bogandoporlared\/wp-json\/wp\/v2\/posts\/19256\/revisions\/19258"}],"wp:attachment":[{"href":"https:\/\/blogs.deia.eus\/bogandoporlared\/wp-json\/wp\/v2\/media?parent=19256"}],"wp:term":[{"taxonomy":"category","embeddable":true,"href":"https:\/\/blogs.deia.eus\/bogandoporlared\/wp-json\/wp\/v2\/categories?post=19256"},{"taxonomy":"post_tag","embeddable":true,"href":"https:\/\/blogs.deia.eus\/bogandoporlared\/wp-json\/wp\/v2\/tags?post=19256"}],"curies":[{"name":"wp","href":"https:\/\/api.w.org\/{rel}","templated":true}]}}