{"id":19259,"date":"2026-05-01T07:23:00","date_gmt":"2026-05-01T06:23:00","guid":{"rendered":"https:\/\/blogs.deia.eus\/bogandoporlared\/?p=19259"},"modified":"2026-04-30T12:26:29","modified_gmt":"2026-04-30T11:26:29","slug":"poco-hablamos-de-esto","status":"publish","type":"post","link":"https:\/\/blogs.deia.eus\/bogandoporlared\/2026\/05\/01\/poco-hablamos-de-esto\/","title":{"rendered":"Poco hablamos de esto"},"content":{"rendered":"\n<figure class=\"wp-block-image size-large\"><a href=\"https:\/\/blogs.deia.eus\/bogandoporlared\/files\/2026\/04\/20260501_poco.jpg\"><img loading=\"lazy\" decoding=\"async\" width=\"940\" height=\"450\" src=\"https:\/\/blogs.deia.eus\/bogandoporlared\/files\/2026\/04\/20260501_poco-940x450.jpg\" alt=\"\" class=\"wp-image-19260\" srcset=\"https:\/\/blogs.deia.eus\/bogandoporlared\/files\/2026\/04\/20260501_poco-940x450.jpg 940w, https:\/\/blogs.deia.eus\/bogandoporlared\/files\/2026\/04\/20260501_poco-580x278.jpg 580w, https:\/\/blogs.deia.eus\/bogandoporlared\/files\/2026\/04\/20260501_poco-768x368.jpg 768w, https:\/\/blogs.deia.eus\/bogandoporlared\/files\/2026\/04\/20260501_poco-1536x735.jpg 1536w, https:\/\/blogs.deia.eus\/bogandoporlared\/files\/2026\/04\/20260501_poco.jpg 1920w\" sizes=\"auto, (max-width: 940px) 100vw, 940px\" \/><\/a><\/figure>\n\n\n\n<p>Ya han pasado un par de semanas y, sorprendentemente, poco hemos hablado de esto: Braulio G\u00f3mez llevaba a Radio Euskadi unos datos del CIS muy elocuentes. Resulta que las y los votantes del PNV son las y los que m\u00e1s follan. Luego va el bloque espa\u00f1olista: PSOE y PP. Y las y los que menos relaciones sexuales mantienen al a\u00f1o son las y los de izquierdas: las y los votantes de EH Bildu y Sumar (de alg\u00fan sitio tiene que salir el tiempo que dedican a hacer diagn\u00f3sticos y reflexiones). Ojo, que el dato no es de poca relevancia: que votar al PNV es sin\u00f3nimo de m\u00e1s orgasmos puede ser un claim dif\u00edcil de igualar.<\/p>\n\n\n\n<p><strong>No, no es periodismo<\/strong><\/p>\n\n\n\n<p>En mi opini\u00f3n, en El Plural dan demasiados detalles sobre el \u00faltimo acoso de Vito Quiles, esta vez, a Bego\u00f1a G\u00f3mez. Solo con que el provocador haya hecho lo que suele hacer (aunque esta vez parece que fue incluso m\u00e1s) ya deber\u00edamos repudiarlo. Y aunque use un micr\u00f3fono, una c\u00e1mara y un canal de YouTube para ejecutar su asfixia, Quiles no es periodista, es un acosador pagado por el PP. Y eso es lo m\u00e1s grave: el partido de N\u00fa\u00f1ez Feij\u00f3o, Javier de Andr\u00e9s e Isabel D\u00edaz Ayuso est\u00e1 legitimando a Quiles y d\u00e1ndole recursos para mantener y defender sus provocaciones, su violencia, en definitiva. Tendr\u00e1n que cargar con ello.<\/p>\n\n\n\n<p><strong>No es un dem\u00f3crata<\/strong><\/p>\n\n\n\n<p>Da un poco de miedo pensar que el responsable del mayor arsenal militar del mundo, quien puede influir en la principal industria cultural del planeta, el que decide sobre reservas energ\u00e9ticas y minerales que pueden desequilibrar cualquier mercado, no es un dem\u00f3crata. La Casa Blanca consider\u00f3 gracioso o c\u00f3mplice (\u00bfcon qui\u00e9n? \u00bfPor qu\u00e9?) titular \u201cdos reyes\u201d la foto de Trump con Carlos de Inglaterra. Al mismo tiempo, pr\u00e1cticamente, en la red social que cre\u00f3 y en la que es el principal prescriptor, el presidente de EE.UU. public\u00f3 una imagen en la que aparec\u00eda armado asegurando que est\u00e1 harto de ser el chico amable en Ir\u00e1n. Insisto: da miedo.<\/p>\n\n\n\n<p><strong>La memoria<\/strong><\/p>\n\n\n\n<p>En la pieza de P\u00fablico en la que alertan de que \u201cla mayor\u00eda de los due\u00f1os de vivienda en Espa\u00f1a ya son multipropietarios, mientras que una de cada cinco familias vive de alquiler\u201d, muestran su preocupaci\u00f3n por la \u201c\u2018generaci\u00f3n inquilina\u2019 que ya representa a casi una de cada cinco familias\u201d. \u201cEl crecimiento del parque inmobiliario ha beneficiado principalmente a quienes ya acumulaban patrimonio\u201d, concluyen, como si medios como P\u00fablico y prescriptores de la izquierda no hubiesen impulsado durante d\u00e9cadas el alquiler, y como si ese alquiler no beneficiase a largo plazo a los grandes propietarios. Algunos tenemos memoria.<\/p>\n\n\n\n<p><strong>Fruto del postconflicto<\/strong><\/p>\n\n\n\n<p>Tuve la suerte de conocer de primera mano el \u201cpostconflicto\u201d en el norte de Irlanda. Un magma extra\u00f1o de estudios graves, humor negro, convivencia forzada y normalizaci\u00f3n de lo extra\u00f1o (como el par de v\u00edctimas por el ciclo de la venganza cada a\u00f1o, o las noticias recurrentes sobre disparos en las rodillas). Casi veinte a\u00f1os despu\u00e9s de aquella inmersi\u00f3n personal, leo en Euronews que \u201cla Polic\u00eda sospecha de republicanos disidentes en el atentado con coche bomba en Irlanda del Norte\u201d. Resulta que el \u201cNuevo IRA\u201d es un \u201cgrupo paramilitar\u201d que ya \u201creivindic\u00f3 la autor\u00eda\u201d de otro atentado anterior en Lurgan, similar al actual en Belfast.<\/p>\n<!-- AddThis Advanced Settings generic via filter on the_content --><!-- AddThis Share Buttons generic via filter on the_content -->","protected":false},"excerpt":{"rendered":"<p>Ya han pasado un par de semanas y, sorprendentemente, poco hemos hablado de esto: Braulio G\u00f3mez llevaba a Radio Euskadi unos datos del CIS muy elocuentes. Resulta que las y los votantes del PNV son las y los que m\u00e1s follan. Luego va el bloque espa\u00f1olista: PSOE y PP. Y las y los que menos &hellip; <a href=\"https:\/\/blogs.deia.eus\/bogandoporlared\/2026\/05\/01\/poco-hablamos-de-esto\/\" class=\"more-link\">Sigue leyendo <span class=\"screen-reader-text\">Poco hablamos de esto<\/span><\/a><!-- AddThis Advanced Settings generic via filter on get_the_excerpt --><!-- AddThis Share Buttons generic via filter on get_the_excerpt --><\/p>\n","protected":false},"author":5,"featured_media":0,"comment_status":"closed","ping_status":"closed","sticky":false,"template":"","format":"standard","meta":{"footnotes":""},"categories":[48013],"tags":[140683,171699,73529,44632,56895,56192,42846,448,171167,170297,170254],"class_list":["post-19259","post","type-post","status-publish","format-standard","hentry","category-los-apuntes","tag-begona-gomez","tag-braulio-gomez","tag-donald-trump","tag-el-plural","tag-euronews","tag-irlanda-del-norte","tag-publico","tag-radio-euskadi","tag-truth-social","tag-vito-quiles","tag-x"],"_links":{"self":[{"href":"https:\/\/blogs.deia.eus\/bogandoporlared\/wp-json\/wp\/v2\/posts\/19259","targetHints":{"allow":["GET"]}}],"collection":[{"href":"https:\/\/blogs.deia.eus\/bogandoporlared\/wp-json\/wp\/v2\/posts"}],"about":[{"href":"https:\/\/blogs.deia.eus\/bogandoporlared\/wp-json\/wp\/v2\/types\/post"}],"author":[{"embeddable":true,"href":"https:\/\/blogs.deia.eus\/bogandoporlared\/wp-json\/wp\/v2\/users\/5"}],"replies":[{"embeddable":true,"href":"https:\/\/blogs.deia.eus\/bogandoporlared\/wp-json\/wp\/v2\/comments?post=19259"}],"version-history":[{"count":1,"href":"https:\/\/blogs.deia.eus\/bogandoporlared\/wp-json\/wp\/v2\/posts\/19259\/revisions"}],"predecessor-version":[{"id":19261,"href":"https:\/\/blogs.deia.eus\/bogandoporlared\/wp-json\/wp\/v2\/posts\/19259\/revisions\/19261"}],"wp:attachment":[{"href":"https:\/\/blogs.deia.eus\/bogandoporlared\/wp-json\/wp\/v2\/media?parent=19259"}],"wp:term":[{"taxonomy":"category","embeddable":true,"href":"https:\/\/blogs.deia.eus\/bogandoporlared\/wp-json\/wp\/v2\/categories?post=19259"},{"taxonomy":"post_tag","embeddable":true,"href":"https:\/\/blogs.deia.eus\/bogandoporlared\/wp-json\/wp\/v2\/tags?post=19259"}],"curies":[{"name":"wp","href":"https:\/\/api.w.org\/{rel}","templated":true}]}}