{"id":19262,"date":"2026-05-02T07:26:00","date_gmt":"2026-05-02T06:26:00","guid":{"rendered":"https:\/\/blogs.deia.eus\/bogandoporlared\/?p=19262"},"modified":"2026-04-30T12:28:52","modified_gmt":"2026-04-30T11:28:52","slug":"hartas-y-hartos-de-la-ia","status":"publish","type":"post","link":"https:\/\/blogs.deia.eus\/bogandoporlared\/2026\/05\/02\/hartas-y-hartos-de-la-ia\/","title":{"rendered":"Hartas y hartos de la IA"},"content":{"rendered":"\n<figure class=\"wp-block-image size-large\"><a href=\"https:\/\/blogs.deia.eus\/bogandoporlared\/files\/2026\/04\/20260502_hartos.jpg\"><img loading=\"lazy\" decoding=\"async\" width=\"940\" height=\"450\" src=\"https:\/\/blogs.deia.eus\/bogandoporlared\/files\/2026\/04\/20260502_hartos-940x450.jpg\" alt=\"\" class=\"wp-image-19263\" srcset=\"https:\/\/blogs.deia.eus\/bogandoporlared\/files\/2026\/04\/20260502_hartos-940x450.jpg 940w, https:\/\/blogs.deia.eus\/bogandoporlared\/files\/2026\/04\/20260502_hartos-580x278.jpg 580w, https:\/\/blogs.deia.eus\/bogandoporlared\/files\/2026\/04\/20260502_hartos-768x368.jpg 768w, https:\/\/blogs.deia.eus\/bogandoporlared\/files\/2026\/04\/20260502_hartos-1536x735.jpg 1536w, https:\/\/blogs.deia.eus\/bogandoporlared\/files\/2026\/04\/20260502_hartos.jpg 1920w\" sizes=\"auto, (max-width: 940px) 100vw, 940px\" \/><\/a><\/figure>\n\n\n\n<p>Esto acaba de empezar y ya estamos cansados: la IA en todas partes y a todas horas nos satura. Somos conscientes de que perdemos demasiado tiempo viendo reels, pero cuando estos est\u00e1n producidos con IA, nos enfadamos. \u00bfO no? Ira Climent advierte en Instagram de ese cansancio y, sobre todo, del descreimiento y el rechazo que est\u00e1 generando ese uso y abuso de la IA por parte de los creadores de contenido. Tambi\u00e9n cree que el engadgement actual es solo un reflejo de lo que fue. Seg\u00fan ella, vuelve el Internet de antes, con contenido personal genuino, comunidades cerradas y redes alternativas con menos gente como Bluesky.<\/p>\n\n\n\n<p><strong>\u00bfEste es tu kung-fu?<\/strong><\/p>\n\n\n\n<p>El canal en Instagram \u201cConstruyendo con IA\u201d es un ejemplo de ese uso de la IA para nada bueno del que hemos hablado. Como todos los que juegan a ser influencers, han publicado su \u201cpaso a paso\u201d para crear un libro completo desde cero y sin tener ni idea de nada. Todo lo hace la IA: te detecta el tema que interesa, te hace el guion, te escribe los cap\u00edtulos, te hace la promoci\u00f3n y hasta te prepara una web y una estrategia de ventas. T\u00fa solo tienes que copiar y pegar sus \u201cprompts\u201d, seg\u00fan estos creadores de contenido. Lo que me lleva a preguntarme: \u00bfesta mierda que es igual que la que publican en mil sitios es lo mejor que pueden ofrecer?<\/p>\n\n\n\n<p><strong>Hay p\u00fablico para todo, claro<\/strong><\/p>\n\n\n\n<p>Sin embargo, a muchos no les importa que haya contenidos generados por IA. Antonio Ortiz cuenta en Threads \u201cel caso de la modelo e influencer en el mundillo \u2018MAGA\u2019, Emily Hart, desenmascarada como un hombre indio que usaba inteligencia artificial\u201d. Gemini le recomend\u00f3 el mercado de hombres mayores y conservadores y boom: fotos con bikinis de bandera estadounidense, posturas anti-inmigraci\u00f3n, anti-aborto y a favor de la Segunda Enmienda\u201d. \u00bfResultado? \u201cGener\u00f3 entre 3.000 y 5.000 d\u00f3lares mensuales en pocos meses con solo 30-50 minutos de trabajo diario, vendiendo suscripciones en y camisetas tem\u00e1ticas\u201d.<\/p>\n\n\n\n<p><strong>Y el postureo<\/strong><\/p>\n\n\n\n<p>Otra tendencia que no aporta nada positivo a la internet de hoy es el postureo de los influencers de viajes. No lo digo yo, hartito de la mandanga desde hace a\u00f1os (lo confieso), sino la revista Viajar, tambi\u00e9n en Instagram. Lo celebro, de verdad. Celebro que una publicaci\u00f3n especializada alce la voz ante los contenidos poco realistas, las altas expectativas, las colaboraciones pagadas (no siempre reconocidas) y la saturaci\u00f3n de los diferentes reclamos tur\u00edsticos. Tambi\u00e9n creo que algunas publicaciones de viajes mostraron el camino (sobre todo, del patrocinio) y no supieron marcar la diferencia entre lo suyo y el postureo facil\u00f3n.<\/p>\n\n\n\n<p><strong>Insisto (pero ya no lo hago solo)<\/strong><\/p>\n\n\n\n<p>Despu\u00e9s de todo lo contado, me permito insistir: si prohibimos a las y los menores beber alcohol o fumar porque es malo para su desarrollo, \u00bfpor qu\u00e9 les permitimos acceder a redes sociales digitales, si tambi\u00e9n son perjudiciales, a todas luces? Esta vez, no estoy solo: el Financial Times en X informa de que el primer ministro brit\u00e1nico, Keir Starmer, ha anunciado que va a estar prohibido el uso de smartphones en los centros educativos. No me parece mal aunque el problema no es la tecnolog\u00eda (el m\u00f3vil), sino las empresas que montan redes sociales y su modelo de negocio (captar nuestra atenci\u00f3n de manera obsesiva).<\/p>\n<!-- AddThis Advanced Settings generic via filter on the_content --><!-- AddThis Share Buttons generic via filter on the_content -->","protected":false},"excerpt":{"rendered":"<p>Esto acaba de empezar y ya estamos cansados: la IA en todas partes y a todas horas nos satura. Somos conscientes de que perdemos demasiado tiempo viendo reels, pero cuando estos est\u00e1n producidos con IA, nos enfadamos. \u00bfO no? Ira Climent advierte en Instagram de ese cansancio y, sobre todo, del descreimiento y el rechazo &hellip; <a href=\"https:\/\/blogs.deia.eus\/bogandoporlared\/2026\/05\/02\/hartas-y-hartos-de-la-ia\/\" class=\"more-link\">Sigue leyendo <span class=\"screen-reader-text\">Hartas y hartos de la IA<\/span><\/a><!-- AddThis Advanced Settings generic via filter on get_the_excerpt --><!-- AddThis Share Buttons generic via filter on get_the_excerpt --><\/p>\n","protected":false},"author":5,"featured_media":0,"comment_status":"closed","ping_status":"closed","sticky":false,"template":"","format":"standard","meta":{"footnotes":""},"categories":[48013],"tags":[48232,171701,171702,50755,5661,171700,171013,170212,171703,170254],"class_list":["post-19262","post","type-post","status-publish","format-standard","hentry","category-los-apuntes","tag-antonio-ortiz","tag-construyendo-con-ia","tag-emily-hart","tag-financial-times","tag-instagram","tag-ira-climent","tag-keir-starmer","tag-threads","tag-viajar","tag-x"],"_links":{"self":[{"href":"https:\/\/blogs.deia.eus\/bogandoporlared\/wp-json\/wp\/v2\/posts\/19262","targetHints":{"allow":["GET"]}}],"collection":[{"href":"https:\/\/blogs.deia.eus\/bogandoporlared\/wp-json\/wp\/v2\/posts"}],"about":[{"href":"https:\/\/blogs.deia.eus\/bogandoporlared\/wp-json\/wp\/v2\/types\/post"}],"author":[{"embeddable":true,"href":"https:\/\/blogs.deia.eus\/bogandoporlared\/wp-json\/wp\/v2\/users\/5"}],"replies":[{"embeddable":true,"href":"https:\/\/blogs.deia.eus\/bogandoporlared\/wp-json\/wp\/v2\/comments?post=19262"}],"version-history":[{"count":1,"href":"https:\/\/blogs.deia.eus\/bogandoporlared\/wp-json\/wp\/v2\/posts\/19262\/revisions"}],"predecessor-version":[{"id":19264,"href":"https:\/\/blogs.deia.eus\/bogandoporlared\/wp-json\/wp\/v2\/posts\/19262\/revisions\/19264"}],"wp:attachment":[{"href":"https:\/\/blogs.deia.eus\/bogandoporlared\/wp-json\/wp\/v2\/media?parent=19262"}],"wp:term":[{"taxonomy":"category","embeddable":true,"href":"https:\/\/blogs.deia.eus\/bogandoporlared\/wp-json\/wp\/v2\/categories?post=19262"},{"taxonomy":"post_tag","embeddable":true,"href":"https:\/\/blogs.deia.eus\/bogandoporlared\/wp-json\/wp\/v2\/tags?post=19262"}],"curies":[{"name":"wp","href":"https:\/\/api.w.org\/{rel}","templated":true}]}}