{"id":19265,"date":"2026-05-03T07:28:00","date_gmt":"2026-05-03T06:28:00","guid":{"rendered":"https:\/\/blogs.deia.eus\/bogandoporlared\/?p=19265"},"modified":"2026-04-30T12:30:46","modified_gmt":"2026-04-30T11:30:46","slug":"la-espana-de-los-nazis","status":"publish","type":"post","link":"https:\/\/blogs.deia.eus\/bogandoporlared\/2026\/05\/03\/la-espana-de-los-nazis\/","title":{"rendered":"La Espa\u00f1a de los nazis"},"content":{"rendered":"\n<figure class=\"wp-block-image size-large\"><a href=\"https:\/\/blogs.deia.eus\/bogandoporlared\/files\/2026\/04\/20260503_nazis.jpg\"><img loading=\"lazy\" decoding=\"async\" width=\"940\" height=\"450\" src=\"https:\/\/blogs.deia.eus\/bogandoporlared\/files\/2026\/04\/20260503_nazis-940x450.jpg\" alt=\"\" class=\"wp-image-19266\" srcset=\"https:\/\/blogs.deia.eus\/bogandoporlared\/files\/2026\/04\/20260503_nazis-940x450.jpg 940w, https:\/\/blogs.deia.eus\/bogandoporlared\/files\/2026\/04\/20260503_nazis-580x278.jpg 580w, https:\/\/blogs.deia.eus\/bogandoporlared\/files\/2026\/04\/20260503_nazis-768x368.jpg 768w, https:\/\/blogs.deia.eus\/bogandoporlared\/files\/2026\/04\/20260503_nazis-1536x735.jpg 1536w, https:\/\/blogs.deia.eus\/bogandoporlared\/files\/2026\/04\/20260503_nazis.jpg 1920w\" sizes=\"auto, (max-width: 940px) 100vw, 940px\" \/><\/a><\/figure>\n\n\n\n<p>Siempre han estado ah\u00ed y, ahora que tienen visibilidad gracias a Vox, llaman m\u00e1s nuestra atenci\u00f3n. Me refiero a los nazis que encontraron un magn\u00edfico refugio en Espa\u00f1a: \u201cLa decisi\u00f3n del Gobierno espa\u00f1ol de retirar el escudo Usta\u0161a de la tumba de Vjekoslav Luburi\u0107, enterrado en el cementerio de Carcaixent (Valencia), ha reabierto una de las p\u00e1ginas m\u00e1s inc\u00f3modas de la posguerra europea: la presencia y protecci\u00f3n en Espa\u00f1a de criminales nazis responsables de genocidio\u201d (Euronews). El referido era conocido como \u201cel carnicero de Jasenovac\u201d, campo \u201cen el que fueron ajusticiados entre 56.000 y 97.000 personas\u201d.<\/p>\n\n\n\n<p><strong>Y la de los caraduras<\/strong><\/p>\n\n\n\n<p>Por precauci\u00f3n, no voy a ensalzar a los sindicatos de inquilinos, cuyos objetivos siempre parecen sospechosos y que creo que instrumentalizan el problema de la vivienda, m\u00e1s que lo resuelven. Pero en el debate televisivo entre una representante de estos y \u201cun consultor inmobiliario\u201d, del que hablan en El Plural, hay un par de cosas interesantes. Dice el jeta, digo, el consultor, que no se entra al fondo del problema. Y estoy de acuerdo: ojal\u00e1 menos decretos y votaciones para la foto y que las y los legisladores entren a saco, proh\u00edban el negocio inmobiliario grotesco y todos los pisos tur\u00edsticos, solo por ver qu\u00e9 sucede despu\u00e9s.<\/p>\n\n\n\n<p><strong>Vivir as\u00ed<\/strong><\/p>\n\n\n\n<p>He dedicado un rato a la cuenta en Instagram de Dieego Blogger. Tambi\u00e9n he estado buscando se\u00f1ales de inteligencia artificial en sus clips. Y aunque puede que me la est\u00e9n colando, me parece real: Diego Garc\u00eda del Prado es un joven cubano que desde la paradisiaca Isla de la Juventud muestra la miseria del r\u00e9gimen al mundo de una manera muy natural. Ense\u00f1a su d\u00eda a d\u00eda, incluidos los racionamientos, y recibe dinero gracias a su cuenta en Paypal, con el que compra un mont\u00f3n de comida que tambi\u00e9n ense\u00f1a, exhibiendo la diferencia entre sostenerse con lo que le asigna la dictadura y lo que puede comprar con dinero (porque existe).<\/p>\n\n\n\n<p><strong>Cinco mil palabras menos cada d\u00eda<\/strong><\/p>\n\n\n\n<p>Dice Antonio Ortiz que \u201cEn 2005, habl\u00e1bamos unas 16.632 palabras al d\u00eda. En 2019, esa cifra habr\u00eda descendido a 11.900\u201d. Y hablamos de 2019, antes de la pandemia. El descenso en el intercambio de palabras est\u00e1 directamente conlleva el descenso de di\u00e1logos que \u201cno solo se vincula con la epidemia de soledad y el riesgo de caer en teor\u00edas conspirativas, sino tambi\u00e9n con la p\u00e9rdida de habilidades b\u00e1sicas de conversaci\u00f3n, como no interrumpir al interlocutor\u201d. \u00bfLas causas? Algo tan sencillo como pedir comida a domicilio por medio de una app, incremento del uso de chats (tambi\u00e9n para la atenci\u00f3n al cliente), o los auriculares.<\/p>\n\n\n\n<p><strong>Una buena estrategia<\/strong><\/p>\n\n\n\n<p>Ten\u00eda este tema pendiente desde hace d\u00edas y creo que un domingo de puente con un tiempo reglunchi, cuando menos, es un buen d\u00eda para traerlo: el modo en el que ha difundido la NASA <a href=\"https:\/\/www.nasa.gov\/artemis-ii-multimedia\/\">el material multimedia que ha generado la misi\u00f3n Artemis II<\/a>. Fotos y v\u00eddeos del lanzamiento, la llegada, pero tambi\u00e9n las que tomaron la y los astronautas que dieron la vuelta a la luna y regresaron a casa. Un material bien distribuido en \u00e1lbumes (como en Flickr, a la antigua) y que sirve para tener buenas im\u00e1genes para usar en creaciones e incluso fondos de pantalla (hablando de cosas antiguas), sin necesidad de usar ninguna IA.<\/p>\n<!-- AddThis Advanced Settings generic via filter on the_content --><!-- AddThis Share Buttons generic via filter on the_content -->","protected":false},"excerpt":{"rendered":"<p>Siempre han estado ah\u00ed y, ahora que tienen visibilidad gracias a Vox, llaman m\u00e1s nuestra atenci\u00f3n. Me refiero a los nazis que encontraron un magn\u00edfico refugio en Espa\u00f1a: \u201cLa decisi\u00f3n del Gobierno espa\u00f1ol de retirar el escudo Usta\u0161a de la tumba de Vjekoslav Luburi\u0107, enterrado en el cementerio de Carcaixent (Valencia), ha reabierto una de &hellip; <a href=\"https:\/\/blogs.deia.eus\/bogandoporlared\/2026\/05\/03\/la-espana-de-los-nazis\/\" class=\"more-link\">Sigue leyendo <span class=\"screen-reader-text\">La Espa\u00f1a de los nazis<\/span><\/a><!-- AddThis Advanced Settings generic via filter on get_the_excerpt --><!-- AddThis Share Buttons generic via filter on get_the_excerpt --><\/p>\n","protected":false},"author":5,"featured_media":0,"comment_status":"closed","ping_status":"closed","sticky":false,"template":"","format":"standard","meta":{"footnotes":""},"categories":[48013],"tags":[48232,171704,44632,56895,5661,34908],"class_list":["post-19265","post","type-post","status-publish","format-standard","hentry","category-los-apuntes","tag-antonio-ortiz","tag-dieego-blogger","tag-el-plural","tag-euronews","tag-instagram","tag-nasa"],"_links":{"self":[{"href":"https:\/\/blogs.deia.eus\/bogandoporlared\/wp-json\/wp\/v2\/posts\/19265","targetHints":{"allow":["GET"]}}],"collection":[{"href":"https:\/\/blogs.deia.eus\/bogandoporlared\/wp-json\/wp\/v2\/posts"}],"about":[{"href":"https:\/\/blogs.deia.eus\/bogandoporlared\/wp-json\/wp\/v2\/types\/post"}],"author":[{"embeddable":true,"href":"https:\/\/blogs.deia.eus\/bogandoporlared\/wp-json\/wp\/v2\/users\/5"}],"replies":[{"embeddable":true,"href":"https:\/\/blogs.deia.eus\/bogandoporlared\/wp-json\/wp\/v2\/comments?post=19265"}],"version-history":[{"count":1,"href":"https:\/\/blogs.deia.eus\/bogandoporlared\/wp-json\/wp\/v2\/posts\/19265\/revisions"}],"predecessor-version":[{"id":19267,"href":"https:\/\/blogs.deia.eus\/bogandoporlared\/wp-json\/wp\/v2\/posts\/19265\/revisions\/19267"}],"wp:attachment":[{"href":"https:\/\/blogs.deia.eus\/bogandoporlared\/wp-json\/wp\/v2\/media?parent=19265"}],"wp:term":[{"taxonomy":"category","embeddable":true,"href":"https:\/\/blogs.deia.eus\/bogandoporlared\/wp-json\/wp\/v2\/categories?post=19265"},{"taxonomy":"post_tag","embeddable":true,"href":"https:\/\/blogs.deia.eus\/bogandoporlared\/wp-json\/wp\/v2\/tags?post=19265"}],"curies":[{"name":"wp","href":"https:\/\/api.w.org\/{rel}","templated":true}]}}