{"id":19526,"date":"2026-08-31T08:34:00","date_gmt":"2026-08-31T07:34:00","guid":{"rendered":"https:\/\/blogs.deia.eus\/bogandoporlared\/?p=19526"},"modified":"2026-08-31T08:50:44","modified_gmt":"2026-08-31T07:50:44","slug":"un-buen-lunes","status":"publish","type":"post","link":"https:\/\/blogs.deia.eus\/bogandoporlared\/2026\/08\/31\/un-buen-lunes\/","title":{"rendered":"Un buen lunes"},"content":{"rendered":"\n<figure class=\"wp-block-image size-full\"><a href=\"https:\/\/blogs.deia.eus\/bogandoporlared\/files\/2026\/08\/20260831_lunes.jpg\"><img loading=\"lazy\" decoding=\"async\" width=\"624\" height=\"153\" src=\"https:\/\/blogs.deia.eus\/bogandoporlared\/files\/2026\/08\/20260831_lunes.jpg\" alt=\"\" class=\"wp-image-19527\" srcset=\"https:\/\/blogs.deia.eus\/bogandoporlared\/files\/2026\/08\/20260831_lunes.jpg 624w, https:\/\/blogs.deia.eus\/bogandoporlared\/files\/2026\/08\/20260831_lunes-579x142.jpg 579w\" sizes=\"auto, (max-width: 624px) 100vw, 624px\" \/><\/a><\/figure>\n\n\n\n<p class=\"wp-block-paragraph\">No suelo traer cosas de Threads porque su contenido es el mismo que el de Instagram y es f\u00e1cil que te quedes atrapado viendo chorradas, pero esto de Pedro Huertas me ha gustado y creo que merece el reconocimiento: \u201cEl d\u00eda que la gente deje de usar la IA por encima de sus posibilidades, creer\u00e9 un poquico m\u00e1s en el ser humano\u201d. Me parece muy acertado porque, s\u00ed, estamos usando la IA mucho m\u00e1s de lo que la necesitamos, para chorradas, para carteles que solo le gusta a la persona que los hace sin que le importe el gasto energ\u00e9tico asociado. Si la humanidad es capaz de reaccionar colectivamente, podremos volver a ser optimistas.<\/p>\n\n\n\n<p class=\"wp-block-paragraph\"><strong>\u00bfVamos a hacer algo?<\/strong><\/p>\n\n\n\n<p class=\"wp-block-paragraph\">El calentamiento global no nos importa cuando utilizamos la IA por las risas, cuando viajamos como si no costara, cuando malgastamos los recursos pese a d\u00e9cadas de recordatorios. Igual cuando empecemos a ver cerca las consecuencias de nuestras acciones, como ha pasado en el Himalaya (pero esta queda lejos y son pobres), reaccionamos. De momento, \u201clos expertos empiezan a ponerse nerviosos: \u2018Es probable que hayamos registrado la temperatura m\u00e1s alta del mar desde hace 125.000 a\u00f1os\u2019\u201d. \u00bfTe ha parecido caluroso este verano? Pues va a ser el m\u00e1s fresco del resto de tu vida. El calentamiento es irreversible, pero podemos frenarlo.<\/p>\n\n\n\n<p class=\"wp-block-paragraph\"><strong>S\u00ed, es el modelo de consumo<\/strong><\/p>\n\n\n\n<p class=\"wp-block-paragraph\">Queremos energ\u00edas limpias, pero no en nuestros campos ni en nuestros montes. \u00a1Y los ecologistas son quienes quieren traer la electricidad desde miles de kil\u00f3metros de distancia en vez de generarlas aqu\u00ed! El modelo de generaci\u00f3n de energ\u00eda, en cualquier caso, es menos importante que el modelo de consumo. Iker Ganuza consume 1.800 Wh cada d\u00eda mientras el resto consumimos, de media, 9 kWh diarios. No se trata de vivir como el creador del canal Basquecraft, sobre autosuficiencia, pero s\u00ed de echar una pensada a lo que hacemos, revisarnos, priorizar y tomar decisiones. El futuro de nuestros hijos est\u00e1 en juego m\u00e1s que nunca.<\/p>\n\n\n\n<p class=\"wp-block-paragraph\"><strong>\u00bfPor qu\u00e9?<\/strong><\/p>\n\n\n\n<p class=\"wp-block-paragraph\">Es un tema del que apenas se habla para lo importante que es: en Espa\u00f1a se ha vuelto a retrasar la puesta en marcha del sistema de reciclaje de botellas a cambio de dinero que es tan popular en algunos pa\u00edses europeos y que acaban de poner en Portugal. El objetivo, que casi nadie conoc\u00eda, era noviembre de 2026, pero al paso que va Espa\u00f1a (y esto nos afecta en Euskadi, por supuesto), parece que van a apurar el plazo que ha dado Europa para implementarlo (otros tres a\u00f1os, todav\u00eda). De momento, \u201cla recogida en los comercios de botellas de pl\u00e1stico y latas vac\u00edas apunta ahora a 2029\u201d (El Peri\u00f3dico).<\/p>\n\n\n\n<p class=\"wp-block-paragraph\"><strong>Otra noticia \u201csecundaria\u201d<\/strong><\/p>\n\n\n\n<p class=\"wp-block-paragraph\">Era muy bonita la batalla que las y los trabajadores de Tesla en Suecia hab\u00edan plantado contra la empresa de Elon Musk, pero \u201cel sindicato IF Metall pone fin a la huelga iniciada en 2023 para reclamar un convenio colectivo tras la salida indemnizada de los trabajadores afiliados y sin el convenio colectivo que reclamaban\u201d (El Diario). Tesla ha \u201cpagado la indemnizaci\u00f3n por despido de todos sus trabajadores afiliados que permanec\u00edan en huelga\u201d, y el convenio colectivo que motiv\u00f3 el paro sigue sin existir. Alrededor de 80 trabajadores han sido, as\u00ed, neutralizados, y la huelga ha quedado sin efecto. Ha ganado el dinero. Otra vez.<\/p>\n<!-- AddThis Advanced Settings generic via filter on the_content --><!-- AddThis Share Buttons generic via filter on the_content -->","protected":false},"excerpt":{"rendered":"<p>No suelo traer cosas de Threads porque su contenido es el mismo que el de Instagram y es f\u00e1cil que te quedes atrapado viendo chorradas, pero esto de Pedro Huertas me ha gustado y creo que merece el reconocimiento: \u201cEl d\u00eda que la gente deje de usar la IA por encima de sus posibilidades, creer\u00e9 &hellip; <a href=\"https:\/\/blogs.deia.eus\/bogandoporlared\/2026\/08\/31\/un-buen-lunes\/\" class=\"more-link\">Sigue leyendo <span class=\"screen-reader-text\">Un buen lunes<\/span><\/a><!-- AddThis Advanced Settings generic via filter on get_the_excerpt --><!-- AddThis Share Buttons generic via filter on get_the_excerpt --><\/p>\n","protected":false},"author":5,"featured_media":0,"comment_status":"closed","ping_status":"closed","sticky":false,"template":"","format":"standard","meta":{"footnotes":""},"categories":[48013],"tags":[171875,53531,36186,171874,103539,171873,475,65032,170212],"class_list":["post-19526","post","type-post","status-publish","format-standard","hentry","category-los-apuntes","tag-basquecraft","tag-el-periodico","tag-elon-musk","tag-iker-ganuza","tag-inteligencia-artificial","tag-pedro-huertas","tag-suecia","tag-tesla","tag-threads"],"_links":{"self":[{"href":"https:\/\/blogs.deia.eus\/bogandoporlared\/wp-json\/wp\/v2\/posts\/19526","targetHints":{"allow":["GET"]}}],"collection":[{"href":"https:\/\/blogs.deia.eus\/bogandoporlared\/wp-json\/wp\/v2\/posts"}],"about":[{"href":"https:\/\/blogs.deia.eus\/bogandoporlared\/wp-json\/wp\/v2\/types\/post"}],"author":[{"embeddable":true,"href":"https:\/\/blogs.deia.eus\/bogandoporlared\/wp-json\/wp\/v2\/users\/5"}],"replies":[{"embeddable":true,"href":"https:\/\/blogs.deia.eus\/bogandoporlared\/wp-json\/wp\/v2\/comments?post=19526"}],"version-history":[{"count":1,"href":"https:\/\/blogs.deia.eus\/bogandoporlared\/wp-json\/wp\/v2\/posts\/19526\/revisions"}],"predecessor-version":[{"id":19528,"href":"https:\/\/blogs.deia.eus\/bogandoporlared\/wp-json\/wp\/v2\/posts\/19526\/revisions\/19528"}],"wp:attachment":[{"href":"https:\/\/blogs.deia.eus\/bogandoporlared\/wp-json\/wp\/v2\/media?parent=19526"}],"wp:term":[{"taxonomy":"category","embeddable":true,"href":"https:\/\/blogs.deia.eus\/bogandoporlared\/wp-json\/wp\/v2\/categories?post=19526"},{"taxonomy":"post_tag","embeddable":true,"href":"https:\/\/blogs.deia.eus\/bogandoporlared\/wp-json\/wp\/v2\/tags?post=19526"}],"curies":[{"name":"wp","href":"https:\/\/api.w.org\/{rel}","templated":true}]}}