{"id":19530,"date":"2026-09-01T08:50:21","date_gmt":"2026-09-01T07:50:21","guid":{"rendered":"https:\/\/blogs.deia.eus\/bogandoporlared\/?p=19530"},"modified":"2026-09-02T08:55:53","modified_gmt":"2026-09-02T07:55:53","slug":"es-violencia-no-es-diversion","status":"publish","type":"post","link":"https:\/\/blogs.deia.eus\/bogandoporlared\/2026\/09\/01\/es-violencia-no-es-diversion\/","title":{"rendered":"Es violencia, no es diversi\u00f3n"},"content":{"rendered":"\n<figure class=\"wp-block-image size-large\"><a href=\"https:\/\/blogs.deia.eus\/bogandoporlared\/files\/2026\/09\/20260901_violencia.jpg\"><img loading=\"lazy\" decoding=\"async\" width=\"938\" height=\"449\" src=\"https:\/\/blogs.deia.eus\/bogandoporlared\/files\/2026\/09\/20260901_violencia-938x449.jpg\" alt=\"\" class=\"wp-image-19531\" srcset=\"https:\/\/blogs.deia.eus\/bogandoporlared\/files\/2026\/09\/20260901_violencia-938x449.jpg 938w, https:\/\/blogs.deia.eus\/bogandoporlared\/files\/2026\/09\/20260901_violencia-579x277.jpg 579w, https:\/\/blogs.deia.eus\/bogandoporlared\/files\/2026\/09\/20260901_violencia-767x367.jpg 767w, https:\/\/blogs.deia.eus\/bogandoporlared\/files\/2026\/09\/20260901_violencia-1536x735.jpg 1536w, https:\/\/blogs.deia.eus\/bogandoporlared\/files\/2026\/09\/20260901_violencia.jpg 1920w\" sizes=\"auto, (max-width: 938px) 100vw, 938px\" \/><\/a><\/figure>\n\n\n\n<p class=\"wp-block-paragraph\">Las agresiones a la Ertzaintza con la excusa de la Aste Nagusia no tienen nada que ver con las fiestas, sino con la violencia y con la deshumanizaci\u00f3n de las y los trabajadores, de las personas a las que llamamos cuando nos roban, cuando nos amenazan o cuando nos agreden. Lo siento pero no entiendo ni he entendido jam\u00e1s eso del \u201cpim, pam, pum\u201d a la Ertzainza, ni las amenazas gratuitas, ni el ACAB (\u201call cops are bastards\u201d). Creo que lo \u00fanico que puede impulsar a una chavala o a un chaval a lanzar sin motivo un vaso a un ertzaina es un trabajo eficaz para vaciarle de valores, y quien hace esa labor es quien deber\u00eda ocuparnos.<\/p>\n\n\n\n<p class=\"wp-block-paragraph\"><strong>S\u00e1nchez no tiene la culpa<\/strong><\/p>\n\n\n\n<p class=\"wp-block-paragraph\">Cuando Pedro S\u00e1nchez \u201cexonera a Marruecos de la crisis de Ceuta y apunta a \u2018Rusia, Israel y una internacional ultraderechista\u2019\u201d (Vozp\u00f3puli), no solo libra a Marruecos de la culpa: tambi\u00e9n se libra a s\u00ed mismo. Que el reino de Mohamed VI lance personas a Espa\u00f1a como bombas de racimo y que plantee una batalla ideol\u00f3gica sobre la espa\u00f1olizaci\u00f3n de las ciudades, pone en el disparadero al presidente espa\u00f1ol. Por eso Pedro S\u00e1nchez ha preferido ser el objetivo de Rusia, Israel y la ultraderecha mundial. La pena es que no ha podido meter a EE.UU. en la coctelera porque, claro, eso implicar\u00eda meter a Marruecos\u2026 y volver a empezar.<\/p>\n\n\n\n<p class=\"wp-block-paragraph\"><strong>No importemos los problemas<\/strong><\/p>\n\n\n\n<p class=\"wp-block-paragraph\">Me ha gustado el hilo en X de Denis Itxaso en el que muestra que los alquileres \u201cde temporada\u201d suponen solo el 3,5% del total de los alquileres en la CAV (91.440). Tambi\u00e9n explica que si vemos muchos de ese tipo de alquileres es porque \u201cun contrato residencial dura a\u00f1os y desaparece del mercado visible\u201d y \u201cuno de temporada vuelve al escaparate\u201d. En resumen: \u201cContar anuncios no es contar viviendas\u201d. \u201cEl problema de fondo es que faltan viviendas y que las rentas de entrada est\u00e1n por encima de lo que muchas familias pueden pagar\u201d. Con todo, yo probar\u00eda a prohibir los contratos de temporada y Airbnb, en general.<\/p>\n\n\n\n<p class=\"wp-block-paragraph\"><strong>Nos metieron otro gol<\/strong><\/p>\n\n\n\n<p class=\"wp-block-paragraph\">El Athletic perdi\u00f3 una vez m\u00e1s en el Cam Nou, y si no acab\u00f3 goleado es porque tenemos al mejor portero del mundo. Pero antes incluso de empezar, el FC Barcelona ya nos hab\u00eda marcado un gol: en vez de homenajear a esa selecci\u00f3n espa\u00f1ola que basa su \u00e9xito en negar el derecho de naciones como Euskadi y Catalunya a competir, optaron por poner en el centro y en el foco a la estelada catalana. As\u00ed, nadie tuvo que desentenderse, ni pitar, ni soportar aplausos al caballo ganador en su propia casa, ni abandonar el campo, como pas\u00f3 en Anoeta cuando Oyarzabal sac\u00f3 esa copa del mundo lograda gracias a la negaci\u00f3n.<\/p>\n\n\n\n<p class=\"wp-block-paragraph\"><strong>\u201cLa majestuosidad del toro\u201d<\/strong><\/p>\n\n\n\n<p class=\"wp-block-paragraph\">Vaya por delante que mi posici\u00f3n ante las corridas de toros no es de negaci\u00f3n ni de repulsa. Simplemente, no entiendo que alguien que habla de \u201c<a href=\"https:\/\/x.com\/EstepanLauaxeta\/status\/2092973886371459205\">la majestuosidad del toro<\/a>\u201d, como hizo Eneko Andueza (en un v\u00eddeo-homenaje que ha corrido por X), disfrute despu\u00e9s con torturar a seis animales hasta la muerte, y con que tres personas, m\u00e1s los banderilleros y los picadores, se jueguen la vida. Yo soy m\u00e1s de f\u00fatbol, lo reconozco. \u00bfM\u00e1s prosaico? Puede. Pero que no me encontrar\u00e1n buscando sangre y hablando de nobleza, al mismo tiempo. Y menos en este momento en el que \u201clos toros\u201d son la bandera de ese espa\u00f1olismo rancios\u00edsimo.<\/p>\n<!-- AddThis Advanced Settings generic via filter on the_content --><!-- AddThis Share Buttons generic via filter on the_content -->","protected":false},"excerpt":{"rendered":"<p>Las agresiones a la Ertzaintza con la excusa de la Aste Nagusia no tienen nada que ver con las fiestas, sino con la violencia y con la deshumanizaci\u00f3n de las y los trabajadores, de las personas a las que llamamos cuando nos roban, cuando nos amenazan o cuando nos agreden. Lo siento pero no entiendo &hellip; <a href=\"https:\/\/blogs.deia.eus\/bogandoporlared\/2026\/09\/01\/es-violencia-no-es-diversion\/\" class=\"more-link\">Sigue leyendo <span class=\"screen-reader-text\">Es violencia, no es diversi\u00f3n<\/span><\/a><!-- AddThis Advanced Settings generic via filter on get_the_excerpt --><!-- AddThis Share Buttons generic via filter on get_the_excerpt --><\/p>\n","protected":false},"author":5,"featured_media":0,"comment_status":"closed","ping_status":"closed","sticky":false,"template":"","format":"standard","meta":{"footnotes":""},"categories":[48013],"tags":[15847,131542,54,350,10799,14454,32961,169941,53649,25320,5627,170254],"class_list":["post-19530","post","type-post","status-publish","format-standard","hentry","category-los-apuntes","tag-denis-itxaso","tag-eneko-andueza","tag-ertzaintza","tag-espana","tag-fc-barcelona","tag-israel","tag-la-sexta","tag-marruecos","tag-pedro-sanchez","tag-rusia","tag-vozpopuli","tag-x"],"_links":{"self":[{"href":"https:\/\/blogs.deia.eus\/bogandoporlared\/wp-json\/wp\/v2\/posts\/19530","targetHints":{"allow":["GET"]}}],"collection":[{"href":"https:\/\/blogs.deia.eus\/bogandoporlared\/wp-json\/wp\/v2\/posts"}],"about":[{"href":"https:\/\/blogs.deia.eus\/bogandoporlared\/wp-json\/wp\/v2\/types\/post"}],"author":[{"embeddable":true,"href":"https:\/\/blogs.deia.eus\/bogandoporlared\/wp-json\/wp\/v2\/users\/5"}],"replies":[{"embeddable":true,"href":"https:\/\/blogs.deia.eus\/bogandoporlared\/wp-json\/wp\/v2\/comments?post=19530"}],"version-history":[{"count":1,"href":"https:\/\/blogs.deia.eus\/bogandoporlared\/wp-json\/wp\/v2\/posts\/19530\/revisions"}],"predecessor-version":[{"id":19532,"href":"https:\/\/blogs.deia.eus\/bogandoporlared\/wp-json\/wp\/v2\/posts\/19530\/revisions\/19532"}],"wp:attachment":[{"href":"https:\/\/blogs.deia.eus\/bogandoporlared\/wp-json\/wp\/v2\/media?parent=19530"}],"wp:term":[{"taxonomy":"category","embeddable":true,"href":"https:\/\/blogs.deia.eus\/bogandoporlared\/wp-json\/wp\/v2\/categories?post=19530"},{"taxonomy":"post_tag","embeddable":true,"href":"https:\/\/blogs.deia.eus\/bogandoporlared\/wp-json\/wp\/v2\/tags?post=19530"}],"curies":[{"name":"wp","href":"https:\/\/api.w.org\/{rel}","templated":true}]}}