{"id":19533,"date":"2026-09-02T08:58:21","date_gmt":"2026-09-02T07:58:21","guid":{"rendered":"https:\/\/blogs.deia.eus\/bogandoporlared\/?p=19533"},"modified":"2026-09-02T08:58:21","modified_gmt":"2026-09-02T07:58:21","slug":"que-alguien-lo-pare","status":"publish","type":"post","link":"https:\/\/blogs.deia.eus\/bogandoporlared\/2026\/09\/02\/que-alguien-lo-pare\/","title":{"rendered":"Que alguien lo pare"},"content":{"rendered":"\n<figure class=\"wp-block-image size-large\"><a href=\"https:\/\/blogs.deia.eus\/bogandoporlared\/files\/2026\/09\/20260902_pare.jpg\"><img loading=\"lazy\" decoding=\"async\" width=\"938\" height=\"449\" src=\"https:\/\/blogs.deia.eus\/bogandoporlared\/files\/2026\/09\/20260902_pare-938x449.jpg\" alt=\"\" class=\"wp-image-19534\" srcset=\"https:\/\/blogs.deia.eus\/bogandoporlared\/files\/2026\/09\/20260902_pare-938x449.jpg 938w, https:\/\/blogs.deia.eus\/bogandoporlared\/files\/2026\/09\/20260902_pare-579x277.jpg 579w, https:\/\/blogs.deia.eus\/bogandoporlared\/files\/2026\/09\/20260902_pare-767x367.jpg 767w, https:\/\/blogs.deia.eus\/bogandoporlared\/files\/2026\/09\/20260902_pare-1536x735.jpg 1536w, https:\/\/blogs.deia.eus\/bogandoporlared\/files\/2026\/09\/20260902_pare.jpg 1920w\" sizes=\"auto, (max-width: 938px) 100vw, 938px\" \/><\/a><\/figure>\n\n\n\n<p class=\"wp-block-paragraph\">No quer\u00eda cre\u00e9rmelo, pero cuando Jorge Campanillas lo ha contado en Instagram no he podido apartar m\u00e1s la mirada: algunas empresas que desarrollan IA han decidido hacer m\u00e1s precisos los resultados que ofrecen entrenando a sus programas con libros en vez de con lo que encuentran en Internet. Hasta ah\u00ed va bien la cosa. El problema empieza cuando esas mismas empresas acaban destruyendo por completo esos libros (que son adquiridos, deslomados, literalmente, y escaneados p\u00e1gina a p\u00e1gina) despu\u00e9s de \u201centrenar\u201d a las m\u00e1quinas. Que alguien pare el mundo, que me bajo, como dec\u00eda Mafalda.<\/p>\n\n\n\n<p class=\"wp-block-paragraph\"><strong>Ahora, el campo<\/strong><\/p>\n\n\n\n<p class=\"wp-block-paragraph\">Estamos devor\u00e1ndonos a nosotros mismos, empezando por el conocimiento. No es una exageraci\u00f3n, ni una cuesti\u00f3n menor: lo que permitimos que hagan las empresas que gestionan esa \u201cinteligencia artificial\u201d es una muestra m\u00e1s del fin de nuestra civilizaci\u00f3n. Una civilizaci\u00f3n que no ha sabido cuidar lo m\u00e1s b\u00e1sico: la vida humana. Y ahonda en su desconocimiento: la entrada de fondos de inversi\u00f3n en la agricultura, como informan en P\u00fablico, solo va a ser perjudicial: \u201cTensionan el campo espa\u00f1ol comprando las mejores tierras, inflando precios y amenazando el modelo agr\u00edcola tradicional\u201d. Simplemente, no podemos permitirlo.<\/p>\n\n\n\n<p class=\"wp-block-paragraph\"><strong>Propongo mi soluci\u00f3n recurrente<\/strong><\/p>\n\n\n\n<p class=\"wp-block-paragraph\">En Xataka muestran \u201cel gr\u00e1fico que muestra c\u00f3mo se ha disparado el precio de la vivienda en la UE, pa\u00eds a pa\u00eds\u201d. Desde 2015, los n\u00fameros oscilan entre el 1,4% de Finlandia, y el 209,5% de Hungr\u00eda. La media de la UE es del 53,4% y el incremento del precio de las casas en el estado espa\u00f1ol se sit\u00faa ligeramente por encima: un 60,3%. Todo esto, insisto, desde 2015. He abierto otra pesta\u00f1a, he hecho una b\u00fasqueda y he confirmado (en un minuto, no me ha hecho falta m\u00e1s tiempo) que, efectivamente, el gran \u201cboom\u201d de Airbnb se produjo entre 2014 y 2015. Yo hago mi propuesta recurrente: probemos a prohibirlo un par de a\u00f1os, a ver qu\u00e9 pasa.<\/p>\n\n\n\n<p class=\"wp-block-paragraph\"><strong>Como si nada<\/strong><\/p>\n\n\n\n<p class=\"wp-block-paragraph\">Sin duda, el gran problema de nuestra civilizaci\u00f3n es la acumulaci\u00f3n y concentraci\u00f3n de la riqueza. Sin los ultrarricos ni los gilipollas que quieren serlo y, al final, son sus mejores clientes e, incluso, votantes, estar\u00edamos mejor. Esto es innegable. \u201cEE.UU. cierra un acuerdo para controlar 65.000 millones de barriles de petr\u00f3leo venezolano\u201d, leo en Euronews, y pienso que Trump, su familia y sus amigos, se enriquecer\u00e1n a\u00fan m\u00e1s con este acuerdo, sin que pase nada despu\u00e9s. Curiosamente, el anuncio que acompa\u00f1a la noticia es de Starlink, propiedad de Elon Musk, otro ultrarrico absolutamente da\u00f1ino para la humanidad.<\/p>\n\n\n\n<p class=\"wp-block-paragraph\"><strong>No cabe un tonto m\u00e1s<\/strong><\/p>\n\n\n\n<p class=\"wp-block-paragraph\">\u00bfEs posible que un ultrarrico sea imb\u00e9cil? Sin duda, para acumular riqueza no hace falta inteligencia, sino falta de escr\u00fapulos. Otro ejemplo: seguro que aunque no sea tan rico como Trump o Elon Musk, no anda mal de pasta el cirujano que ofreci\u00f3 a la primera ministra danesa una rinoplastia gratuita. Mette Frederiksen ha contestado de esa manera al ofrecimiento: \u201cEstoy feliz con mi cuerpo. \u00a1Realmente no necesito que un cirujano pl\u00e1stico masculino tenga una opini\u00f3n sobre \u00e9l!\u201d (Huffington Post). \u201cHe perdido la cuenta de cu\u00e1ntos mensajes he recibido a lo largo de los a\u00f1os sobre mi apariencia\u201d, insiste Frederiksen.<\/p>\n<!-- AddThis Advanced Settings generic via filter on the_content --><!-- AddThis Share Buttons generic via filter on the_content -->","protected":false},"excerpt":{"rendered":"<p>No quer\u00eda cre\u00e9rmelo, pero cuando Jorge Campanillas lo ha contado en Instagram no he podido apartar m\u00e1s la mirada: algunas empresas que desarrollan IA han decidido hacer m\u00e1s precisos los resultados que ofrecen entrenando a sus programas con libros en vez de con lo que encuentran en Internet. Hasta ah\u00ed va bien la cosa. El &hellip; <a href=\"https:\/\/blogs.deia.eus\/bogandoporlared\/2026\/09\/02\/que-alguien-lo-pare\/\" class=\"more-link\">Sigue leyendo <span class=\"screen-reader-text\">Que alguien lo pare<\/span><\/a><!-- AddThis Advanced Settings generic via filter on get_the_excerpt --><!-- AddThis Share Buttons generic via filter on get_the_excerpt --><\/p>\n","protected":false},"author":5,"featured_media":0,"comment_status":"closed","ping_status":"closed","sticky":false,"template":"","format":"standard","meta":{"footnotes":""},"categories":[48013],"tags":[73529,89167,56895,53581,5661,17762,171876,42846,170537,28856,33736,50785],"class_list":["post-19533","post","type-post","status-publish","format-standard","hentry","category-los-apuntes","tag-donald-trump","tag-ee-uu","tag-euronews","tag-huffington-post","tag-instagram","tag-jorge-campanillas","tag-mette-frederiksen","tag-publico","tag-starlink","tag-venezuela","tag-vivienda","tag-xataka"],"_links":{"self":[{"href":"https:\/\/blogs.deia.eus\/bogandoporlared\/wp-json\/wp\/v2\/posts\/19533","targetHints":{"allow":["GET"]}}],"collection":[{"href":"https:\/\/blogs.deia.eus\/bogandoporlared\/wp-json\/wp\/v2\/posts"}],"about":[{"href":"https:\/\/blogs.deia.eus\/bogandoporlared\/wp-json\/wp\/v2\/types\/post"}],"author":[{"embeddable":true,"href":"https:\/\/blogs.deia.eus\/bogandoporlared\/wp-json\/wp\/v2\/users\/5"}],"replies":[{"embeddable":true,"href":"https:\/\/blogs.deia.eus\/bogandoporlared\/wp-json\/wp\/v2\/comments?post=19533"}],"version-history":[{"count":1,"href":"https:\/\/blogs.deia.eus\/bogandoporlared\/wp-json\/wp\/v2\/posts\/19533\/revisions"}],"predecessor-version":[{"id":19535,"href":"https:\/\/blogs.deia.eus\/bogandoporlared\/wp-json\/wp\/v2\/posts\/19533\/revisions\/19535"}],"wp:attachment":[{"href":"https:\/\/blogs.deia.eus\/bogandoporlared\/wp-json\/wp\/v2\/media?parent=19533"}],"wp:term":[{"taxonomy":"category","embeddable":true,"href":"https:\/\/blogs.deia.eus\/bogandoporlared\/wp-json\/wp\/v2\/categories?post=19533"},{"taxonomy":"post_tag","embeddable":true,"href":"https:\/\/blogs.deia.eus\/bogandoporlared\/wp-json\/wp\/v2\/tags?post=19533"}],"curies":[{"name":"wp","href":"https:\/\/api.w.org\/{rel}","templated":true}]}}