{"id":19536,"date":"2026-09-03T08:00:00","date_gmt":"2026-09-03T07:00:00","guid":{"rendered":"https:\/\/blogs.deia.eus\/bogandoporlared\/?p=19536"},"modified":"2026-09-02T13:02:06","modified_gmt":"2026-09-02T12:02:06","slug":"politica-mezquina","status":"publish","type":"post","link":"https:\/\/blogs.deia.eus\/bogandoporlared\/2026\/09\/03\/politica-mezquina\/","title":{"rendered":"Pol\u00edtica mezquina"},"content":{"rendered":"\n<figure class=\"wp-block-image size-large\"><a href=\"https:\/\/blogs.deia.eus\/bogandoporlared\/files\/2026\/09\/20260903_mezquina.jpg\"><img loading=\"lazy\" decoding=\"async\" width=\"938\" height=\"449\" src=\"https:\/\/blogs.deia.eus\/bogandoporlared\/files\/2026\/09\/20260903_mezquina-938x449.jpg\" alt=\"\" class=\"wp-image-19537\" srcset=\"https:\/\/blogs.deia.eus\/bogandoporlared\/files\/2026\/09\/20260903_mezquina-938x449.jpg 938w, https:\/\/blogs.deia.eus\/bogandoporlared\/files\/2026\/09\/20260903_mezquina-579x277.jpg 579w, https:\/\/blogs.deia.eus\/bogandoporlared\/files\/2026\/09\/20260903_mezquina-767x367.jpg 767w, https:\/\/blogs.deia.eus\/bogandoporlared\/files\/2026\/09\/20260903_mezquina-1536x735.jpg 1536w, https:\/\/blogs.deia.eus\/bogandoporlared\/files\/2026\/09\/20260903_mezquina.jpg 1920w\" sizes=\"auto, (max-width: 938px) 100vw, 938px\" \/><\/a><\/figure>\n\n\n\n<p class=\"wp-block-paragraph\">En el PP vasco saben que la pelea que origin\u00f3 ataques a la Ertzaintza durante la Aste Nagusia ni se origin\u00f3 en Gogorregi, ni tiene nada que ver con esa txosna. Saben, tambi\u00e9n que, de hecho, quienes empezaron la discusi\u00f3n ven\u00edan desde la zona en la que est\u00e1 Kaioak, la txosna por la que han pasado, sin mancharse los zapatos, varios representantes del PP. Pero esto da igual: Javier de Andr\u00e9s sigue empe\u00f1ado en ser la copia mala de Isabel D\u00edaz Ayuso, e intenta mitigar que la irrelevancia palpable del PP llamando la atenci\u00f3n y vinculando esa pelea con la txosna de EGI, por medio de una pol\u00edtica mezquina, muy espa\u00f1ola, y emponzo\u00f1adora.<\/p>\n\n\n\n<p class=\"wp-block-paragraph\"><strong>M\u00e1s protestas culturales as\u00ed<\/strong><\/p>\n\n\n\n<p class=\"wp-block-paragraph\">El gaitero Ricardo Oficialdegui se plant\u00f3 en las oficinas del departamento navarro de Educaci\u00f3n porque, seg\u00fan su denuncia, el consejero Carlos Gimeno \u201ccontin\u00faa sin firmar la Orden Foral imprescindible para incorporar la especialidad de Dulzaina-Gaita Navarra a los conservatorios\u201d (Pamplona Actual) del territorio. Ante la nueva negativa de Gimeno, el gaitero se puso manos a la obra, literalmente, con lo que mejor sabe hacer, y empez\u00f3 a tocar la gaita dentro de las oficinas, hasta que fue instado por la polic\u00eda foral a abandonar las instalaciones y fue acompa\u00f1ado hasta la puerta, instrumento en mano.<\/p>\n\n\n\n<p class=\"wp-block-paragraph\"><strong>Sigue el desconcierto<\/strong><\/p>\n\n\n\n<p class=\"wp-block-paragraph\">El desconcierto, la verg\u00fcenza o la falta absoluta de ella, la cosa es que siguen, de eso estoy seguro, y es lo peor, las mentiras: \u201cLa Polic\u00eda informa a la Audiencia Nacional de que agentes marroqu\u00edes guiaron a los inmigrantes que pasaron a Ceuta\u201d, titulan en El Peri\u00f3dico de Espa\u00f1a. Lo que no sabemos y deber\u00edamos conocer es qu\u00e9 informaci\u00f3n ten\u00eda y el ministerio de Interior y, por extensi\u00f3n, qu\u00e9 sab\u00eda Pedro S\u00e1nchez cuando asegur\u00f3 que detr\u00e1s del asalto a Ceuta de miles de personas estaban Rusia e Israel. Y seguimos con lo que no sabemos: \u00bfpor qu\u00e9 act\u00faa as\u00ed el gobierno espa\u00f1ol, encubriendo al reino de Mohamed VI?<\/p>\n\n\n\n<p class=\"wp-block-paragraph\"><strong>\u00a1Claro!<\/strong><\/p>\n\n\n\n<p class=\"wp-block-paragraph\">Es evidente que cuando Pedro S\u00e1nchez se\u00f1al\u00f3 a Rusia e Israel buscaba librar de la culpa a Marruecos pero tambi\u00e9n a s\u00ed mismo. Es evidente que no mencion\u00f3 a EE.UU. porque, entonces, s\u00ed, tendr\u00eda que implicar a la dictadura de Mohamed VI. Y es evidente que si echas balones fuera alguno te puede venir devuelto, tambi\u00e9n, de un balonazo: \u201cRusia pide a Espa\u00f1a pruebas sobre su supuesta implicaci\u00f3n en la crisis migratoria de Ceuta\u201d (EFE). No es Rusia el r\u00e9gimen m\u00e1s fiable, ni el m\u00e1s limpio, ni el menos sospechoso de desestabilizar las democracias occidentales, pero s\u00ed es un pa\u00eds que puede complicar m\u00e1s la situaci\u00f3n si quiere hacerlo.<\/p>\n\n\n\n<p class=\"wp-block-paragraph\"><strong>Ya ha ganado la derecha<\/strong><\/p>\n\n\n\n<p class=\"wp-block-paragraph\">Pase lo que pase en Ceuta, la derecha espa\u00f1ola y la mundial ya han ganado la batalla del relato: todo lo que gritan, lo que denuncian, lo que utilizan para meter miedo, est\u00e1 siendo confirmado: \u201cDetenido un marroqu\u00ed de 17 a\u00f1os por agresi\u00f3n sexual a tres menores de entre 10 y 11 a\u00f1os en un centro tras la avalancha de Ceuta\u201d, denuncian en Abc. Lo que publican en Vocento, evidentemente, refuerza el argumentario de PP y Vox, igual que lo hace la preocupaci\u00f3n de la izquierda por las quinientas ni\u00f1as que siguen en la ciudad. \u00bfDe qu\u00e9 se preocupan? \u00bfPor qu\u00e9 tengo la sensaci\u00f3n de que unos y otros nos toman por tontos?<\/p>\n<!-- AddThis Advanced Settings generic via filter on the_content --><!-- AddThis Share Buttons generic via filter on the_content -->","protected":false},"excerpt":{"rendered":"<p>En el PP vasco saben que la pelea que origin\u00f3 ataques a la Ertzaintza durante la Aste Nagusia ni se origin\u00f3 en Gogorregi, ni tiene nada que ver con esa txosna. Saben, tambi\u00e9n que, de hecho, quienes empezaron la discusi\u00f3n ven\u00edan desde la zona en la que est\u00e1 Kaioak, la txosna por la que han &hellip; <a href=\"https:\/\/blogs.deia.eus\/bogandoporlared\/2026\/09\/03\/politica-mezquina\/\" class=\"more-link\">Sigue leyendo <span class=\"screen-reader-text\">Pol\u00edtica mezquina<\/span><\/a><!-- AddThis Advanced Settings generic via filter on get_the_excerpt --><!-- AddThis Share Buttons generic via filter on get_the_excerpt --><\/p>\n","protected":false},"author":5,"featured_media":0,"comment_status":"closed","ping_status":"closed","sticky":false,"template":"","format":"standard","meta":{"footnotes":""},"categories":[48013],"tags":[5678,16501,171719,47,165988,350,171234,91222,48078,169941,83913,53649,99,171877,25320,23136],"class_list":["post-19536","post","type-post","status-publish","format-standard","hentry","category-los-apuntes","tag-abc","tag-aste-nagusia","tag-ceuta","tag-efe","tag-el-periodico-de-espana","tag-espana","tag-gogorregi","tag-isabel-diaz-ayuso","tag-javier-de-andres","tag-marruecos","tag-pamplona-actual","tag-pedro-sanchez","tag-pp","tag-ricardo-oficialdegui","tag-rusia","tag-vocento"],"_links":{"self":[{"href":"https:\/\/blogs.deia.eus\/bogandoporlared\/wp-json\/wp\/v2\/posts\/19536","targetHints":{"allow":["GET"]}}],"collection":[{"href":"https:\/\/blogs.deia.eus\/bogandoporlared\/wp-json\/wp\/v2\/posts"}],"about":[{"href":"https:\/\/blogs.deia.eus\/bogandoporlared\/wp-json\/wp\/v2\/types\/post"}],"author":[{"embeddable":true,"href":"https:\/\/blogs.deia.eus\/bogandoporlared\/wp-json\/wp\/v2\/users\/5"}],"replies":[{"embeddable":true,"href":"https:\/\/blogs.deia.eus\/bogandoporlared\/wp-json\/wp\/v2\/comments?post=19536"}],"version-history":[{"count":1,"href":"https:\/\/blogs.deia.eus\/bogandoporlared\/wp-json\/wp\/v2\/posts\/19536\/revisions"}],"predecessor-version":[{"id":19538,"href":"https:\/\/blogs.deia.eus\/bogandoporlared\/wp-json\/wp\/v2\/posts\/19536\/revisions\/19538"}],"wp:attachment":[{"href":"https:\/\/blogs.deia.eus\/bogandoporlared\/wp-json\/wp\/v2\/media?parent=19536"}],"wp:term":[{"taxonomy":"category","embeddable":true,"href":"https:\/\/blogs.deia.eus\/bogandoporlared\/wp-json\/wp\/v2\/categories?post=19536"},{"taxonomy":"post_tag","embeddable":true,"href":"https:\/\/blogs.deia.eus\/bogandoporlared\/wp-json\/wp\/v2\/tags?post=19536"}],"curies":[{"name":"wp","href":"https:\/\/api.w.org\/{rel}","templated":true}]}}