{"id":19539,"date":"2026-09-04T07:45:00","date_gmt":"2026-09-04T06:45:00","guid":{"rendered":"https:\/\/blogs.deia.eus\/bogandoporlared\/?p=19539"},"modified":"2026-09-03T11:47:48","modified_gmt":"2026-09-03T10:47:48","slug":"que-dicen-en-ceuta","status":"publish","type":"post","link":"https:\/\/blogs.deia.eus\/bogandoporlared\/2026\/09\/04\/que-dicen-en-ceuta\/","title":{"rendered":"\u00bfQu\u00e9 dicen en Ceuta?"},"content":{"rendered":"\n<figure class=\"wp-block-image size-large\"><a href=\"https:\/\/blogs.deia.eus\/bogandoporlared\/files\/2026\/09\/20260904_ceuta.jpg\"><img loading=\"lazy\" decoding=\"async\" width=\"938\" height=\"449\" src=\"https:\/\/blogs.deia.eus\/bogandoporlared\/files\/2026\/09\/20260904_ceuta-938x449.jpg\" alt=\"\" class=\"wp-image-19540\" srcset=\"https:\/\/blogs.deia.eus\/bogandoporlared\/files\/2026\/09\/20260904_ceuta-938x449.jpg 938w, https:\/\/blogs.deia.eus\/bogandoporlared\/files\/2026\/09\/20260904_ceuta-579x277.jpg 579w, https:\/\/blogs.deia.eus\/bogandoporlared\/files\/2026\/09\/20260904_ceuta-767x367.jpg 767w, https:\/\/blogs.deia.eus\/bogandoporlared\/files\/2026\/09\/20260904_ceuta-1536x735.jpg 1536w, https:\/\/blogs.deia.eus\/bogandoporlared\/files\/2026\/09\/20260904_ceuta.jpg 1920w\" sizes=\"auto, (max-width: 938px) 100vw, 938px\" \/><\/a><\/figure>\n\n\n\n<p class=\"wp-block-paragraph\">No se me ocurre otra manera de empezar esta columna que revisando qu\u00e9 dicen en los medios de Ceuta sobre lo que ayer vimos y o\u00edmos en el Congreso. En Ceuta al D\u00eda, por ejemplo, destacan que Pedro S\u00e1nchez \u201cdesliza que la entrada no pudo evitarse y descarta acciones militares contra Marruecos \u2018sin hechos probados\u2019\u201d. Tambi\u00e9n llevaban a su portada estos entrecomillados: \u201cNo os prometeremos soluciones m\u00e1gicas como otros\u201d, \u201cno se puede coger a un ser humano y arrojarlo al otro lado de la frontera como un saco de tierra\u201d. Pero la principal noticia era sobre el \u201cprimer asesinato vinculado con la ola migratoria\u201d.<\/p>\n\n\n\n<p class=\"wp-block-paragraph\"><strong>Esto, tambi\u00e9n<\/strong><\/p>\n\n\n\n<p class=\"wp-block-paragraph\">En El Faro de Ceuta tambi\u00e9n abren con la \u201cdetenida tras la muerte de un marroqu\u00ed en una casa de Poblado Regulares\u201d. Sobre lo que dijo Pedro S\u00e1nchez en el Congreso, solo recuperaron esta frase: \u201cNo recibimos ning\u00fan informe que anticipara la escala de la crisis en Ceuta\u201d, que conviv\u00eda con este otro titular: \u201cFallece un menor marroqu\u00ed acogido en el centro de La Esperanza\u201d. En el subt\u00edtulo explican: \u201cLa muerte obedecer\u00eda a causas naturales asociadas a la diabetes severa de la que ya estaba siendo tratado\u201d. Lo confieso: es cuatro de septiembre y ya estoy aburrido de la visi\u00f3n madridcentrista de la vida y la pol\u00edtica.<\/p>\n\n\n\n<p class=\"wp-block-paragraph\"><strong>Lo que molesta es que exista el informe<\/strong><\/p>\n\n\n\n<p class=\"wp-block-paragraph\">En Dem\u00f3crata ofrecen \u201cel informe policial de Ceuta completo: 55 p\u00e1ginas sobre el \u2018guiado activo\u2019 marroqu\u00ed y el plan para colapsar la frontera\u201d. Ese informe ha molestado much\u00edsimo al gobierno espa\u00f1ol, no por lo que cuenta, sino por su existencia. La participaci\u00f3n de Marruecos era un rumor, una sensaci\u00f3n, una afirmaci\u00f3n sin pruebas, algo que pod\u00edamos dar por hecho bas\u00e1ndonos solo en reels, pero que exista ese informe, encargado por una jueza (candidata del PP en una lista municipal, s\u00ed), desmonta el relato del gobierno espa\u00f1ol. Un relato que nadie entend\u00eda y ahora entiende menos: \u00bfpor qu\u00e9 S\u00e1nchez intenta proteger a Mohamed VI?<\/p>\n\n\n\n<p class=\"wp-block-paragraph\"><strong>Todo lo que cambia<\/strong><\/p>\n\n\n\n<p class=\"wp-block-paragraph\">El texto de Luis Miguel Fuentes en El Independiente sobre la participaci\u00f3n de Marruecos ser\u00eda completamente diferente antes de saber que existe ese informe \u201cque no ha sorprendido a nadie salvo a este Gobierno\u201d. \u201cA Marlaska parece que lo despert\u00f3 la noticia\u201d, escribe. Y sugiere que el informe lo ten\u00eda que haber encargado Interior, no la jueza Mar\u00eda Tard\u00f3n. Pero eso habr\u00eda desmontado que \u201cMarruecos segu\u00eda siendo para el Gobierno aliado, colaborador y hasta fantas\u00eda de verano\u201d, como lo ha presentado siempre Pedro S\u00e1nchez. Fuentes cree que \u201cla escapatoria ser\u00e1\u201d \u201cuna nueva cloaca sobre las cloacas precedentes\u201d.<\/p>\n\n\n\n<p class=\"wp-block-paragraph\"><strong>\u00bfDe qu\u00e9 se trata?<\/strong><\/p>\n\n\n\n<p class=\"wp-block-paragraph\">Vi el debate en el Congreso, todas las intervenciones, y la que m\u00e1s llam\u00f3 mi atenci\u00f3n por su nivel de hipocres\u00eda fue la de Mertxe Aizupura. Que ella hable de una Euskal Herria que siempre ha sido tierra de acogida, despu\u00e9s de conocer los asesinatos selectivos que ejecutaba ETA, cuyos asesinos glos\u00f3 ella, personalmente, tiene bemoles (dej\u00e9moslo ah\u00ed). Que asegure que lo que hace la derecha en Ceuta \u201cse trata \u00fanicamente de aprovechar una crisis humanitaria y social para tener una cuesti\u00f3n m\u00e1s con la que confrontar a la sociedad\u201d (RTVE), como si no lo hubiese hecho la izquierda abertzale durante d\u00e9cadas en Euskadi, deber\u00eda de ser escandaloso.<\/p>\n<!-- AddThis Advanced Settings generic via filter on the_content --><!-- AddThis Share Buttons generic via filter on the_content -->","protected":false},"excerpt":{"rendered":"<p>No se me ocurre otra manera de empezar esta columna que revisando qu\u00e9 dicen en los medios de Ceuta sobre lo que ayer vimos y o\u00edmos en el Congreso. En Ceuta al D\u00eda, por ejemplo, destacan que Pedro S\u00e1nchez \u201cdesliza que la entrada no pudo evitarse y descarta acciones militares contra Marruecos \u2018sin hechos probados\u2019\u201d. &hellip; <a href=\"https:\/\/blogs.deia.eus\/bogandoporlared\/2026\/09\/04\/que-dicen-en-ceuta\/\" class=\"more-link\">Sigue leyendo <span class=\"screen-reader-text\">\u00bfQu\u00e9 dicen en Ceuta?<\/span><\/a><!-- AddThis Advanced Settings generic via filter on get_the_excerpt --><!-- AddThis Share Buttons generic via filter on get_the_excerpt --><\/p>\n","protected":false},"author":5,"featured_media":0,"comment_status":"closed","ping_status":"closed","sticky":false,"template":"","format":"standard","meta":{"footnotes":""},"categories":[48013],"tags":[171719,171878,164703,93253,350,17,15857,170163,171879,169941,171880,53649,11589],"class_list":["post-19539","post","type-post","status-publish","format-standard","hentry","category-los-apuntes","tag-ceuta","tag-ceuta-al-dia","tag-el-faro-de-ceuta","tag-el-independiente","tag-espana","tag-eta","tag-fernando-grande-marlaska","tag-luis-miguel-fuentes","tag-maria-tardon","tag-marruecos","tag-mertxe-aizupura","tag-pedro-sanchez","tag-rtve"],"_links":{"self":[{"href":"https:\/\/blogs.deia.eus\/bogandoporlared\/wp-json\/wp\/v2\/posts\/19539","targetHints":{"allow":["GET"]}}],"collection":[{"href":"https:\/\/blogs.deia.eus\/bogandoporlared\/wp-json\/wp\/v2\/posts"}],"about":[{"href":"https:\/\/blogs.deia.eus\/bogandoporlared\/wp-json\/wp\/v2\/types\/post"}],"author":[{"embeddable":true,"href":"https:\/\/blogs.deia.eus\/bogandoporlared\/wp-json\/wp\/v2\/users\/5"}],"replies":[{"embeddable":true,"href":"https:\/\/blogs.deia.eus\/bogandoporlared\/wp-json\/wp\/v2\/comments?post=19539"}],"version-history":[{"count":1,"href":"https:\/\/blogs.deia.eus\/bogandoporlared\/wp-json\/wp\/v2\/posts\/19539\/revisions"}],"predecessor-version":[{"id":19541,"href":"https:\/\/blogs.deia.eus\/bogandoporlared\/wp-json\/wp\/v2\/posts\/19539\/revisions\/19541"}],"wp:attachment":[{"href":"https:\/\/blogs.deia.eus\/bogandoporlared\/wp-json\/wp\/v2\/media?parent=19539"}],"wp:term":[{"taxonomy":"category","embeddable":true,"href":"https:\/\/blogs.deia.eus\/bogandoporlared\/wp-json\/wp\/v2\/categories?post=19539"},{"taxonomy":"post_tag","embeddable":true,"href":"https:\/\/blogs.deia.eus\/bogandoporlared\/wp-json\/wp\/v2\/tags?post=19539"}],"curies":[{"name":"wp","href":"https:\/\/api.w.org\/{rel}","templated":true}]}}