{"id":19543,"date":"2026-09-05T07:52:00","date_gmt":"2026-09-05T06:52:00","guid":{"rendered":"https:\/\/blogs.deia.eus\/bogandoporlared\/?p=19543"},"modified":"2026-09-04T12:54:42","modified_gmt":"2026-09-04T11:54:42","slug":"la-juventud-vasca-que-no-sabe-lo-que-es-el-fascismo","status":"publish","type":"post","link":"https:\/\/blogs.deia.eus\/bogandoporlared\/2026\/09\/05\/la-juventud-vasca-que-no-sabe-lo-que-es-el-fascismo\/","title":{"rendered":"La juventud vasca que no sabe lo que es el fascismo"},"content":{"rendered":"\n<figure class=\"wp-block-image size-full\"><a href=\"https:\/\/blogs.deia.eus\/bogandoporlared\/files\/2026\/09\/20260905_juventud.png\"><img loading=\"lazy\" decoding=\"async\" width=\"616\" height=\"741\" src=\"https:\/\/blogs.deia.eus\/bogandoporlared\/files\/2026\/09\/20260905_juventud.png\" alt=\"\" class=\"wp-image-19545\" srcset=\"https:\/\/blogs.deia.eus\/bogandoporlared\/files\/2026\/09\/20260905_juventud.png 616w, https:\/\/blogs.deia.eus\/bogandoporlared\/files\/2026\/09\/20260905_juventud-579x697.png 579w\" sizes=\"auto, (max-width: 616px) 100vw, 616px\" \/><\/a><\/figure>\n\n\n\n<p class=\"wp-block-paragraph\">Ernai es la organizaci\u00f3n juvenil de Sortu. Sortu es el partido pol\u00edtico que manda en EH Bildu. Y el \u00f3rgano colegiado que decide el presente y el futuro de Sortu (y por extensi\u00f3n, de EH Bidu y de Ernai), es ese en el que aterrizan antiguos jefes y jefas de ETA como si no hubiesen hecho nada, y del que sali\u00f3 Pello Otxandiano para ser un candidato a lehendakari de dise\u00f1o. Dicho todo esto, cuando Ernai organiza una manifa contra el fascismo y no se enfrenta primero al que tiene en casa solo posturea. Igual que posturean quienes apoyan a Ernai y Sortu, algunos muy famosos, tambi\u00e9n. Antifascista se es en todo momento y lugar o no se es.<\/p>\n\n\n\n<p class=\"wp-block-paragraph\"><strong>El fascismo<\/strong><\/p>\n\n\n\n<p class=\"wp-block-paragraph\">Fascismo (adem\u00e1s de terrorismo) es lo que hizo ETA: asesinar por la espalda o a distancia a quien no pensaba como ellas y ellos. Y esto no es discutible. Si las y los de Ernai no distinguen entre un fascista y un calcet\u00edn cuando lo tienen delante (y los tienen delante, o al lado, a diario), es su problema. Pero el resto ni podemos ni debemos hacerlo, como no lo hace Consuelo Ord\u00f3\u00f1ez, que denuncia en X la praxis de Mar\u00eda Jes\u00fas San Jos\u00e9 en el Gobierno Vasco, que ha vuelto a dejar en libertad a Soledad Iparraguirre, \u2018Anboto\u2019, \u201csiguiendo los dictados de lo que les ordena la izquierda abertzale\u201d a los socialistas, desde S\u00e1nchez a San Jos\u00e9.<\/p>\n\n\n\n<p class=\"wp-block-paragraph\"><strong>La hipocres\u00eda<\/strong><\/p>\n\n\n\n<p class=\"wp-block-paragraph\">Leo en The Objective que \u201cSingapur ya encabeza las ventas de di\u00e9sel a Espa\u00f1a con la sospecha de su il\u00edcito origen ruso\u201d. Significativamente, \u201centre enero de 2016 y septiembre de 2023, Singapur hab\u00eda vendido cero toneladas de di\u00e9sel a Espa\u00f1a\u201d. Es evidente que el gobierno espa\u00f1ol muestra una hipocres\u00eda fant\u00e1stica, sabedor de que \u201cdesde el inicio de la invasi\u00f3n a gran escala, Singapur ha importado cargamentos mar\u00edtimos de origen ruso por un valor estimado de 18.100 millones de euros\u201d. Pero, \u00bfqu\u00e9 remedio le queda? Quiero decir: \u00bfestamos dispuestos a pagar m\u00e1s por ese di\u00e9sel garantizando su origen no criminal?<\/p>\n\n\n\n<p class=\"wp-block-paragraph\"><strong>Unpopular opinion<\/strong><\/p>\n\n\n\n<p class=\"wp-block-paragraph\">Sobre la pol\u00e9mica de las invitaciones a San Mam\u00e9s o el comedor de Lezama tengo una opini\u00f3n muy impopular, lo s\u00e9. Creo que la Junta Directiva del Athletic se he equivocado metiendo en el mismo saco a los jugadores del primer equipo del Athletic y al resto (trabajadores, exjugadores o exdirectivos). Creo que los jugadores necesitan el apoyo de sus familias y, como socio, espero que la dieta de los profesionales est\u00e9 garantizada por el club. El resto de agentes en este conflicto s\u00ed tendr\u00eda que ser como el resto de aficionadas y aficionados. \u00bfCon un cupo de entradas garantizadas para que las compren (insisto: compren)? Vale. Y ya.<\/p>\n\n\n\n<p class=\"wp-block-paragraph\"><strong>Simplemente, el f\u00fatbol<\/strong><\/p>\n\n\n\n<p class=\"wp-block-paragraph\">S\u00ed, me he ido hasta El Faro de Vigo para cazar la opini\u00f3n de Den\u00eds Iglesias sobre Juli\u00e1n \u00c1lvarez, al que llama \u201cbohemio y so\u00f1ador\u201d en el titular, y al que define as\u00ed en su texto: \u201cEl Assange futbolero que lucha por los derechos de quienes no quieren seguir en trabajos que minan su libertad. Porque todos, en el fondo, hemos sido un poco Juli\u00e1n alguna vez\u201d. Y recuerda, con esa sorna gallega, que \u201cse le pide al jugador endiosado que sea un oficinista\u201d (como ha pedido la Junta Directiva a los jugadores del Athletic, precisamente) pero que \u201clos millonarios tambi\u00e9n tienen sue\u00f1os y miedos. En muchos casos, a la altura de sus sueldos\u201d.<\/p>\n<!-- AddThis Advanced Settings generic via filter on the_content --><!-- AddThis Share Buttons generic via filter on the_content -->","protected":false},"excerpt":{"rendered":"<p>Ernai es la organizaci\u00f3n juvenil de Sortu. Sortu es el partido pol\u00edtico que manda en EH Bildu. Y el \u00f3rgano colegiado que decide el presente y el futuro de Sortu (y por extensi\u00f3n, de EH Bidu y de Ernai), es ese en el que aterrizan antiguos jefes y jefas de ETA como si no hubiesen &hellip; <a href=\"https:\/\/blogs.deia.eus\/bogandoporlared\/2026\/09\/05\/la-juventud-vasca-que-no-sabe-lo-que-es-el-fascismo\/\" class=\"more-link\">Sigue leyendo <span class=\"screen-reader-text\">La juventud vasca que no sabe lo que es el fascismo<\/span><\/a><!-- AddThis Advanced Settings generic via filter on get_the_excerpt --><!-- AddThis Share Buttons generic via filter on get_the_excerpt --><\/p>\n","protected":false},"author":5,"featured_media":0,"comment_status":"closed","ping_status":"closed","sticky":false,"template":"","format":"standard","meta":{"footnotes":""},"categories":[48013],"tags":[42155,5621,156858,171882,15839,113414,48322,350,17,87620,171769,171881,25320,170833,103377,162985,170254],"class_list":["post-19543","post","type-post","status-publish","format-standard","hentry","category-los-apuntes","tag-anboto","tag-athletic-club-bilbao","tag-consuelo-ordonez","tag-denis-iglesias","tag-eh-bildu","tag-el-faro-de-vigo","tag-ernai","tag-espana","tag-eta","tag-jon-uriarte","tag-julian-alvarez","tag-maria-jesus-san-jose","tag-rusia","tag-soledad-iparraguirre","tag-sortu","tag-the-objective","tag-x"],"_links":{"self":[{"href":"https:\/\/blogs.deia.eus\/bogandoporlared\/wp-json\/wp\/v2\/posts\/19543","targetHints":{"allow":["GET"]}}],"collection":[{"href":"https:\/\/blogs.deia.eus\/bogandoporlared\/wp-json\/wp\/v2\/posts"}],"about":[{"href":"https:\/\/blogs.deia.eus\/bogandoporlared\/wp-json\/wp\/v2\/types\/post"}],"author":[{"embeddable":true,"href":"https:\/\/blogs.deia.eus\/bogandoporlared\/wp-json\/wp\/v2\/users\/5"}],"replies":[{"embeddable":true,"href":"https:\/\/blogs.deia.eus\/bogandoporlared\/wp-json\/wp\/v2\/comments?post=19543"}],"version-history":[{"count":1,"href":"https:\/\/blogs.deia.eus\/bogandoporlared\/wp-json\/wp\/v2\/posts\/19543\/revisions"}],"predecessor-version":[{"id":19546,"href":"https:\/\/blogs.deia.eus\/bogandoporlared\/wp-json\/wp\/v2\/posts\/19543\/revisions\/19546"}],"wp:attachment":[{"href":"https:\/\/blogs.deia.eus\/bogandoporlared\/wp-json\/wp\/v2\/media?parent=19543"}],"wp:term":[{"taxonomy":"category","embeddable":true,"href":"https:\/\/blogs.deia.eus\/bogandoporlared\/wp-json\/wp\/v2\/categories?post=19543"},{"taxonomy":"post_tag","embeddable":true,"href":"https:\/\/blogs.deia.eus\/bogandoporlared\/wp-json\/wp\/v2\/tags?post=19543"}],"curies":[{"name":"wp","href":"https:\/\/api.w.org\/{rel}","templated":true}]}}