{"id":19547,"date":"2026-09-06T07:54:00","date_gmt":"2026-09-06T06:54:00","guid":{"rendered":"https:\/\/blogs.deia.eus\/bogandoporlared\/?p=19547"},"modified":"2026-09-04T12:57:56","modified_gmt":"2026-09-04T11:57:56","slug":"40-anos-no-son-nada-y-ea-menos","status":"publish","type":"post","link":"https:\/\/blogs.deia.eus\/bogandoporlared\/2026\/09\/06\/40-anos-no-son-nada-y-ea-menos\/","title":{"rendered":"40 a\u00f1os no son nada. Y EA, menos"},"content":{"rendered":"\n<figure class=\"wp-block-image size-full\"><a href=\"https:\/\/blogs.deia.eus\/bogandoporlared\/files\/2026\/09\/20260906_ea.jpg\"><img loading=\"lazy\" decoding=\"async\" width=\"740\" height=\"807\" src=\"https:\/\/blogs.deia.eus\/bogandoporlared\/files\/2026\/09\/20260906_ea.jpg\" alt=\"\" class=\"wp-image-19548\" srcset=\"https:\/\/blogs.deia.eus\/bogandoporlared\/files\/2026\/09\/20260906_ea.jpg 740w, https:\/\/blogs.deia.eus\/bogandoporlared\/files\/2026\/09\/20260906_ea-580x632.jpg 580w\" sizes=\"auto, (max-width: 740px) 100vw, 740px\" \/><\/a><\/figure>\n\n\n\n<p class=\"wp-block-paragraph\">La cuenta en X de EA (s\u00ed, lo sorprendente es que todav\u00eda exista) ha celebrado el 40 aniversario de la formaci\u00f3n con un v\u00eddeo lleno de votantes al PNV y sin un segundo para Maiorga Ram\u00edrez. Hablo del presente y del futuro, del pasado hablan ellos: 40 a\u00f1os de trayectoria pol\u00edtica resumidas en un v\u00eddeo que podr\u00eda llevar 40 a\u00f1os grabado (una cosa es imitar el estilo retro y otra quedarte clavado en \u00e9l) y para acabar diluidos en una izquierda abertzale con la que comparte objetivo (eso es innegable): sustituir al PNV. \u00bfLes ha merecido la pena la irrelevancia por acariciarlo? Supongo que a algunas y algunos, s\u00ed.<\/p>\n\n\n\n<p class=\"wp-block-paragraph\"><strong>Y votando con la derechona<\/strong><\/p>\n\n\n\n<p class=\"wp-block-paragraph\">Formar parte de EH Bildu, como hizo EA, supone estar contra el PNV de todas las maneras posibles, tambi\u00e9n votando con el PP. Julen Bollain ha publicado un tuit, en plan zasca a Jon Echeverr\u00eda (\u00bfqu\u00e9 m\u00e1s quiere el de Nuevas Generaciones que atenci\u00f3n?), bastante elocuente, vinculando el nivel de integraci\u00f3n pol\u00edtica de la izquierda abertzale al n\u00famero de veces que ha votado con la derechona espa\u00f1ola. En el tuit parece que ganan todos: Echeverr\u00eda, Bollain, EA\u2026 Pero el que gana es el PP, oposici\u00f3n en Euskadi y Espa\u00f1a. Ellos sabr\u00e1n.<\/p>\n\n\n\n<p class=\"wp-block-paragraph\"><strong>\u201cTener miedo es racista\u201d<\/strong><\/p>\n\n\n\n<p class=\"wp-block-paragraph\">Antonio Agredano ha estado en Ceuta, no escribe de o\u00eddas, y por eso reconoce en The Objective que sinti\u00f3 \u201ctemor en algunos encontronazos\u201d, al contrario del discurso de periodistas como Alejandra Mart\u00ednez, de Canal Red, que aseguraba que ella paseaba con total tranquilidad por la ciudad de madrugada. Ya. \u201cEl miedo es un lenguaje que muchos de aquellos inmigrantes manejan bien. Lo hacen con sus gestos, con su mirada y acerc\u00e1ndose mucho a ti\u201d, describe. Y recuerda que \u201cse puede comprender la desesperaci\u00f3n del inmigrante sin obligar al vecino a renunciar a su inquietud, a sus calles y a su libertad\u201d.<\/p>\n\n\n\n<p class=\"wp-block-paragraph\"><strong>Adelante<\/strong><\/p>\n\n\n\n<p class=\"wp-block-paragraph\">Estoy cansado del bonismo que no nos ha llevado a ninguna parte, como de todo lo que no nos ha llevado a ninguna parte y, al mismo tiempo, ha ayudado a los malvados y a quienes han acaparado la riqueza. As\u00ed que, s\u00ed, me alegro al leer esta noticia: \u201cDecisi\u00f3n pionera sobre multirreincidencia: Barcelona logra la prisi\u00f3n provisional para un ladr\u00f3n que acumula 34 condenas. Es la primera resoluci\u00f3n en que se acuerda una medida cautelar pedida por el Ayuntamiento a partir de la nueva Ley de Multirreincidencia\u201d (El Peri\u00f3dico). Quien est\u00e9 (venga de donde venga) y quiera trabajar e integrarse, bienhallado. Quien est\u00e9 para trapichear y robar, a la c\u00e1rcel.<\/p>\n\n\n\n<p class=\"wp-block-paragraph\"><strong>\u201cEl verdadero depredador\u201d<\/strong><\/p>\n\n\n\n<p class=\"wp-block-paragraph\">As\u00ed llaman en Le Grand Continent a Mark Zuckerberg, con el que no tienen piedad (como si a Zuckerberg le importase, rodeado de sus millones). Lo que hace (en presente) Meta se resume muy bien en este p\u00e1rrafo: \u201cLo que era bueno para su negocio era malo para sus usuarios, y Mark Zuckerberg se decant\u00f3 sistem\u00e1ticamente por el negocio a sabiendas de que ello ir\u00eda en detrimento de la salud mental de sus usuarios\u201d, especialmente, de los m\u00e1s j\u00f3venes. El creador de Facebook act\u00faa con \u201cuna filosof\u00eda de depredaci\u00f3n\u201d porque est\u00e1 \u201cobsesionado\u201d con sufrir un \u201cdeclive comparable al de Myspace\u201d.<\/p>\n<!-- AddThis Advanced Settings generic via filter on the_content --><!-- AddThis Share Buttons generic via filter on the_content -->","protected":false},"excerpt":{"rendered":"<p>La cuenta en X de EA (s\u00ed, lo sorprendente es que todav\u00eda exista) ha celebrado el 40 aniversario de la formaci\u00f3n con un v\u00eddeo lleno de votantes al PNV y sin un segundo para Maiorga Ram\u00edrez. Hablo del presente y del futuro, del pasado hablan ellos: 40 a\u00f1os de trayectoria pol\u00edtica resumidas en un v\u00eddeo &hellip; <a href=\"https:\/\/blogs.deia.eus\/bogandoporlared\/2026\/09\/06\/40-anos-no-son-nada-y-ea-menos\/\" class=\"more-link\">Sigue leyendo <span class=\"screen-reader-text\">40 a\u00f1os no son nada. Y EA, menos<\/span><\/a><!-- AddThis Advanced Settings generic via filter on get_the_excerpt --><!-- AddThis Share Buttons generic via filter on get_the_excerpt --><\/p>\n","protected":false},"author":5,"featured_media":0,"comment_status":"closed","ping_status":"closed","sticky":false,"template":"","format":"standard","meta":{"footnotes":""},"categories":[48013],"tags":[103381,171719,44,15839,53531,171883,163016,171884,394,77373,99,170254],"class_list":["post-19547","post","type-post","status-publish","format-standard","hentry","category-los-apuntes","tag-antonio-agredano","tag-ceuta","tag-ea","tag-eh-bildu","tag-el-periodico","tag-jon-echeverria","tag-julen-bollain","tag-le-grand-continent","tag-mark-zuckerberg","tag-meta","tag-pp","tag-x"],"_links":{"self":[{"href":"https:\/\/blogs.deia.eus\/bogandoporlared\/wp-json\/wp\/v2\/posts\/19547","targetHints":{"allow":["GET"]}}],"collection":[{"href":"https:\/\/blogs.deia.eus\/bogandoporlared\/wp-json\/wp\/v2\/posts"}],"about":[{"href":"https:\/\/blogs.deia.eus\/bogandoporlared\/wp-json\/wp\/v2\/types\/post"}],"author":[{"embeddable":true,"href":"https:\/\/blogs.deia.eus\/bogandoporlared\/wp-json\/wp\/v2\/users\/5"}],"replies":[{"embeddable":true,"href":"https:\/\/blogs.deia.eus\/bogandoporlared\/wp-json\/wp\/v2\/comments?post=19547"}],"version-history":[{"count":1,"href":"https:\/\/blogs.deia.eus\/bogandoporlared\/wp-json\/wp\/v2\/posts\/19547\/revisions"}],"predecessor-version":[{"id":19549,"href":"https:\/\/blogs.deia.eus\/bogandoporlared\/wp-json\/wp\/v2\/posts\/19547\/revisions\/19549"}],"wp:attachment":[{"href":"https:\/\/blogs.deia.eus\/bogandoporlared\/wp-json\/wp\/v2\/media?parent=19547"}],"wp:term":[{"taxonomy":"category","embeddable":true,"href":"https:\/\/blogs.deia.eus\/bogandoporlared\/wp-json\/wp\/v2\/categories?post=19547"},{"taxonomy":"post_tag","embeddable":true,"href":"https:\/\/blogs.deia.eus\/bogandoporlared\/wp-json\/wp\/v2\/tags?post=19547"}],"curies":[{"name":"wp","href":"https:\/\/api.w.org\/{rel}","templated":true}]}}