{"id":6783,"date":"2014-07-07T09:00:54","date_gmt":"2014-07-07T08:00:54","guid":{"rendered":"http:\/\/blogs.deia.com\/bogandoporlared\/?p=6783"},"modified":"2014-07-08T09:25:31","modified_gmt":"2014-07-08T08:25:31","slug":"los-fichajes-de-telefonica","status":"publish","type":"post","link":"https:\/\/blogs.deia.eus\/bogandoporlared\/2014\/07\/07\/los-fichajes-de-telefonica\/","title":{"rendered":"Los fichajes de Telef\u00f3nica"},"content":{"rendered":"<p><a href=\"http:\/\/blogs.deia.com\/bogandoporlared\/files\/2014\/07\/20140707_fichajes.jpg\"><img loading=\"lazy\" decoding=\"async\" class=\"aligncenter size-full wp-image-6784\" src=\"http:\/\/blogs.deia.com\/bogandoporlared\/files\/2014\/07\/20140707_fichajes.jpg\" alt=\"20140707_fichajes\" width=\"657\" height=\"659\" srcset=\"https:\/\/blogs.deia.eus\/bogandoporlared\/files\/2014\/07\/20140707_fichajes.jpg 657w, https:\/\/blogs.deia.eus\/bogandoporlared\/files\/2014\/07\/20140707_fichajes-150x150.jpg 150w, https:\/\/blogs.deia.eus\/bogandoporlared\/files\/2014\/07\/20140707_fichajes-580x581.jpg 580w\" sizes=\"auto, (max-width: 657px) 100vw, 657px\" \/><\/a><\/p>\n<p>El o la c\u00f3nyuge de un pol\u00edtico o una pol\u00edtica sigue siendo una persona perfectamente v\u00e1lida, y profesional. Pero no deja de resultar sospechoso que Telef\u00f3nica haya fichado casi al mismo tiempo al marido de Soraya S\u00e1enz de Santamar\u00eda y a la mujer de Eduardo Madina. Contrataciones que han sentado fatal en el PSOE, seg\u00fan leemos en \u2018P\u00fablico\u2019: dicen los socialistas que ambos casos no son comparables porque el que est\u00e1 en el poder es el PP y porque no han hecho ninguna maniobra para el fichaje de la compa\u00f1era de Madina. \u00bfEs que a veces lo hacen? \u00bfEs que las contrataciones cuando hay un socialista en Moncloa son por conveniencia?<\/p>\n<p><strong>Vivir en una burbuja<\/strong><\/p>\n<p>Gowex era pura burbuja: un wifi gratis y sin l\u00edmite alrededor del mundo. Una de esas utop\u00edas que tanto gustan a los visionarios de Internet. Pero no. Primero, un informe demoledor que apuntaba a que Gowex no ten\u00eda clientes ni valor. Despu\u00e9s, la agitaci\u00f3n. Finalmente, la dimisi\u00f3n de su m\u00e1ximo responsable despu\u00e9s de reconocer que, oigan, viv\u00edan en una utop\u00eda pero declaraban un valor de 1.400 millones de euros (\u2018El Confidencial\u2019). Pero ni es una utop\u00eda ni una estafa: es una burbuja. Es inflaci\u00f3n pura y dura de visionarios, de modelos de negocio imposibles (empezando por el propio Twitter), y de blogs que loaban a Gowex como si fuera un \u00e9xito real.<\/p>\n<p><strong>\u00bfDe qui\u00e9n es la culpa?<\/strong><\/p>\n<p>Tengo claro que la culpa no es de Iker Casillas por colgar en una red social una foto de su mujer y su hijo peque\u00f1o en la playa (\u2018Vertele\u2019). Pero tampoco creo que la culpa sea toda del imb\u00e9cil que le dej\u00f3 el siguiente comentario: \u201cT\u00edralo pal agua haber si flota\u201d (sic). La culpa es de quien convenci\u00f3 a uno y a otro de que pod\u00edan estar libremente en Internet. Al primero, pese a ser un personaje p\u00fablico y muy conocido, no le advirtieron de los peligros de \u201cestar\u201d. Al segundo, al imb\u00e9cil, le animaron a estar, desde la tele, desde el propio Internet, desde las charlas de \u201cempoderamiento\u201d: \u00e1brete un perfil, no importa que te escondas en el anonimato, opina, gasta megas, engorda a las grandes empresas de telecomunicaciones.<\/p>\n<p><strong>Por suerte\u2026<\/strong><\/p>\n<p>Por suerte, alguien act\u00faa. Act\u00faa contra las burbujas. Act\u00faa contra los imb\u00e9ciles y sus consecuencias. Y act\u00faa contra quienes hacen venta fraudulenta en Internet. La Agencia de Alimentos y Medicamentos de Estados Unidos ha pedido que las cuentas en Twitter que publiciten medicamentos tengan la obligaci\u00f3n de poner en esa misma red social los efectos secundarios de los mismos (\u2018FayerWayer&#8217;). Y me parece bien. No se trata de intervenci\u00f3n, sino de regulaci\u00f3n, de prevenci\u00f3n y de dar valor a quien lo hace bien, a quien se maneja en las redes sociales digitales con honestidad, a cara descubierta y sin dar lecciones ni hacer chistes de p\u00e9simo gusto.<\/p>\n<p><strong>Los medios contra Pablo Iglesias<\/strong><\/p>\n<p>Pablo Iglesias es una especie de injerto: el resultado de unir el fruto de la indignaci\u00f3n y el de la televisi\u00f3n. Mientras haya indignaci\u00f3n y mientras las c\u00e1maras le enfoquen, crecer\u00e1. En cuanto los alba\u00f1iles puedan volver a un hotel de la Riviera Maya con una pulsera de \u201ctodo incluido\u201d, y a los periodistas ya no les haga gracia, desaparecer\u00e1. Pero con lo listo que es, lo raro es que no haya medido mejor su ataque a cabeceras y periodistas. Ataque que luego ha intentado corregir: que hablaba de los grandes grupos medi\u00e1ticos, dice. Pero llega tarde: digitales como \u2018La Informaci\u00f3n\u2019, nada sospechoso de plegarse a la derecha, tambi\u00e9n se han mostrado beligerantes con reportajes que ilustran los modelos chavistas de intervenci\u00f3n medi\u00e1tica que plantea.<\/p>\n<!-- AddThis Advanced Settings generic via filter on the_content --><!-- AddThis Share Buttons generic via filter on the_content -->","protected":false},"excerpt":{"rendered":"<p>El o la c\u00f3nyuge de un pol\u00edtico o una pol\u00edtica sigue siendo una persona perfectamente v\u00e1lida, y profesional. Pero no deja de resultar sospechoso que Telef\u00f3nica haya fichado casi al mismo tiempo al marido de Soraya S\u00e1enz de Santamar\u00eda y a la mujer de Eduardo Madina. Contrataciones que han sentado fatal en el PSOE, seg\u00fan &hellip; <a href=\"https:\/\/blogs.deia.eus\/bogandoporlared\/2014\/07\/07\/los-fichajes-de-telefonica\/\" class=\"more-link\">Sigue leyendo <span class=\"screen-reader-text\">Los fichajes de Telef\u00f3nica<\/span><\/a><!-- AddThis Advanced Settings generic via filter on get_the_excerpt --><!-- AddThis Share Buttons generic via filter on get_the_excerpt --><\/p>\n","protected":false},"author":5,"featured_media":0,"comment_status":"open","ping_status":"open","sticky":false,"template":"","format":"standard","meta":{"footnotes":""},"categories":[48013],"tags":[44664,17735,46232,59246,50776,434,47772,42846,15899,283,48086],"class_list":["post-6783","post","type-post","status-publish","format-standard","hentry","category-los-apuntes","tag-eduardo-madina","tag-el-confidencial","tag-fayerwayer","tag-gowex","tag-iker-casillas","tag-la-informacion","tag-pablo-iglesias","tag-publico","tag-soraya-saenz-de-santamaria","tag-twitter","tag-vertele"],"_links":{"self":[{"href":"https:\/\/blogs.deia.eus\/bogandoporlared\/wp-json\/wp\/v2\/posts\/6783","targetHints":{"allow":["GET"]}}],"collection":[{"href":"https:\/\/blogs.deia.eus\/bogandoporlared\/wp-json\/wp\/v2\/posts"}],"about":[{"href":"https:\/\/blogs.deia.eus\/bogandoporlared\/wp-json\/wp\/v2\/types\/post"}],"author":[{"embeddable":true,"href":"https:\/\/blogs.deia.eus\/bogandoporlared\/wp-json\/wp\/v2\/users\/5"}],"replies":[{"embeddable":true,"href":"https:\/\/blogs.deia.eus\/bogandoporlared\/wp-json\/wp\/v2\/comments?post=6783"}],"version-history":[{"count":1,"href":"https:\/\/blogs.deia.eus\/bogandoporlared\/wp-json\/wp\/v2\/posts\/6783\/revisions"}],"predecessor-version":[{"id":6785,"href":"https:\/\/blogs.deia.eus\/bogandoporlared\/wp-json\/wp\/v2\/posts\/6783\/revisions\/6785"}],"wp:attachment":[{"href":"https:\/\/blogs.deia.eus\/bogandoporlared\/wp-json\/wp\/v2\/media?parent=6783"}],"wp:term":[{"taxonomy":"category","embeddable":true,"href":"https:\/\/blogs.deia.eus\/bogandoporlared\/wp-json\/wp\/v2\/categories?post=6783"},{"taxonomy":"post_tag","embeddable":true,"href":"https:\/\/blogs.deia.eus\/bogandoporlared\/wp-json\/wp\/v2\/tags?post=6783"}],"curies":[{"name":"wp","href":"https:\/\/api.w.org\/{rel}","templated":true}]}}