{"id":6983,"date":"2014-09-04T09:00:01","date_gmt":"2014-09-04T08:00:01","guid":{"rendered":"http:\/\/blogs.deia.com\/bogandoporlared\/?p=6983"},"modified":"2014-09-04T09:59:11","modified_gmt":"2014-09-04T08:59:11","slug":"poniendolo-facil-a-los-ladrones","status":"publish","type":"post","link":"https:\/\/blogs.deia.eus\/bogandoporlared\/2014\/09\/04\/poniendolo-facil-a-los-ladrones\/","title":{"rendered":"Poni\u00e9ndolo f\u00e1cil a los ladrones"},"content":{"rendered":"<p><a href=\"http:\/\/blogs.deia.com\/bogandoporlared\/files\/2014\/09\/20140904_facil.jpg\"><img loading=\"lazy\" decoding=\"async\" class=\"aligncenter size-full wp-image-6984\" src=\"http:\/\/blogs.deia.com\/bogandoporlared\/files\/2014\/09\/20140904_facil.jpg\" alt=\"20140904_facil\" width=\"838\" height=\"900\" srcset=\"https:\/\/blogs.deia.eus\/bogandoporlared\/files\/2014\/09\/20140904_facil.jpg 838w, https:\/\/blogs.deia.eus\/bogandoporlared\/files\/2014\/09\/20140904_facil-580x622.jpg 580w\" sizes=\"auto, (max-width: 838px) 100vw, 838px\" \/><\/a><\/p>\n<p>Por si acaso no hab\u00eda suficientes v\u00eddeos en Internet sobre c\u00f3mo abrir cerraduras y puertas, a veces junto a un rid\u00edculo e indignante mensaje de \u201cpor favor, no us\u00e9is esta informaci\u00f3n para robar\u201d, llegan ahora las impresoras digitales, el software desarrollado por Christian Holler y Jos Weyers con el que, aseguran, pueden imprimir una llave que funciona solo fotografiando la cerradura, y la irresponsabilidad de \u2018El Confidencial\u2019 que lo publica bajo el siguiente titular: \u201cUn llave maestra que cualquiera puede fabricar en casa\u201d.<\/p>\n<p><strong>Realmente, no importa el c\u00f3mo<\/strong><\/p>\n<p>El robo de fotograf\u00edas privadas de actrices famosas, almacenadas en el servicio \u201cen la nube\u201d de Apple, ha puesto en entredicho la seguridad de la empresa de la manzanita. Dicen ahora los de fabricantes (y recoge la \u2018BBC\u2019) que no ha sido un problema de vulnerabilidad, y que los hackers habr\u00edan deducido los usuarios y contrase\u00f1as de estas actrices. Pero realmente lo que menos importa es el \u201cc\u00f3mo\u201d, y lo que m\u00e1s el \u201cqu\u00e9\u201d, \u00bfqu\u00e9 archivos que no queremos compartir con nadie dejamos en sistemas virtuales de almacenamiento que gestionan terceros?<\/p>\n<p><strong>El \u201cs\u00ed\u201d de los Proclaimers<\/strong><\/p>\n<p>Seguramente se acuerden de la canci\u00f3n \u201cI\u2019m Gonna Be\u201d, la de las famosas 500 millas, que cantaban \u2018The Proclaimers\u2019. Dos hermanos gemelos del norte de Edinburgo que, adem\u00e1s de hacer canciones pegadizas, han apoyado p\u00fablicamente al equipo cat\u00f3lico de la capital, el Hibernian, se reconocen nacionalistas de toda la vida, y participan en la campa\u00f1a \u2018Yes Scotland\u2019 manifestando que se trata de una cuesti\u00f3n \u201cde principios\u201d y de construir una naci\u00f3n europea, la escocesa, pr\u00f3spera y justa. Un mensaje claro y contundente que han difundido estos d\u00edas.<\/p>\n<p><strong>Racismo injustificado<\/strong><\/p>\n<p>La cuenta en Twitter \u2018F\u00fatbol de Inglaterra\u2019, con m\u00e1s de 130.000 seguidores pero \u201cno oficial\u201d, como ellos mismos manifiestan en su perfil, era un poco pesada y se pasaba de entusiasta. Tambi\u00e9n nos daba gato por libre cuando relanzaba mensajes que poco o nada ten\u00edan que ver con la Premier. Pero ayer, para m\u00ed, lanz\u00f3 su \u00faltimo mensaje: \u201cWest Ham. Gast\u00f3 en negritos e Ingleses \u00a327.70M. Gan\u00f3 \u00a33.87M\u201d. Solo necesit\u00e9 leer hasta \u201cnegritos\u201d para dejar de seguirles. Y si tanto saben de f\u00fatbol ingl\u00e9s, se habr\u00e1n dado cuenta de que el color de la piel de los nuevos talentos de aquella selecci\u00f3n no es precisamente el sonrosado de Rooney.<\/p>\n<p><strong>A Euskadi, a comer<\/strong><\/p>\n<p>Espero que Javi Lara se encuentre m\u00e1s a gusto ahora en Eibar que lo que se sinti\u00f3 en Irun, donde jug\u00f3 \u201cseis meses eternos\u201d, seg\u00fan sus propias palabras en \u2018Intereconom\u00eda\u2019. <a href=\"https:\/\/www.facebook.com\/video.php?v=10204356796417165\" target=\"_blank\">La entrevista de Pedrerol al delantero<\/a> la ha recuperado Gorka Fern\u00e1ndez en su Facebook y, en ella, Lara no tiene buenas palabras ni para el f\u00fatbol ni para la ciudadan\u00eda vasca. Comer, se come bien, eso s\u00ed lo reconoce. De hecho, antes de firmar por los armeros dec\u00eda que solo volver\u00eda a Euskadi a comer. El euskera y la gente no le dejaron un buen recuerdo, y seg\u00fan \u00e9l, siempre que tuviera otra opci\u00f3n no regresar\u00eda.<\/p>\n<!-- AddThis Advanced Settings generic via filter on the_content --><!-- AddThis Share Buttons generic via filter on the_content -->","protected":false},"excerpt":{"rendered":"<p>Por si acaso no hab\u00eda suficientes v\u00eddeos en Internet sobre c\u00f3mo abrir cerraduras y puertas, a veces junto a un rid\u00edculo e indignante mensaje de \u201cpor favor, no us\u00e9is esta informaci\u00f3n para robar\u201d, llegan ahora las impresoras digitales, el software desarrollado por Christian Holler y Jos Weyers con el que, aseguran, pueden imprimir una llave &hellip; <a href=\"https:\/\/blogs.deia.eus\/bogandoporlared\/2014\/09\/04\/poniendolo-facil-a-los-ladrones\/\" class=\"more-link\">Sigue leyendo <span class=\"screen-reader-text\">Poni\u00e9ndolo f\u00e1cil a los ladrones<\/span><\/a><!-- AddThis Advanced Settings generic via filter on get_the_excerpt --><!-- AddThis Share Buttons generic via filter on get_the_excerpt --><\/p>\n","protected":false},"author":5,"featured_media":0,"comment_status":"open","ping_status":"open","sticky":false,"template":"","format":"standard","meta":{"footnotes":""},"categories":[48013],"tags":[25143,61413,17735,393,61416,61418,5659,61417,61414,43489,61415,283,50745],"class_list":["post-6983","post","type-post","status-publish","format-standard","hentry","category-los-apuntes","tag-apple","tag-christian-holler","tag-el-confidencial","tag-facebook","tag-futbol-de-inglaterra","tag-gorka-fernandez","tag-intereconomia","tag-javi-lara","tag-jos-weyers","tag-josep-pedrerol","tag-the-proclaimers","tag-twitter","tag-yes-scotland"],"_links":{"self":[{"href":"https:\/\/blogs.deia.eus\/bogandoporlared\/wp-json\/wp\/v2\/posts\/6983","targetHints":{"allow":["GET"]}}],"collection":[{"href":"https:\/\/blogs.deia.eus\/bogandoporlared\/wp-json\/wp\/v2\/posts"}],"about":[{"href":"https:\/\/blogs.deia.eus\/bogandoporlared\/wp-json\/wp\/v2\/types\/post"}],"author":[{"embeddable":true,"href":"https:\/\/blogs.deia.eus\/bogandoporlared\/wp-json\/wp\/v2\/users\/5"}],"replies":[{"embeddable":true,"href":"https:\/\/blogs.deia.eus\/bogandoporlared\/wp-json\/wp\/v2\/comments?post=6983"}],"version-history":[{"count":3,"href":"https:\/\/blogs.deia.eus\/bogandoporlared\/wp-json\/wp\/v2\/posts\/6983\/revisions"}],"predecessor-version":[{"id":6987,"href":"https:\/\/blogs.deia.eus\/bogandoporlared\/wp-json\/wp\/v2\/posts\/6983\/revisions\/6987"}],"wp:attachment":[{"href":"https:\/\/blogs.deia.eus\/bogandoporlared\/wp-json\/wp\/v2\/media?parent=6983"}],"wp:term":[{"taxonomy":"category","embeddable":true,"href":"https:\/\/blogs.deia.eus\/bogandoporlared\/wp-json\/wp\/v2\/categories?post=6983"},{"taxonomy":"post_tag","embeddable":true,"href":"https:\/\/blogs.deia.eus\/bogandoporlared\/wp-json\/wp\/v2\/tags?post=6983"}],"curies":[{"name":"wp","href":"https:\/\/api.w.org\/{rel}","templated":true}]}}