{"id":7108,"date":"2014-10-10T09:10:45","date_gmt":"2014-10-10T08:10:45","guid":{"rendered":"http:\/\/blogs.deia.com\/bogandoporlared\/?p=7108"},"modified":"2014-10-11T09:13:21","modified_gmt":"2014-10-11T08:13:21","slug":"ser-democrata","status":"publish","type":"post","link":"https:\/\/blogs.deia.eus\/bogandoporlared\/2014\/10\/10\/ser-democrata\/","title":{"rendered":"\u00abSer dem\u00f3crata\u00bb"},"content":{"rendered":"<p><a href=\"http:\/\/blogs.deia.com\/bogandoporlared\/files\/2014\/10\/20141010_democrata.jpg\"><img loading=\"lazy\" decoding=\"async\" class=\"aligncenter size-full wp-image-7109\" src=\"http:\/\/blogs.deia.com\/bogandoporlared\/files\/2014\/10\/20141010_democrata.jpg\" alt=\"20141010_democrata\" width=\"498\" height=\"588\" \/><\/a><\/p>\n<p>Lo denuncia I\u00f1igo Iturrate en su perfil de Facebook, pero no es el \u00fanico: son varios los parlamentarios vascos que se han hecho eco en Twitter de las sorprendentes (por no decir otra cosa) palabras de Idoia Mendia desde la tribuna: \u201cNo se puede ser dem\u00f3crata y defender el derecho a decidir\u201d. Entonces, \u00bfpara qu\u00e9 se puede ser dem\u00f3crata, para aceptar que sean otros (los partidos mayoritarios en Espa\u00f1a, por supuesto) los que decidan por cada uno de nosotros? Idoia Mendia empieza con fuerza al frente del PSE de Euskadi. A ver c\u00f3mo acaba.<\/p>\n<p><strong>Y Ca\u00f1ete, comisario<\/strong><\/p>\n<p>Lo advert\u00eda un compa\u00f1ero en Twitter: algunos nos pens\u00e1bamos que Europa era diferente pero, al final, el nombramiento de Ca\u00f1ete nos ha demostrado que est\u00e1bamos equivocados. Al ex ministro de Rajoy le han apretado, pero no le han ahogado, y pasa el corte: ser\u00e1 comisario de Clima y Energ\u00eda aunque haya estado relacionado directamente con empresas petrol\u00edferas, haya participado en la desastrosa gesti\u00f3n del hundimiento del Prestige o haya hecho declaraciones machistas durante la campa\u00f1a. Pese a todo esto, pas\u00f3 las dos votaciones: las que le capacitaba para ser comisario europeo, y la que le capacitaba para serlo en este \u00e1rea.<\/p>\n<p><strong>Falsos rumores sobre el \u00e9bola<\/strong><\/p>\n<p>Hay que ser muy canalla para dedicar tu tiempo a elaborar p\u00e1ginas webs falsas con noticias igual de falaces sobre la propagaci\u00f3n del \u00e9bola en Madrid. \u201c\u2019ABC\u2019 y \u2018El Mundo\u2019 han tenido que advertir de que se est\u00e1n distribuyendo portadas falsas con noticias completamente inventadas. Otros medios afectados han sido \u2018El Economista\u2019, \u2018Antena 3\u2019 y \u2018El Pa\u00eds\u2019. En los ejemplos encontrados hasta el momento, se han advertido de casos de \u00e9bola en diferentes puntos de la geograf\u00eda espa\u00f1ola\u201d, leemos en \u2018La Informaci\u00f3n\u2019.<\/p>\n<p><strong>Bombas en Irlanda del Norte<\/strong><\/p>\n<p>En el norte de Belfast, primero en el barrio de Holy Cross y ahora en el suburbio de Newtownabbey, han aparecido dos bombas en lo que llevamos de semana. Bombas con capacidad de ser activadas y explotar que generan una alerta real. La primera, la que apareci\u00f3 en un barrio donde las comunidades irlandesa e inglesa est\u00e1n vivamente enfrentadas, se atribuy\u00f3 a disidentes republicanos. En la web del \u2018Belfast Telegraph\u2019, sin embargo, no aparece la autor\u00eda de la segunda. P\u00e9simas noticias en un momento en el que el conflicto parec\u00eda pasado.<\/p>\n<p><strong>Agur, Lokarri<\/strong><\/p>\n<p>Jos\u00e9 Antonio P\u00e9rez lo defini\u00f3 estupendamente en Twitter: \u201cA veces, que algo desaparezca es una buena noticia\u201d. Se refer\u00eda a Lokarri, que acababa de anunciar, tambi\u00e9n por medio de esta red social, que en marzo de 2015 dar\u00e1n por concluida su trayectoria. Los detalles de la noticia los encontrar\u00e1n en el peri\u00f3dico, pero yo no quiero que pase esta oportunidad para reconocer el gran trabajo de esta organizaci\u00f3n, a la que a\u00fan pertenezco, que se ha empe\u00f1ado en plantear al conflicto vasco de un modo realista y aprensible, que ha hecho pedagog\u00eda como nadie y que asumi\u00f3 que cargar\u00eda con claroscuros para traernos un poco de luz. Eskerrik asko!<\/p>\n<!-- AddThis Advanced Settings generic via filter on the_content --><!-- AddThis Share Buttons generic via filter on the_content -->","protected":false},"excerpt":{"rendered":"<p>Lo denuncia I\u00f1igo Iturrate en su perfil de Facebook, pero no es el \u00fanico: son varios los parlamentarios vascos que se han hecho eco en Twitter de las sorprendentes (por no decir otra cosa) palabras de Idoia Mendia desde la tribuna: \u201cNo se puede ser dem\u00f3crata y defender el derecho a decidir\u201d. Entonces, \u00bfpara qu\u00e9 &hellip; <a href=\"https:\/\/blogs.deia.eus\/bogandoporlared\/2014\/10\/10\/ser-democrata\/\" class=\"more-link\">Sigue leyendo <span class=\"screen-reader-text\">\u00abSer dem\u00f3crata\u00bb<\/span><\/a><!-- AddThis Advanced Settings generic via filter on get_the_excerpt --><!-- AddThis Share Buttons generic via filter on get_the_excerpt --><\/p>\n","protected":false},"author":5,"featured_media":0,"comment_status":"open","ping_status":"open","sticky":false,"template":"","format":"standard","meta":{"footnotes":""},"categories":[48013],"tags":[5678,17768,48098,42819,16801,416,393,74,63001,48287,434,375,42871,283],"class_list":["post-7108","post","type-post","status-publish","format-standard","hentry","category-los-apuntes","tag-abc","tag-antena-3","tag-belfast-telegraph","tag-el-economista","tag-el-mundo","tag-el-pais","tag-facebook","tag-idoia-mendia","tag-inigo-iturrate","tag-jose-antonio-perez","tag-la-informacion","tag-lokarri","tag-miguel-arias-canete","tag-twitter"],"_links":{"self":[{"href":"https:\/\/blogs.deia.eus\/bogandoporlared\/wp-json\/wp\/v2\/posts\/7108","targetHints":{"allow":["GET"]}}],"collection":[{"href":"https:\/\/blogs.deia.eus\/bogandoporlared\/wp-json\/wp\/v2\/posts"}],"about":[{"href":"https:\/\/blogs.deia.eus\/bogandoporlared\/wp-json\/wp\/v2\/types\/post"}],"author":[{"embeddable":true,"href":"https:\/\/blogs.deia.eus\/bogandoporlared\/wp-json\/wp\/v2\/users\/5"}],"replies":[{"embeddable":true,"href":"https:\/\/blogs.deia.eus\/bogandoporlared\/wp-json\/wp\/v2\/comments?post=7108"}],"version-history":[{"count":1,"href":"https:\/\/blogs.deia.eus\/bogandoporlared\/wp-json\/wp\/v2\/posts\/7108\/revisions"}],"predecessor-version":[{"id":7110,"href":"https:\/\/blogs.deia.eus\/bogandoporlared\/wp-json\/wp\/v2\/posts\/7108\/revisions\/7110"}],"wp:attachment":[{"href":"https:\/\/blogs.deia.eus\/bogandoporlared\/wp-json\/wp\/v2\/media?parent=7108"}],"wp:term":[{"taxonomy":"category","embeddable":true,"href":"https:\/\/blogs.deia.eus\/bogandoporlared\/wp-json\/wp\/v2\/categories?post=7108"},{"taxonomy":"post_tag","embeddable":true,"href":"https:\/\/blogs.deia.eus\/bogandoporlared\/wp-json\/wp\/v2\/tags?post=7108"}],"curies":[{"name":"wp","href":"https:\/\/api.w.org\/{rel}","templated":true}]}}