{"id":7393,"date":"2015-01-11T09:19:47","date_gmt":"2015-01-11T08:19:47","guid":{"rendered":"http:\/\/blogs.deia.com\/bogandoporlared\/?p=7393"},"modified":"2015-01-12T10:33:15","modified_gmt":"2015-01-12T09:33:15","slug":"el-mejor-homenaje","status":"publish","type":"post","link":"https:\/\/blogs.deia.eus\/bogandoporlared\/2015\/01\/11\/el-mejor-homenaje\/","title":{"rendered":"El mejor homenaje"},"content":{"rendered":"<p><a href=\"http:\/\/blogs.deia.com\/bogandoporlared\/files\/2015\/01\/20150111_homenaje.jpg\"><img loading=\"lazy\" decoding=\"async\" class=\"aligncenter size-full wp-image-7394\" src=\"http:\/\/blogs.deia.com\/bogandoporlared\/files\/2015\/01\/20150111_homenaje.jpg\" alt=\"20150111_homenaje\" width=\"791\" height=\"826\" srcset=\"https:\/\/blogs.deia.eus\/bogandoporlared\/files\/2015\/01\/20150111_homenaje.jpg 791w, https:\/\/blogs.deia.eus\/bogandoporlared\/files\/2015\/01\/20150111_homenaje-580x605.jpg 580w\" sizes=\"auto, (max-width: 791px) 100vw, 791px\" \/><\/a><\/p>\n<p>No s\u00e9 franc\u00e9s ni soy un seguidor de la prensa sat\u00edrica a lo largo del mundo. De hecho, conoc\u00ed \u2018Charlie Hebdo\u2019 a partir de las amenazas sobre la publicaci\u00f3n por los integristas isl\u00e1micos. Y como no tengo ninguna necesidad de ir de erudito del tema, les invito a que, como yo, conozcan mejor a los dibujantes asesinados <a href=\"http:\/\/www.clasesdeperiodismo.com\/2015\/01\/08\/conoce-la-obra-de-los-cuatro-caricaturistas-de-charliehebdo-asesinados\/\" target=\"_blank\">por medio del post que hemos encontrado en \u2018Clases de Periodismo\u2019<\/a>. Charb, Georges Wolinski, Cabut y Tignous no volver\u00e1n a dibujar. El terror ha ganado esta batalla. Que no gane la guerra.<\/p>\n<p><strong>Se levanta la \u201cislamofobia\u201d<\/strong><\/p>\n<p>Tambi\u00e9n tenemos que estar muy atentos para que el terrorismo no gane la guerra a la racionalidad y la islamofobia no nos gane una batalla. En el digital de extrema derecha \u2018Minuto Digital\u2019 anuncian la manifestaci\u00f3n xen\u00f3foba que han organizado en Par\u00eds \u201cpara exigir la expulsi\u00f3n de todos los islamistas de Francia\u201d. Y el m\u00e1s desafortunado es el supuestamente dem\u00f3crata Santiago Abascal, que no ha podido elegir peores jornadas para enzarzarse en una batalla de misivas p\u00fablicas con la presidenta de la Comisi\u00f3n de Formaci\u00f3n de la Comisi\u00f3n Isl\u00e1mica de Espa\u00f1a.<\/p>\n<p><strong>Willy Toledo, una vez m\u00e1s<\/strong><\/p>\n<p>No son pocos los que sugieren que el problema es que hacemos caso a lo que dice Willy Toledo. Pero no estoy de acuerdo: cuando alguien llega a tantas personas deseosas de tragarse cualquier falacia para justificar una supuesta postura de izquierdas, los periodistas tenemos la obligaci\u00f3n de poner el punto sobre la \u201ci\u201d. Lo hizo Enric Sopena, el director de \u2018El Plural\u2019 en Twitter, a quien el propio Toledo le acus\u00f3 de ser \u201cun mercenario al servicio de criminales\u201d bajo el amparo del periodismo.<\/p>\n<p><strong>La nueva casta<\/strong><\/p>\n<p>Si la novia de un pol\u00edtico en Espa\u00f1a, pol\u00edtica a su vez, asegura que desconoc\u00eda que la empresa de su hermano se presentaba a un concurso p\u00fablico sobre el que ella ten\u00eda que decidir y que, finalmente, gan\u00f3 la licitaci\u00f3n p\u00fablica, a m\u00ed, me parece noticiable. Aunque ella se llame Tania S\u00e1nchez y sea de UI, su novio Pablo Iglesias y sea de Podemos, y el hermano de la primera administrase una cooperativa, todo ello en el ayuntamiento en el que el padre de la concejala y el empresario adjudicatario, era tambi\u00e9n concejal (\u2018La Voz Libre\u2019). \u00a1Y estos son los regeneradores de la pol\u00edtica en Espa\u00f1a!<\/p>\n<p><strong>Las inagotables lecciones de P\u00e9rez-Reverte<\/strong><\/p>\n<p>Hay dos tipos de personajes que me generan mucha pereza: los de ficci\u00f3n que siempre tienen una respuesta para todo sencillamente porque son m\u00e1s listos o poderosos que los dem\u00e1s. Y los del mundo real que siempre creen tener una respuesta para todo porque se creen m\u00e1s listos que el resto. Arturo P\u00e9rez-Reverte es de estos \u00faltimos, pero esta vez se ha encontrado con la respuesta en Twitter de los guionistas de la serie televisiva que protagoniza el personaje Alatriste. En esencia, los escritores le recomendaban que, si quer\u00eda ver la serie en la HBO, intente venderla all\u00ed (\u2018Vertele\u2019).<\/p>\n<!-- AddThis Advanced Settings generic via filter on the_content --><!-- AddThis Share Buttons generic via filter on the_content -->","protected":false},"excerpt":{"rendered":"<p>No s\u00e9 franc\u00e9s ni soy un seguidor de la prensa sat\u00edrica a lo largo del mundo. De hecho, conoc\u00ed \u2018Charlie Hebdo\u2019 a partir de las amenazas sobre la publicaci\u00f3n por los integristas isl\u00e1micos. Y como no tengo ninguna necesidad de ir de erudito del tema, les invito a que, como yo, conozcan mejor a los &hellip; <a href=\"https:\/\/blogs.deia.eus\/bogandoporlared\/2015\/01\/11\/el-mejor-homenaje\/\" class=\"more-link\">Sigue leyendo <span class=\"screen-reader-text\">El mejor homenaje<\/span><\/a><!-- AddThis Advanced Settings generic via filter on get_the_excerpt --><!-- AddThis Share Buttons generic via filter on get_the_excerpt --><\/p>\n","protected":false},"author":5,"featured_media":0,"comment_status":"open","ping_status":"open","sticky":false,"template":"","format":"standard","meta":{"footnotes":""},"categories":[48013],"tags":[64925,64924,64921,64919,15868,64918,44632,44630,64920,64927,64928,25141,48016,64923,47772,64926,20360,64789,44660,64922,283,48086,61367],"class_list":["post-7393","post","type-post","status-publish","format-standard","hentry","category-los-apuntes","tag-alatriste","tag-arturo-perez-reverte","tag-cabut","tag-charb","tag-charlie-hebdo","tag-clases-de-periodismo","tag-el-plural","tag-enric-sopena","tag-georges-wolinski","tag-hbo","tag-hector-sanchez","tag-la-voz-libre","tag-libertad-digital","tag-minuto-digital","tag-pablo-iglesias","tag-raul-sanchez","tag-santiago-abascal","tag-tania-sanchez","tag-telecinco","tag-tignous","tag-twitter","tag-vertele","tag-willy-toledo"],"_links":{"self":[{"href":"https:\/\/blogs.deia.eus\/bogandoporlared\/wp-json\/wp\/v2\/posts\/7393","targetHints":{"allow":["GET"]}}],"collection":[{"href":"https:\/\/blogs.deia.eus\/bogandoporlared\/wp-json\/wp\/v2\/posts"}],"about":[{"href":"https:\/\/blogs.deia.eus\/bogandoporlared\/wp-json\/wp\/v2\/types\/post"}],"author":[{"embeddable":true,"href":"https:\/\/blogs.deia.eus\/bogandoporlared\/wp-json\/wp\/v2\/users\/5"}],"replies":[{"embeddable":true,"href":"https:\/\/blogs.deia.eus\/bogandoporlared\/wp-json\/wp\/v2\/comments?post=7393"}],"version-history":[{"count":2,"href":"https:\/\/blogs.deia.eus\/bogandoporlared\/wp-json\/wp\/v2\/posts\/7393\/revisions"}],"predecessor-version":[{"id":7400,"href":"https:\/\/blogs.deia.eus\/bogandoporlared\/wp-json\/wp\/v2\/posts\/7393\/revisions\/7400"}],"wp:attachment":[{"href":"https:\/\/blogs.deia.eus\/bogandoporlared\/wp-json\/wp\/v2\/media?parent=7393"}],"wp:term":[{"taxonomy":"category","embeddable":true,"href":"https:\/\/blogs.deia.eus\/bogandoporlared\/wp-json\/wp\/v2\/categories?post=7393"},{"taxonomy":"post_tag","embeddable":true,"href":"https:\/\/blogs.deia.eus\/bogandoporlared\/wp-json\/wp\/v2\/tags?post=7393"}],"curies":[{"name":"wp","href":"https:\/\/api.w.org\/{rel}","templated":true}]}}