{"id":7478,"date":"2015-02-01T09:36:20","date_gmt":"2015-02-01T08:36:20","guid":{"rendered":"http:\/\/blogs.deia.com\/bogandoporlared\/?p=7478"},"modified":"2022-11-24T12:19:05","modified_gmt":"2022-11-24T11:19:05","slug":"el-psoe-se-beneficio","status":"publish","type":"post","link":"https:\/\/blogs.deia.eus\/bogandoporlared\/2015\/02\/01\/el-psoe-se-beneficio\/","title":{"rendered":"El PSOE se benefici\u00f3"},"content":{"rendered":"<p><a href=\"http:\/\/blogs.deia.com\/bogandoporlared\/files\/2015\/02\/20150201_psoe.jpg\"><img loading=\"lazy\" decoding=\"async\" class=\"aligncenter size-full wp-image-7479\" src=\"http:\/\/blogs.deia.com\/bogandoporlared\/files\/2015\/02\/20150201_psoe.jpg\" alt=\"20150201_psoe\" width=\"680\" height=\"893\" srcset=\"https:\/\/blogs.deia.eus\/bogandoporlared\/files\/2015\/02\/20150201_psoe.jpg 680w, https:\/\/blogs.deia.eus\/bogandoporlared\/files\/2015\/02\/20150201_psoe-580x762.jpg 580w\" sizes=\"auto, (max-width: 680px) 100vw, 680px\" \/><\/a><\/p>\n<p>En \u2018Estrella Digital\u2019 lo han publicado as\u00ed de claro: \u201cLa juez que investiga el caso de los expedientes de regulaci\u00f3n de empleo (ERE) irregulares considera que el \u2018beneficiario\u2019 del uso \u2018absolutamente discrecional\u2019 de los fondos p\u00fablicos por parte de la Administraci\u00f3n de la Junta de Andaluc\u00eda \u2018fue el propio partido del gobierno (PSOE), al engrasar durante a\u00f1os y de esta forma las relaciones con empresarios y sindicatos, lo que le generar\u00eda r\u00e9ditos pol\u00edticos y electorales\u2019. As\u00ed lo pone de manifiesto la magistrada Mercedes Alaya en la exposici\u00f3n razonada elevada al Tribunal Superior de Justicia de Andaluc\u00eda con los indicios existentes contra las cuatro personas aforadas se\u00f1aladas\u201d.<\/p>\n<p><strong>El control de Pablo Iglesias<\/strong><\/p>\n<p>En \u2018La Informaci\u00f3n\u2019 han dado con la foto que mejor ilustra la noticia: \u201cMalestar en las candidaturas andaluzas de Podemos por el control de Iglesias en las primarias\u201d. El Secretario General del partido que dice fiarlo todo a los c\u00edrculos se deja ver en la sombra, detr\u00e1s de Teresa Rodr\u00edguez, la probable candidata de Podemos en las elecciones andaluzas. Por lo que parece, no hay margen para la sorpresa: \u201cPrimarias express\u201d y control directo de \u00cd\u00f1igo Errej\u00f3n, persona de plena confianza de Iglesias. Las quejas por la falta de participaci\u00f3n, seg\u00fan el medio, no son disimuladas, precisamente.<\/p>\n<p><strong>Y el descontrol de Mariano Rajoy<\/strong><\/p>\n<p>Lo que hemos encontrado en \u2018Rep\u00fablica.com\u2019 nos ha dejado pasmados: \u201cEl juzgado de Instrucci\u00f3n n\u00famero 2 de Massamagrell (Valencia) ha imputado al ex presidente de Nuevas Generaciones (NNGG) de Rafelbunyol (Valencia), Adri\u00e1n F. P., un delito de exhibicionismo y provocaci\u00f3n sexual por supuestamente haber enviado v\u00eddeos de contenido pornogr\u00e1fico a un menor (&#8230;) El juez le imputa inicialmente presuntos delitos de delito de exhibicionismo y provocaci\u00f3n sexual\u201d. Muy r\u00e1pidos han andado en el medio digital, porque es \u201cex\u201d miembro del PP desde que le ha expulsado por esta imputaci\u00f3n.<\/p>\n<p><strong>El hombre de moda<\/strong><\/p>\n<p>Pocos ministros de Econom\u00eda habr\u00e1n generado tanta expectaci\u00f3n como el de Grecia, recientemente nombrado. Yanis Varoufakis maneja su propio Twitter y tiene un blog, adem\u00e1s de un plan para sacar a Grecia del agujero. El plan es muy sencillo: acabar con los impagos a lo p\u00fablico que han generado el drama econ\u00f3mico. Pero en \u2018El Blog Salm\u00f3n\u2019 le acusan, adem\u00e1s, de obviar que \u201cen 2012 hubo un recorte de la deuda de Grecia en un 50%. En dos a\u00f1os vuelven a tener el mismo nivel de deuda. El tipo medio de inter\u00e9s de la deuda Griega, gracias a las ayudas, ronda el 2-3%, que no es muy elevado teniendo en cuenta el riesgo que supone. Es decir, Europa ha ayudado a Grecia\u201d.<\/p>\n<p><strong>Zorionak, To\u00f1i eta Carlos!<\/strong><\/p>\n<p>Gracias a un buen amigo he conocido el magn\u00edfico proyecto creativo de Carlos Latorre, que es, adem\u00e1s, un regalo para su amatxu, a la que Carlos prometi\u00f3 que la llevar\u00eda de viaje con el dinero que ganar\u00eda gracias a sus estudios. A\u00fan no ha podido cumplir su palabra del todo, pero s\u00ed en parte gracias a una gran idea: compartir pegatinas de con un dibujo de su madre que otros fotografiaban en distintas partes del mundo. As\u00ed, To\u00f1i estaba viajando sin saberlo. Las fotos pueden verlas en <a href=\"http:\/\/es.pinterest.com\/charleemito\/to%C3%B1i-is-my-homeboy\/\" target=\"_blank\" rel=\"noopener\">el tablero en Pinterest<\/a> en el que est\u00e1n recopiladas. El libro editado, se lo garantizo, es muy emocionante.<\/p>\n<!-- AddThis Advanced Settings generic via filter on the_content --><!-- AddThis Share Buttons generic via filter on the_content -->","protected":false},"excerpt":{"rendered":"<p>En \u2018Estrella Digital\u2019 lo han publicado as\u00ed de claro: \u201cLa juez que investiga el caso de los expedientes de regulaci\u00f3n de empleo (ERE) irregulares considera que el \u2018beneficiario\u2019 del uso \u2018absolutamente discrecional\u2019 de los fondos p\u00fablicos por parte de la Administraci\u00f3n de la Junta de Andaluc\u00eda \u2018fue el propio partido del gobierno (PSOE), al engrasar &hellip; <a href=\"https:\/\/blogs.deia.eus\/bogandoporlared\/2015\/02\/01\/el-psoe-se-beneficio\/\" class=\"more-link\">Sigue leyendo <span class=\"screen-reader-text\">El PSOE se benefici\u00f3<\/span><\/a><!-- AddThis Advanced Settings generic via filter on get_the_excerpt --><!-- AddThis Share Buttons generic via filter on get_the_excerpt --><\/p>\n","protected":false},"author":5,"featured_media":0,"comment_status":"open","ping_status":"open","sticky":false,"template":"","format":"standard","meta":{"footnotes":""},"categories":[48013],"tags":[64989,46208,42465,434,365,50796,47772,5578,391,64987,64988],"class_list":["post-7478","post","type-post","status-publish","format-standard","hentry","category-los-apuntes","tag-carlos-latorre","tag-el-blog-salmon","tag-estrella-digital","tag-la-informacion","tag-mariano-rajoy","tag-mercedes-alaya","tag-pablo-iglesias","tag-pinterest","tag-republica","tag-teresa-rodriguez","tag-yanis-varoufakis"],"_links":{"self":[{"href":"https:\/\/blogs.deia.eus\/bogandoporlared\/wp-json\/wp\/v2\/posts\/7478","targetHints":{"allow":["GET"]}}],"collection":[{"href":"https:\/\/blogs.deia.eus\/bogandoporlared\/wp-json\/wp\/v2\/posts"}],"about":[{"href":"https:\/\/blogs.deia.eus\/bogandoporlared\/wp-json\/wp\/v2\/types\/post"}],"author":[{"embeddable":true,"href":"https:\/\/blogs.deia.eus\/bogandoporlared\/wp-json\/wp\/v2\/users\/5"}],"replies":[{"embeddable":true,"href":"https:\/\/blogs.deia.eus\/bogandoporlared\/wp-json\/wp\/v2\/comments?post=7478"}],"version-history":[{"count":2,"href":"https:\/\/blogs.deia.eus\/bogandoporlared\/wp-json\/wp\/v2\/posts\/7478\/revisions"}],"predecessor-version":[{"id":15957,"href":"https:\/\/blogs.deia.eus\/bogandoporlared\/wp-json\/wp\/v2\/posts\/7478\/revisions\/15957"}],"wp:attachment":[{"href":"https:\/\/blogs.deia.eus\/bogandoporlared\/wp-json\/wp\/v2\/media?parent=7478"}],"wp:term":[{"taxonomy":"category","embeddable":true,"href":"https:\/\/blogs.deia.eus\/bogandoporlared\/wp-json\/wp\/v2\/categories?post=7478"},{"taxonomy":"post_tag","embeddable":true,"href":"https:\/\/blogs.deia.eus\/bogandoporlared\/wp-json\/wp\/v2\/tags?post=7478"}],"curies":[{"name":"wp","href":"https:\/\/api.w.org\/{rel}","templated":true}]}}