{"id":7558,"date":"2015-02-21T09:47:35","date_gmt":"2015-02-21T08:47:35","guid":{"rendered":"http:\/\/blogs.deia.com\/bogandoporlared\/?p=7558"},"modified":"2022-11-24T12:23:33","modified_gmt":"2022-11-24T11:23:33","slug":"maduro-huye-hacia-delante","status":"publish","type":"post","link":"https:\/\/blogs.deia.eus\/bogandoporlared\/2015\/02\/21\/maduro-huye-hacia-delante\/","title":{"rendered":"Maduro huye hacia delante"},"content":{"rendered":"<p><a href=\"http:\/\/blogs.deia.com\/bogandoporlared\/files\/2015\/02\/20150221_maduro.jpg\"><img loading=\"lazy\" decoding=\"async\" class=\"aligncenter size-full wp-image-7559\" src=\"http:\/\/blogs.deia.com\/bogandoporlared\/files\/2015\/02\/20150221_maduro.jpg\" alt=\"20150221_maduro\" width=\"746\" height=\"861\" srcset=\"https:\/\/blogs.deia.eus\/bogandoporlared\/files\/2015\/02\/20150221_maduro.jpg 746w, https:\/\/blogs.deia.eus\/bogandoporlared\/files\/2015\/02\/20150221_maduro-580x669.jpg 580w\" sizes=\"auto, (max-width: 746px) 100vw, 746px\" \/><\/a><\/p>\n<p>Creo que \u2018Rep\u00fablica.com\u2019 es de los digitales que mejor refleja el \u00faltimo sainete que ha perpetrado Nicol\u00e1s Maduro para mantenerse a flote. Una comedia que no tiene gracia porque est\u00e1 jugando, de verdad, con vidas como la del opositor Antonio Ledezma, alcalde de Caracas, al que acusa de \u201cser el autor intelectual del intento de golpe de Estado de la semana pasada y de todas las conspiraciones en \u00e9poca de Ch\u00e1vez\u201d. Y a quienes no puede encarcelar, se\u00f1ala: \u201cHan hecho un eje Madrid-Bogot\u00e1-Miami para conspirar contra nuestra patria, y todos los d\u00edas sacan barbaridades de Venezuela\u201d. Si estas l\u00edneas no le gustan, igual ampl\u00eda el eje.<\/p>\n<p><strong>Monedero se enreda<\/strong><\/p>\n<p>No me gustan los linchamientos medi\u00e1ticos. Tampoco cuando los sufren personajes que siempre me han parecido retorcidos, como Juan Carlos Monedero. El asunto de su fortuna (700.000 \u20ac justo antes de fundar Podemos) y el de sus facturas como asesor (425.000 \u20ac usando una empresa pantalla) no me satisfacen. De hecho, me preocupan: hasta el regenerador de la democracia espa\u00f1ola trae sospechas en la maleta. Que ahora sepamos, adem\u00e1s, que pag\u00f3 69.000 \u20ac a una empresa por un informe similar por el que factur\u00f3 seis veces (&#8216;La Informaci\u00f3n&#8217;) m\u00e1s solo enreda la situaci\u00f3n.<\/p>\n<p><strong>Y sus adversarios, m\u00e1s<\/strong><\/p>\n<p>En el linchamiento a Podemos, como en todo linchamiento medi\u00e1tico, sus impulsores est\u00e1n cometiendo unos excesos que superan la l\u00f3gica, la normalidad e incluso lo tolerable. Por ejemplo, en &#8216;Amigas y Conocidas&#8217; (&#8216;TVE&#8217;) emitieron la imagen pixelada de alguien que pod\u00eda ser Teresa Rodr\u00edguez desnuda (&#8216;Vertele&#8217;) como pod\u00eda ser cualquier mujer joven morena desnuda. De hecho, la imagen genera tantas dudas que no resulta veros\u00edmil. Y si lo resulta, \u00bfqu\u00e9? \u00bfEs delito que una eurodiputada y candidata a la Junta haga nudismo?<\/p>\n<p><strong>Pesimismo sobre Grecia<\/strong><\/p>\n<p>En \u2018El Blog Salm\u00f3n\u2019 han mostrado su absoluto pesimismo sobre la situaci\u00f3n econ\u00f3mica de Grecia: \u201ca Tsipras lo van a hundir porque si el populismo electoral resulta beneficioso para los votantes, ma\u00f1ana van detr\u00e1s Espa\u00f1a, Portugal e Italia (&#8230;) No hay soluci\u00f3n. Grecia no puede seguir pidiendo un dinero que no puede devolver. Grecia debe ir al impago, y si esto supone su salida del euro, que digan adi\u00f3s a la moneda \u00fanica. El siguiente paso l\u00f3gico ser\u00eda el corralito\u201d.<\/p>\n<p><strong>\u00bfCu\u00e1nto cuesta cargar el smartphone?<\/strong><\/p>\n<p>\u201cCargar el m\u00f3vil nos cuesta 50 c\u00e9ntimos al a\u00f1o, dejar el cargador enchufado, menos de 20\u201d. Esa es la conclusi\u00f3n a la que han llegado en \u2018Xataka\u2019 despu\u00e9s de comprobar ellos mismos los consumos te\u00f3ricos. As\u00ed que, por extensi\u00f3n, \u201ctiene much\u00edsimo m\u00e1s impacto dejarse la pantalla encendida del ordenador o las luces (aunque sean Led) mientras no las usamos\u201d. Tambi\u00e9n resuelven otra duda: dejar el m\u00f3vil enchufado al cargador no perjudica a la bater\u00eda, que una vez cargado deja de entrar corriente, como han comprobado en sus medidores.<\/p>\n<!-- AddThis Advanced Settings generic via filter on the_content --><!-- AddThis Share Buttons generic via filter on the_content -->","protected":false},"excerpt":{"rendered":"<p>Creo que \u2018Rep\u00fablica.com\u2019 es de los digitales que mejor refleja el \u00faltimo sainete que ha perpetrado Nicol\u00e1s Maduro para mantenerse a flote. Una comedia que no tiene gracia porque est\u00e1 jugando, de verdad, con vidas como la del opositor Antonio Ledezma, alcalde de Caracas, al que acusa de \u201cser el autor intelectual del intento de &hellip; <a href=\"https:\/\/blogs.deia.eus\/bogandoporlared\/2015\/02\/21\/maduro-huye-hacia-delante\/\" class=\"more-link\">Sigue leyendo <span class=\"screen-reader-text\">Maduro huye hacia delante<\/span><\/a><!-- AddThis Advanced Settings generic via filter on get_the_excerpt --><!-- AddThis Share Buttons generic via filter on get_the_excerpt --><\/p>\n","protected":false},"author":5,"featured_media":0,"comment_status":"open","ping_status":"open","sticky":false,"template":"","format":"standard","meta":{"footnotes":""},"categories":[48013],"tags":[65041,65040,46208,61463,434,32897,391,64987,48086,50785,64988],"class_list":["post-7558","post","type-post","status-publish","format-standard","hentry","category-los-apuntes","tag-amigas-y-conocidas","tag-antonio-ledezma","tag-el-blog-salmon","tag-juan-carlos-monedero","tag-la-informacion","tag-nicolas-maduro","tag-republica","tag-teresa-rodriguez","tag-vertele","tag-xataka","tag-yanis-varoufakis"],"_links":{"self":[{"href":"https:\/\/blogs.deia.eus\/bogandoporlared\/wp-json\/wp\/v2\/posts\/7558","targetHints":{"allow":["GET"]}}],"collection":[{"href":"https:\/\/blogs.deia.eus\/bogandoporlared\/wp-json\/wp\/v2\/posts"}],"about":[{"href":"https:\/\/blogs.deia.eus\/bogandoporlared\/wp-json\/wp\/v2\/types\/post"}],"author":[{"embeddable":true,"href":"https:\/\/blogs.deia.eus\/bogandoporlared\/wp-json\/wp\/v2\/users\/5"}],"replies":[{"embeddable":true,"href":"https:\/\/blogs.deia.eus\/bogandoporlared\/wp-json\/wp\/v2\/comments?post=7558"}],"version-history":[{"count":1,"href":"https:\/\/blogs.deia.eus\/bogandoporlared\/wp-json\/wp\/v2\/posts\/7558\/revisions"}],"predecessor-version":[{"id":7560,"href":"https:\/\/blogs.deia.eus\/bogandoporlared\/wp-json\/wp\/v2\/posts\/7558\/revisions\/7560"}],"wp:attachment":[{"href":"https:\/\/blogs.deia.eus\/bogandoporlared\/wp-json\/wp\/v2\/media?parent=7558"}],"wp:term":[{"taxonomy":"category","embeddable":true,"href":"https:\/\/blogs.deia.eus\/bogandoporlared\/wp-json\/wp\/v2\/categories?post=7558"},{"taxonomy":"post_tag","embeddable":true,"href":"https:\/\/blogs.deia.eus\/bogandoporlared\/wp-json\/wp\/v2\/tags?post=7558"}],"curies":[{"name":"wp","href":"https:\/\/api.w.org\/{rel}","templated":true}]}}