{"id":7904,"date":"2015-06-08T08:49:33","date_gmt":"2015-06-08T07:49:33","guid":{"rendered":"http:\/\/blogs.deia.com\/bogandoporlared\/?p=7904"},"modified":"2015-06-05T16:51:41","modified_gmt":"2015-06-05T15:51:41","slug":"importa-la-foto","status":"publish","type":"post","link":"https:\/\/blogs.deia.eus\/bogandoporlared\/2015\/06\/08\/importa-la-foto\/","title":{"rendered":"\u00bfImporta la foto?"},"content":{"rendered":"<p><a href=\"http:\/\/blogs.deia.com\/bogandoporlared\/files\/2015\/06\/20150608_importa.jpg\"><img loading=\"lazy\" decoding=\"async\" class=\"aligncenter size-full wp-image-7905\" src=\"http:\/\/blogs.deia.com\/bogandoporlared\/files\/2015\/06\/20150608_importa.jpg\" alt=\"20150608_importa\" width=\"716\" height=\"839\" srcset=\"https:\/\/blogs.deia.eus\/bogandoporlared\/files\/2015\/06\/20150608_importa.jpg 716w, https:\/\/blogs.deia.eus\/bogandoporlared\/files\/2015\/06\/20150608_importa-580x680.jpg 580w\" sizes=\"auto, (max-width: 716px) 100vw, 716px\" \/><\/a><\/p>\n<p>Gobierno espa\u00f1ol y PP est\u00e1n absolutamente desnortados. De un poder como no ha habido en la historia democr\u00e1tica de Espa\u00f1a (mayor\u00eda absoluta en Congreso y Senado, y mayor\u00eda de comunidades y capitales en manos de los de la gaviota), a un desastre electoral, tambi\u00e9n, casi inigualable. \u00bfLa culpa? La corrupci\u00f3n en los medios. \u00bfLa soluci\u00f3n? Impedir a los medios hacer su trabajo: un imputado no podr\u00e1 salir en las fotos ni en los v\u00eddeos hasta que sea declarado culpable. Lo que se conocer\u00e1 como \u201cenmienda Rato\u201d, seg\u00fan \u2018Qu\u00e9 Sabes De\u2019.<\/p>\n<p><strong>Los libros de los pol\u00edticos<\/strong><\/p>\n<p>Han ayudado al desastre del PP declaraciones como: \u201cYo he venido a la pol\u00edtica a forrarme\u201d. Una cita que es una sentencia para quien la pronuncia, aquella vez, en el gobierno valenciano \u201cpopular\u201d. Sin embargo, si son otros los que se forran, \u00bfqu\u00e9 pasa? Me refiero, por ejemplo, a \u00cd\u00f1igo Errej\u00f3n o Manuela Carmena, \u00e9xito de ventas en la feria del libro (\u2018El Confidencial\u2019), evidentemente, gracias a su acci\u00f3n pol\u00edtica. Personalmente, creo que las ventas de sus pensamientos responden al mismo fen\u00f3meno que hace que Bel\u00e9n Esteban sea una best seller.<\/p>\n<p><strong>Obama no necesit\u00f3 Twitter<\/strong><\/p>\n<p>Recuerdo perfectamente el momento en el que, en China, Barack Obama confes\u00f3: \u201cYo nunca he usado Twitter\u201d. Hac\u00eda poco que hab\u00eda sido elegido por primera vez para ser el presidente de EE.UU., y en su campa\u00f1a esta red social hab\u00eda tenido un gran peso. Esta confesi\u00f3n hizo que vi\u00e9ramos las redes sociales como un complemento de la comunicaci\u00f3n, y no como un anzuelo para pescar ciudadanos despistados. Ahora, s\u00ed, Obama y su mujer tienen cuentas personales en Twitter por un objetivo puramente electoral de los dem\u00f3cratas, seg\u00fan \u2018Magnet\u2019.<\/p>\n<p><strong>Chorradas.com<\/strong><\/p>\n<p>La hija de Tom Cruise y Katie Holmes, igual que el hijo de David y Victoria Beckham, son dos iconos del estilismo pese a tener nueve y once a\u00f1os. Como entender\u00e1n, la noticia que hemos encontrado en \u2018Vozpopuli\u2019 me parece una aut\u00e9ntica idiotez. Una idiotez fruto de un fen\u00f3meno, el de las redes sociales, capaz de atraer a millones de idiotas en todo el mundo que consideran que la voluntad en el vestir de dos menores, hija e hijo de famosos, adem\u00e1s, puede marcar tendencias.<\/p>\n<p><strong>Hablan los \u201cantivacunas\u201d<\/strong><\/p>\n<p>Despu\u00e9s de conocer la noticia del ni\u00f1o de seis a\u00f1os enfermo de difteria en Girona, al que sus padres decidieron no vacunar, quise conocer la opini\u00f3n de los \u201cantivacunas\u201d. No hubo manera. Cuando los progenitores del menor reconocieron sentirse enga\u00f1ados por este colectivo, sent\u00ed una curiosidad a\u00fan mayor. Y por fin, en \u2018Bebes y m\u00e1s\u2019 han encontrado una explicaci\u00f3n, precisamente, del grupo m\u00e1s influyente, la Liga por la Libertad de Vacunaci\u00f3n, cuyos argumentos son tan pueriles como peligrosos: siguen recomendando no vacunar.<\/p>\n<!-- AddThis Advanced Settings generic via filter on the_content --><!-- AddThis Share Buttons generic via filter on the_content -->","protected":false},"excerpt":{"rendered":"<p>Gobierno espa\u00f1ol y PP est\u00e1n absolutamente desnortados. De un poder como no ha habido en la historia democr\u00e1tica de Espa\u00f1a (mayor\u00eda absoluta en Congreso y Senado, y mayor\u00eda de comunidades y capitales en manos de los de la gaviota), a un desastre electoral, tambi\u00e9n, casi inigualable. \u00bfLa culpa? La corrupci\u00f3n en los medios. \u00bfLa soluci\u00f3n? &hellip; <a href=\"https:\/\/blogs.deia.eus\/bogandoporlared\/2015\/06\/08\/importa-la-foto\/\" class=\"more-link\">Sigue leyendo <span class=\"screen-reader-text\">\u00bfImporta la foto?<\/span><\/a><!-- AddThis Advanced Settings generic via filter on get_the_excerpt --><!-- AddThis Share Buttons generic via filter on get_the_excerpt --><\/p>\n","protected":false},"author":5,"featured_media":0,"comment_status":"open","ping_status":"open","sticky":false,"template":"","format":"standard","meta":{"footnotes":""},"categories":[48013],"tags":[20372,70542,11593,70541,70526,17735,70537,64780,70539,70527,32979,46216,6426,70538,283,70540,5627],"class_list":["post-7904","post","type-post","status-publish","format-standard","hentry","category-los-apuntes","tag-barack-obama","tag-bebes-y-mas","tag-belen-esteban","tag-david-beckham","tag-difteria","tag-el-confidencial","tag-enmienda-rato","tag-inigo-errejon","tag-katie-holmes","tag-magnet","tag-manuela-carmena","tag-que-sabes-de","tag-rodrigo-rato","tag-tom-cruise","tag-twitter","tag-victoria-beckham","tag-vozpopuli"],"_links":{"self":[{"href":"https:\/\/blogs.deia.eus\/bogandoporlared\/wp-json\/wp\/v2\/posts\/7904","targetHints":{"allow":["GET"]}}],"collection":[{"href":"https:\/\/blogs.deia.eus\/bogandoporlared\/wp-json\/wp\/v2\/posts"}],"about":[{"href":"https:\/\/blogs.deia.eus\/bogandoporlared\/wp-json\/wp\/v2\/types\/post"}],"author":[{"embeddable":true,"href":"https:\/\/blogs.deia.eus\/bogandoporlared\/wp-json\/wp\/v2\/users\/5"}],"replies":[{"embeddable":true,"href":"https:\/\/blogs.deia.eus\/bogandoporlared\/wp-json\/wp\/v2\/comments?post=7904"}],"version-history":[{"count":1,"href":"https:\/\/blogs.deia.eus\/bogandoporlared\/wp-json\/wp\/v2\/posts\/7904\/revisions"}],"predecessor-version":[{"id":7906,"href":"https:\/\/blogs.deia.eus\/bogandoporlared\/wp-json\/wp\/v2\/posts\/7904\/revisions\/7906"}],"wp:attachment":[{"href":"https:\/\/blogs.deia.eus\/bogandoporlared\/wp-json\/wp\/v2\/media?parent=7904"}],"wp:term":[{"taxonomy":"category","embeddable":true,"href":"https:\/\/blogs.deia.eus\/bogandoporlared\/wp-json\/wp\/v2\/categories?post=7904"},{"taxonomy":"post_tag","embeddable":true,"href":"https:\/\/blogs.deia.eus\/bogandoporlared\/wp-json\/wp\/v2\/tags?post=7904"}],"curies":[{"name":"wp","href":"https:\/\/api.w.org\/{rel}","templated":true}]}}