{"id":9157,"date":"2016-08-08T08:08:50","date_gmt":"2016-08-08T07:08:50","guid":{"rendered":"http:\/\/blogs.deia.com\/bogandoporlared\/?p=9157"},"modified":"2016-08-05T13:12:03","modified_gmt":"2016-08-05T12:12:03","slug":"tengan-hijos-banqueros","status":"publish","type":"post","link":"https:\/\/blogs.deia.eus\/bogandoporlared\/2016\/08\/08\/tengan-hijos-banqueros\/","title":{"rendered":"Tengan hijos banqueros"},"content":{"rendered":"<p><a href=\"http:\/\/blogs.deia.com\/bogandoporlared\/files\/2016\/08\/20160808_banqueros.jpg\"><img loading=\"lazy\" decoding=\"async\" class=\"aligncenter size-full wp-image-9158\" src=\"http:\/\/blogs.deia.com\/bogandoporlared\/files\/2016\/08\/20160808_banqueros.jpg\" alt=\"20160808_banqueros\" width=\"1280\" height=\"909\" srcset=\"https:\/\/blogs.deia.eus\/bogandoporlared\/files\/2016\/08\/20160808_banqueros.jpg 1280w, https:\/\/blogs.deia.eus\/bogandoporlared\/files\/2016\/08\/20160808_banqueros-580x412.jpg 580w, https:\/\/blogs.deia.eus\/bogandoporlared\/files\/2016\/08\/20160808_banqueros-940x668.jpg 940w\" sizes=\"auto, (max-width: 1280px) 100vw, 1280px\" \/><\/a><\/p>\n<p>Es una de las grandes paradojas de esta sociedad: dos personas con exactamente el mismo talento, el mismo nivel de estudios y la misma capacidad de sacrificio por su trabajo pueden tener sueldos con diferencias enormes solo por el sector que haya elegido cada una. Porque no es lo mismo dirigir un banco que cualquier otra empresa. Lo leemos en Vozp\u00f3puli: \u201cEl consejero delegado de BBVA acumula 15 millones para su jubilaci\u00f3n al a\u00f1o de estrenar el cargo\u201d y \u201cun directivo de Bankia confirma que Rato contrat\u00f3 a su excu\u00f1ado y le cuadruplic\u00f3 el sueldo en 21 meses\u201d.<\/p>\n<p><strong>Ya hay fecha para las terceras elecciones<\/strong><\/p>\n<p>Yo pensaba que no iba a haber segundas, que al final, el PSOE iba a dejar hacer al PP por medio de una abstenci\u00f3n, despu\u00e9s de que Pablo Iglesias y los enemigos dentro del partido de Pedro S\u00e1nchez hicieran inviable la alternativa. Ahora estamos en la misma situaci\u00f3n pero con la alternativa desactivada por el crecimiento del PP, y no veo por qu\u00e9 el PSOE dar\u00e1 su brazo a torcer en esta ocasi\u00f3n, as\u00ed que las terceras elecciones son una posibilidad real que en OK Diario fijan el 25 de diciembre.<\/p>\n<p><strong>El control sobre Ahora Madrid<\/strong><\/p>\n<p>Manuela Carmena abri\u00f3 la caja de Pandora cuando afirm\u00f3 en un curso de verano de El Escorial que Ahora Madrid, como tal, no exist\u00eda, que era solo una herramienta para llegar al poder. Seg\u00fan El Confidencial, grandes nombres de la formaci\u00f3n como Guillermo Zapata, Celia Mayer y Javier Barbero habr\u00edan aprovechado el hueco para intentar dotarlo de contenido y, de este modo, controlarlo. Porque desde el primer momento el reto de Carmena fue doble: gobernar el ayuntamiento y controlar una formaci\u00f3n sin ideolog\u00eda llena de gallos y pensadores.<\/p>\n<p><strong>Machismo on-line<\/strong><\/p>\n<p>Llevo a\u00f1os dici\u00e9ndolo: a nadie le quitan el carn\u00e9 de gilipollas cuando se abre un blog, una cuenta en Twitter (especialmente), en Instagram o un canal en YouTube. De hecho, a algunos parece que se lo renuevan. En El Espa\u00f1ol han hecho un repaso a las barbaridades machistas que sueltan algunos youtubers de cierto \u00e9xito. Comentarios y tutoriales para ligar, supuestamente, que tumban a\u00f1os de trabajo por la igualdad y el respeto entre las personas.<\/p>\n<p><strong>Una \u201cstart-up\u201d no es una barra libre<\/strong><\/p>\n<p>David Bonilla ha descrito en su blog c\u00f3mo el cierre de Take It Easy no ha sido ni tan buc\u00f3lico ni tan heroico como lo pintan sus propietarios, dos hermanos que se despiden entre sollozos y que reivindican la val\u00eda de su idea que \u2013como suele ser habitual\u2013 tendr\u00e1 \u00e9xito en un mercado m\u00e1s maduro. De momento, ellos acumulan deudas a proveedores y les acusan de no haber despedido a los trabajadores, que viven en un limbo legal. Parece que algunos se convencen de que tienen una \u201cstart-up\u201d y olvidan que tienen obligaciones empresariales.<\/p>\n<!-- AddThis Advanced Settings generic via filter on the_content --><!-- AddThis Share Buttons generic via filter on the_content -->","protected":false},"excerpt":{"rendered":"<p>Es una de las grandes paradojas de esta sociedad: dos personas con exactamente el mismo talento, el mismo nivel de estudios y la misma capacidad de sacrificio por su trabajo pueden tener sueldos con diferencias enormes solo por el sector que haya elegido cada una. Porque no es lo mismo dirigir un banco que cualquier &hellip; <a href=\"https:\/\/blogs.deia.eus\/bogandoporlared\/2016\/08\/08\/tengan-hijos-banqueros\/\" class=\"more-link\">Sigue leyendo <span class=\"screen-reader-text\">Tengan hijos banqueros<\/span><\/a><!-- AddThis Advanced Settings generic via filter on get_the_excerpt --><!-- AddThis Share Buttons generic via filter on get_the_excerpt --><\/p>\n","protected":false},"author":5,"featured_media":0,"comment_status":"open","ping_status":"open","sticky":false,"template":"","format":"standard","meta":{"footnotes":""},"categories":[48013],"tags":[70375,7248,28442,91188,83894,91189,17735,64889,70565,83911,32979,79172,53649,6426,87458,91190,5627,370],"class_list":["post-9157","post","type-post","status-publish","format-standard","hentry","category-los-apuntes","tag-ahora-madrid","tag-bankia","tag-bbva","tag-carlos-torres","tag-celia-mayer","tag-david-bonilla","tag-el-confidencial","tag-el-espanol","tag-guillermo-zapata","tag-javier-barbero","tag-manuela-carmena","tag-ok-diario","tag-pedro-sanchez","tag-rodrigo-rato","tag-santiago-alarco","tag-take-it-easy","tag-vozpopuli","tag-youtube"],"_links":{"self":[{"href":"https:\/\/blogs.deia.eus\/bogandoporlared\/wp-json\/wp\/v2\/posts\/9157","targetHints":{"allow":["GET"]}}],"collection":[{"href":"https:\/\/blogs.deia.eus\/bogandoporlared\/wp-json\/wp\/v2\/posts"}],"about":[{"href":"https:\/\/blogs.deia.eus\/bogandoporlared\/wp-json\/wp\/v2\/types\/post"}],"author":[{"embeddable":true,"href":"https:\/\/blogs.deia.eus\/bogandoporlared\/wp-json\/wp\/v2\/users\/5"}],"replies":[{"embeddable":true,"href":"https:\/\/blogs.deia.eus\/bogandoporlared\/wp-json\/wp\/v2\/comments?post=9157"}],"version-history":[{"count":1,"href":"https:\/\/blogs.deia.eus\/bogandoporlared\/wp-json\/wp\/v2\/posts\/9157\/revisions"}],"predecessor-version":[{"id":9159,"href":"https:\/\/blogs.deia.eus\/bogandoporlared\/wp-json\/wp\/v2\/posts\/9157\/revisions\/9159"}],"wp:attachment":[{"href":"https:\/\/blogs.deia.eus\/bogandoporlared\/wp-json\/wp\/v2\/media?parent=9157"}],"wp:term":[{"taxonomy":"category","embeddable":true,"href":"https:\/\/blogs.deia.eus\/bogandoporlared\/wp-json\/wp\/v2\/categories?post=9157"},{"taxonomy":"post_tag","embeddable":true,"href":"https:\/\/blogs.deia.eus\/bogandoporlared\/wp-json\/wp\/v2\/tags?post=9157"}],"curies":[{"name":"wp","href":"https:\/\/api.w.org\/{rel}","templated":true}]}}