{"id":9301,"date":"2016-09-17T11:15:13","date_gmt":"2016-09-17T10:15:13","guid":{"rendered":"http:\/\/blogs.deia.com\/bogandoporlared\/?p=9301"},"modified":"2016-09-17T11:15:13","modified_gmt":"2016-09-17T10:15:13","slug":"ponga-un-buen-community-manager-en-su-vida","status":"publish","type":"post","link":"https:\/\/blogs.deia.eus\/bogandoporlared\/2016\/09\/17\/ponga-un-buen-community-manager-en-su-vida\/","title":{"rendered":"Ponga un buen community manager en su vida"},"content":{"rendered":"<p><a href=\"http:\/\/blogs.deia.com\/bogandoporlared\/files\/2016\/09\/2016-09-16_171934.jpg\"><img loading=\"lazy\" decoding=\"async\" class=\"aligncenter size-full wp-image-9302\" src=\"http:\/\/blogs.deia.com\/bogandoporlared\/files\/2016\/09\/2016-09-16_171934.jpg\" alt=\"2016-09-16_171934\" width=\"1280\" height=\"909\" srcset=\"https:\/\/blogs.deia.eus\/bogandoporlared\/files\/2016\/09\/2016-09-16_171934.jpg 1280w, https:\/\/blogs.deia.eus\/bogandoporlared\/files\/2016\/09\/2016-09-16_171934-580x412.jpg 580w, https:\/\/blogs.deia.eus\/bogandoporlared\/files\/2016\/09\/2016-09-16_171934-940x668.jpg 940w\" sizes=\"auto, (max-width: 1280px) 100vw, 1280px\" \/><\/a><\/p>\n<p>No me parece mal que Pili Zabala tenga un community manager. De hecho, me parece muy bien. Pongo el ejemplo de la de Podemos porque es la \u00faltima en entrar en la arena y, por simple orden de llegada, la \u00faltima que cae en la tentaci\u00f3n de tuitear en primera persona cuando son otros los que le llevan la cuenta en Twitter.<\/p>\n<p>\u00bfPasa algo por que los pol\u00edticos tengan community managers? Les aseguro que no pasa nada malo. Nuestros representantes est\u00e1n expuestos a que cualquiera pueda decirles lo que le venga en gana. \u00bfEsto tiene que ser as\u00ed? En mi opini\u00f3n, no. Los pol\u00edticos est\u00e1n para trabajar por nosotros, y para hacerlo bien tiene que activar mecanismos de escucha. Y si no responden a las expectativas (para eso est\u00e1 la escucha), papeleta: la de otro partido. Pero no pueden dedicar un porcentaje excesivo de su tiempo a escuchar (como no pueden hacerlo solo a hablar), ni considero que tienen que hacerlo personalmente en todos los casos, ni mucho menos creo que esa escucha la puedan hacer, directamente, por medio de las redes sociales.<\/p>\n<p>Twitter es una herramienta de desahogo, de vez en cuando aparece alg\u00fan estudio sobre usos y costumbres en esta web que nos lo recuerda. Pero es muy duro para el pol\u00edtico pasarse el d\u00eda escuchando improperios y gilipolleces. Desanima. Lo sorprendente es que algunos precisamente buscan eso, desmoralizar. Lo que aleja al pol\u00edtico de la herramienta y\/o le impide ejercer su labor de gesti\u00f3n. Twitter a veces es muy duro. Por eso mi recomendaci\u00f3n siempre es que los pol\u00edticos no lo usen personalmente, que deleguen su gesti\u00f3n. Eso no significa que los pol\u00edticos no puedan transmitir sus mensajes (como la disculpa a medias de Alfonso Alonso a la propia Zabala) ni que no deban saber qu\u00e9 les dicen, por qu\u00e9, en qu\u00e9 tono y desde d\u00f3nde. El gestor de la cuenta en Twitter del pol\u00edtico o la pol\u00edtica de turno es solo el que le libra de los an\u00f3nimos pesados, escribe cuidando la ortograf\u00eda y busca los hashtags.<\/p>\n<p>\u00bfPor qu\u00e9 sabemos que Pili Zabala tiene un community manager (y hace bien, insisto, siempre que a partir de ahora no juegue a ser ella la que tuitea)? Porque durante el debate en ETB2 desde su cuenta lanzaron un tuit con el corte de v\u00eddeo en el que Alfonso Alonso le niega insultantemente su condici\u00f3n de v\u00edctima.<\/p>\n<p>Lo que me lleva a otra cuesti\u00f3n.<\/p>\n<p>\u00bfEst\u00e1 Pili Zabala legitimada para hablar de la mochila de Bildu? Lo dudo mucho. Ella ha explicado ya que es la candidata de Bildu porque se lo pidi\u00f3 su amiga Nagua Alba. Es decir, su principal m\u00e9rito es ser la elegida de la jefa. O es por eso, o es porque es hermana de Joxi Zabala. O es por las dos cosas. Entonces, Zabala tambi\u00e9n tiene mochila, una que, adem\u00e1s, le pesa personalmente m\u00e1s que a nadie.<\/p>\n<p>Pero en Podemos consideran que esa mochila es lo que vale: el tenso silencio que sostienen Alfonso Alonso y Pili Zabala (muy bien subrayado por Xabier Garc\u00eda Ramsden) ha sido lo que han destacado todos los del partido morado, empezando por el community manager de Zabala y terminando por I\u00f1igo Errej\u00f3n, pasando por su hermano Guillermo, el submarino en Euskadi. La utilizaci\u00f3n de las v\u00edctimas de ETA tambi\u00e9n es una costumbre muy espa\u00f1ola.<\/p>\n<!-- AddThis Advanced Settings generic via filter on the_content --><!-- AddThis Share Buttons generic via filter on the_content -->","protected":false},"excerpt":{"rendered":"<p>No me parece mal que Pili Zabala tenga un community manager. De hecho, me parece muy bien. Pongo el ejemplo de la de Podemos porque es la \u00faltima en entrar en la arena y, por simple orden de llegada, la \u00faltima que cae en la tentaci\u00f3n de tuitear en primera persona cuando son otros los &hellip; <a href=\"https:\/\/blogs.deia.eus\/bogandoporlared\/2016\/09\/17\/ponga-un-buen-community-manager-en-su-vida\/\" class=\"more-link\">Sigue leyendo <span class=\"screen-reader-text\">Ponga un buen community manager en su vida<\/span><\/a><!-- AddThis Advanced Settings generic via filter on get_the_excerpt --><!-- AddThis Share Buttons generic via filter on get_the_excerpt --><\/p>\n","protected":false},"author":5,"featured_media":0,"comment_status":"open","ping_status":"open","sticky":false,"template":"","format":"standard","meta":{"footnotes":""},"categories":[50789],"tags":[25142,6195,91267,64780,91251,283,91266],"class_list":["post-9301","post","type-post","status-publish","format-standard","hentry","category-reportajes","tag-alfonso-alonso","tag-etb2","tag-guillermo-errejon","tag-inigo-errejon","tag-pili-zabala","tag-twitter","tag-xabier-garcia-ramsden"],"_links":{"self":[{"href":"https:\/\/blogs.deia.eus\/bogandoporlared\/wp-json\/wp\/v2\/posts\/9301","targetHints":{"allow":["GET"]}}],"collection":[{"href":"https:\/\/blogs.deia.eus\/bogandoporlared\/wp-json\/wp\/v2\/posts"}],"about":[{"href":"https:\/\/blogs.deia.eus\/bogandoporlared\/wp-json\/wp\/v2\/types\/post"}],"author":[{"embeddable":true,"href":"https:\/\/blogs.deia.eus\/bogandoporlared\/wp-json\/wp\/v2\/users\/5"}],"replies":[{"embeddable":true,"href":"https:\/\/blogs.deia.eus\/bogandoporlared\/wp-json\/wp\/v2\/comments?post=9301"}],"version-history":[{"count":1,"href":"https:\/\/blogs.deia.eus\/bogandoporlared\/wp-json\/wp\/v2\/posts\/9301\/revisions"}],"predecessor-version":[{"id":9303,"href":"https:\/\/blogs.deia.eus\/bogandoporlared\/wp-json\/wp\/v2\/posts\/9301\/revisions\/9303"}],"wp:attachment":[{"href":"https:\/\/blogs.deia.eus\/bogandoporlared\/wp-json\/wp\/v2\/media?parent=9301"}],"wp:term":[{"taxonomy":"category","embeddable":true,"href":"https:\/\/blogs.deia.eus\/bogandoporlared\/wp-json\/wp\/v2\/categories?post=9301"},{"taxonomy":"post_tag","embeddable":true,"href":"https:\/\/blogs.deia.eus\/bogandoporlared\/wp-json\/wp\/v2\/tags?post=9301"}],"curies":[{"name":"wp","href":"https:\/\/api.w.org\/{rel}","templated":true}]}}