{"id":1693,"date":"2020-07-07T07:30:14","date_gmt":"2020-07-07T05:30:14","guid":{"rendered":"https:\/\/blogs.deia.eus\/de-leioa-al-mundo\/?p=1693"},"modified":"2020-07-09T11:25:09","modified_gmt":"2020-07-09T09:25:09","slug":"a-lanzada-escapada-al-sur-de-galicia","status":"publish","type":"post","link":"https:\/\/blogs.deia.eus\/de-leioa-al-mundo\/2020\/07\/07\/a-lanzada-escapada-al-sur-de-galicia\/","title":{"rendered":"A LANZADA: Escapada al sur de Galicia"},"content":{"rendered":"\n<p>Galicia me encanta, por sus\ngentes, sus paisajes, sus playas, su gastronom\u00eda y porque no suele hacer mucho\ncalor. Creo que este a\u00f1o, al viajar menos gente al extranjero, va a ser un\ndestino muy solicitado. La propuesta que aqu\u00ed os traigo la realic\u00e9 hace un par\nde a\u00f1os en estas mismas fechas y pienso repetir. Primero pas\u00e9 unos d\u00edas en\nViveiro, de lo que os habl\u00e9 en otra ocasi\u00f3n, para concluir la escapada pasando\ntres noches en A Lanzada (Sanxenxo), en el sencillo pero acogedor Hotel Delfin\nAzul **, ubicado a orillas del mar, en la confluencia de las playas de Lapa y\n\u00c1rea Gorda. Todav\u00eda recuerdo el arroz con bogavante que cen\u00e9 uno de los d\u00edas.\nEstamos a 655 km de Leioa.<\/p>\n\n\n\n<figure class=\"wp-block-image\"><img loading=\"lazy\" decoding=\"async\" width=\"700\" height=\"364\" src=\"https:\/\/blogs.deia.eus\/de-leioa-al-mundo\/files\/2020\/06\/01.-A-Lanzada-1.-Delf\u00edn-Azul-11-07-18.jpg\" alt=\"\" class=\"wp-image-1695\" srcset=\"https:\/\/blogs.deia.eus\/de-leioa-al-mundo\/files\/2020\/06\/01.-A-Lanzada-1.-Delf\u00edn-Azul-11-07-18.jpg 700w, https:\/\/blogs.deia.eus\/de-leioa-al-mundo\/files\/2020\/06\/01.-A-Lanzada-1.-Delf\u00edn-Azul-11-07-18-300x156.jpg 300w\" sizes=\"auto, (max-width: 700px) 100vw, 700px\" \/><\/figure>\n\n\n\n<p>No soy de playa, pero me encanta\ncontemplar el mar y dar paseos costeros, pues mi campo de entrenamiento, hasta\nel comienzo de la pandemia, era el entorno de la playa de Ereaga. Por ello,\ntras instalarnos en el hotel, el 11 de julio nos dispusimos a caminar bordeando\nla playa de Lapa, primero y los 2,5 km de enorme playa de A Lanzada, perteneciente\na los concellos de Sanxenxo y O Grove, hasta el Hotel Samar. En total, m\u00e1s de 4\nkm y otros tantos de vuelta, en parte sobre pasarelas de madera para proteger\nel complejo dunar e intermareal, un humedal con gran inter\u00e9s ornitol\u00f3gico.<\/p>\n\n\n\n<figure class=\"wp-block-image\"><img loading=\"lazy\" decoding=\"async\" width=\"686\" height=\"380\" src=\"https:\/\/blogs.deia.eus\/de-leioa-al-mundo\/files\/2020\/06\/02.-A-Lanzada-2.-A-Lapa-A-Lanzada.jpg\" alt=\"\" class=\"wp-image-1696\" srcset=\"https:\/\/blogs.deia.eus\/de-leioa-al-mundo\/files\/2020\/06\/02.-A-Lanzada-2.-A-Lapa-A-Lanzada.jpg 686w, https:\/\/blogs.deia.eus\/de-leioa-al-mundo\/files\/2020\/06\/02.-A-Lanzada-2.-A-Lapa-A-Lanzada-300x166.jpg 300w\" sizes=\"auto, (max-width: 686px) 100vw, 686px\" \/><\/figure>\n\n\n\n<p>Hemos pasado solo tres noches,\npero han sido casi cuatro d\u00edas muy intensos. El 12 de julio dedicamos la ma\u00f1ana\na caminar por nuestro entorno, dirigi\u00e9ndonos en primer lugar a un lugar lleno\nde encanto situado a un paso de nuestro hotel, presidido por la ermita de Nosa\nSra de A Lanzada, templo de estilo rom\u00e1nico de comienzos del siglo XIII, que\ncelebra su festividad el \u00faltimo domingo de agosto. Casi al lado tenemos los\nrestos del castro y necr\u00f3polis de A Lanzada.<\/p>\n\n\n\n<figure class=\"wp-block-image is-resized\"><img loading=\"lazy\" decoding=\"async\" src=\"https:\/\/blogs.deia.eus\/de-leioa-al-mundo\/files\/2020\/06\/03.-A-Lanzada-3.-Ermita-12-07-18.jpg\" alt=\"\" class=\"wp-image-1697\" width=\"660\" height=\"440\" srcset=\"https:\/\/blogs.deia.eus\/de-leioa-al-mundo\/files\/2020\/06\/03.-A-Lanzada-3.-Ermita-12-07-18.jpg 595w, https:\/\/blogs.deia.eus\/de-leioa-al-mundo\/files\/2020\/06\/03.-A-Lanzada-3.-Ermita-12-07-18-300x200.jpg 300w\" sizes=\"auto, (max-width: 660px) 100vw, 660px\" \/><\/figure>\n\n\n\n<p>Nuestro caminar contin\u00faa\nbordeando la coqueta playa de Foxos, de arena blanca y muy fina. Seguimos por\nla orilla de la carretera hasta tomar el desv\u00edo en direcci\u00f3n a Punta Faxilda,\nel punto m\u00e1s septentrional del concello de Sanxenxo, desde donde contemplamos el\nParque Nacional das Illas Atl\u00e1nticas, con las isla de Ons en primer plano, cosa\nque hacemos desde el banco panor\u00e1mico de Noalla, que sigue la moda de los\n\u201cbancos m\u00e1s bonitos del mundo\u201d. Llevamos unos 3 km de marcha, cuando\nemprendemos el regreso al hotel, caminando por senderos, lo m\u00e1s pegados posible\na la costa.<\/p>\n\n\n\n<figure class=\"wp-block-image is-resized\"><img loading=\"lazy\" decoding=\"async\" src=\"https:\/\/blogs.deia.eus\/de-leioa-al-mundo\/files\/2020\/06\/04.-A-Lanzada-4.-Punta-Faxilda.jpg\" alt=\"\" class=\"wp-image-1698\" width=\"654\" height=\"436\" srcset=\"https:\/\/blogs.deia.eus\/de-leioa-al-mundo\/files\/2020\/06\/04.-A-Lanzada-4.-Punta-Faxilda.jpg 621w, https:\/\/blogs.deia.eus\/de-leioa-al-mundo\/files\/2020\/06\/04.-A-Lanzada-4.-Punta-Faxilda-300x200.jpg 300w\" sizes=\"auto, (max-width: 654px) 100vw, 654px\" \/><\/figure>\n\n\n\n<p>A media ma\u00f1ana cogemos el coche y\ndecidimos ir a tomar un Alvari\u00f1o a Combarro, parroquia del municipio de Poio\nque se asoma a la r\u00eda de Pontevedra y dista tan solo 20 km del hotel. 6 km\nantes nos detenemos en el mirador de A Granxa, desde donde contemplamos a lo\nlejos las bateas en las que se cultivan los mejillones. Combarro esta declarado\nConjunto Hist\u00f3rico por ser uno de los mejores ejemplos de arquitectura rural en\nGalicia, destacando sobre todo por sus h\u00f3rreos y cruceiros. Un lugar a\nrecomendar.<\/p>\n\n\n\n<figure class=\"wp-block-image is-resized\"><img loading=\"lazy\" decoding=\"async\" src=\"https:\/\/blogs.deia.eus\/de-leioa-al-mundo\/files\/2020\/06\/05.-Combarro.jpg\" alt=\"\" class=\"wp-image-1699\" width=\"663\" height=\"442\" srcset=\"https:\/\/blogs.deia.eus\/de-leioa-al-mundo\/files\/2020\/06\/05.-Combarro.jpg 553w, https:\/\/blogs.deia.eus\/de-leioa-al-mundo\/files\/2020\/06\/05.-Combarro-300x200.jpg 300w\" sizes=\"auto, (max-width: 663px) 100vw, 663px\" \/><\/figure>\n\n\n\n<p>Estamos a 8 km de Pontevedra, as\u00ed\nque optamos por ir a comer a la capital provincial, ciudad de la que tengo un\ngrato recuerdo de una visita anterior y que he visto cambiada a mejor, pues su\ncasco antiguo es peatonal. Por ello, en esta ocasi\u00f3n nos limitamos a recorrer\nel entorno de la plaza San Xos\u00e9, donde se ubica el monumento a la Tertulia,\nobra del escultor C\u00e9sar Lombera, que recuerda que Pontevedra fue la cuna de los\nintelectuales gallegos a principios del siglo XX. Tambi\u00e9n nos acercamos a la iglesia\nde la Peregrina, patrona de la provincia y s\u00edmbolo de la ciudad. Completamos el\nrecorrido por la gran plaza que presiden el convento e iglesia de San\nFrancisco, para comer junto a la Casa de las Caras.<\/p>\n\n\n\n<figure class=\"wp-block-image is-resized\"><img loading=\"lazy\" decoding=\"async\" src=\"https:\/\/blogs.deia.eus\/de-leioa-al-mundo\/files\/2020\/06\/06.-Pontevedra.jpg\" alt=\"\" class=\"wp-image-1701\" width=\"657\" height=\"438\" srcset=\"https:\/\/blogs.deia.eus\/de-leioa-al-mundo\/files\/2020\/06\/06.-Pontevedra.jpg 541w, https:\/\/blogs.deia.eus\/de-leioa-al-mundo\/files\/2020\/06\/06.-Pontevedra-300x200.jpg 300w\" sizes=\"auto, (max-width: 657px) 100vw, 657px\" \/><\/figure>\n\n\n\n<p>Ya he comentado que han sido unos\nd\u00edas muy intensos, as\u00ed que regresamos al hotel (39 km), con tiempo para pasar\nbuena parte de la tarde. Tomamos un caf\u00e9 y mientras mi mujer toma un rato el\nsol en la playa de Areas Gordas, situada nada m\u00e1s cruzar la carretera, me\ndirijo al cercano promontorio que separa esta playa de la de la Lapa, donde hay\notro banco de Noalla, desde el que se tiene una preciosa vista de la ermita de Nosa\nSra de A Lanzada. Menos mal que me informaron de ello en el hotel, pues cre\u00eda\nque solo hab\u00eda uno.<\/p>\n\n\n\n<figure class=\"wp-block-image is-resized\"><img loading=\"lazy\" decoding=\"async\" src=\"https:\/\/blogs.deia.eus\/de-leioa-al-mundo\/files\/2020\/06\/07.-A-Lanzada-5.-Areas-Gordas.jpg\" alt=\"\" class=\"wp-image-1702\" width=\"654\" height=\"444\" srcset=\"https:\/\/blogs.deia.eus\/de-leioa-al-mundo\/files\/2020\/06\/07.-A-Lanzada-5.-Areas-Gordas.jpg 601w, https:\/\/blogs.deia.eus\/de-leioa-al-mundo\/files\/2020\/06\/07.-A-Lanzada-5.-Areas-Gordas-300x204.jpg 300w\" sizes=\"auto, (max-width: 654px) 100vw, 654px\" \/><\/figure>\n\n\n\n<p>El 13 de julio iniciamos una\nnueva jornada como siempre, caminando unos 9 km (ida y vuelta) por una de las\npasarelas m\u00e1s hermosas de Galicia, el paseo de madera de Pedras Negras, en la\nvecina poblaci\u00f3n de O Grove, cerca del N\u00e1utico San Vicente. Tras 2,5 km de\nmarcha, finaliza la pasarela y continuamos caminando bordeando un terreno\nmilitar, por la derecha y peque\u00f1as calas, por la izquierda, hasta llegar a la playa\nCasta\u00f1eira. Al inicio de la ruta hay una escultura de marineros faenando y\nvarios bares y restaurantes.<\/p>\n\n\n\n<figure class=\"wp-block-image is-resized\"><img loading=\"lazy\" decoding=\"async\" src=\"https:\/\/blogs.deia.eus\/de-leioa-al-mundo\/files\/2020\/06\/08.-O-Grove.-Paseo-de-madera-de-Pedras-Negras.-13-07-18.jpg\" alt=\"\" class=\"wp-image-1703\" width=\"659\" height=\"439\" srcset=\"https:\/\/blogs.deia.eus\/de-leioa-al-mundo\/files\/2020\/06\/08.-O-Grove.-Paseo-de-madera-de-Pedras-Negras.-13-07-18.jpg 530w, https:\/\/blogs.deia.eus\/de-leioa-al-mundo\/files\/2020\/06\/08.-O-Grove.-Paseo-de-madera-de-Pedras-Negras.-13-07-18-300x200.jpg 300w\" sizes=\"auto, (max-width: 659px) 100vw, 659px\" \/><\/figure>\n\n\n\n<p>Hoy hemos optado por comer en un pueblo del que tambi\u00e9n tengo grato recuerdo, Padr\u00f3n, distante 63 km. Para ello abandonamos por un momento la provincia de Pontevedra y pasamos a la de A Coru\u00f1a. Padr\u00f3n est\u00e1 vinculado a importantes figuras de la literatura gallega, como Camilo Jos\u00e9 Cela o Rosal\u00eda de Castro, a las que tiene dedicados sendos monumentos. Tambi\u00e9n lo est\u00e1 a la ruta jacobea, contando con la iglesia de Santiago. Otro edificio de inter\u00e9s es el convento del Carmen, situado al otro lado del r\u00edo Sar. Compremos bacalao en el mercado y los afamados pimientos a una vendedora situada enfrente, igual que los que luego comeremos en un restaurante. Aqu\u00ed el cambio no ha sido tan bueno, pues en el viaje anterior en un bar del Paseo do Espol\u00f3n, al tomar un Alvari\u00f1o nos pusieron de tapa un huevo frito con patatas y una raci\u00f3n de pimientos de Padr\u00f3n para compartir, pero eso pas\u00f3 a la historia.<\/p>\n\n\n\n<figure class=\"wp-block-image is-resized\"><img loading=\"lazy\" decoding=\"async\" src=\"https:\/\/blogs.deia.eus\/de-leioa-al-mundo\/files\/2020\/06\/09.-Padr\u00f3n.jpg\" alt=\"\" class=\"wp-image-1704\" width=\"655\" height=\"437\" srcset=\"https:\/\/blogs.deia.eus\/de-leioa-al-mundo\/files\/2020\/06\/09.-Padr\u00f3n.jpg 550w, https:\/\/blogs.deia.eus\/de-leioa-al-mundo\/files\/2020\/06\/09.-Padr\u00f3n-300x200.jpg 300w\" sizes=\"auto, (max-width: 655px) 100vw, 655px\" \/><\/figure>\n\n\n\n<p>La escapada est\u00e1 tocando a su\nfin, pero con un espect\u00e1culo de la naturaleza, la puesta de sol en un lugar\nlleno de encanto. Para la \u00ab\u00faltima cena\u00bb hemos elegido el Chiringuito\nP\u00e9 Na Praia: churrasco y huevos con criollo. 14 de julio. Antes de marchar\ncaminamos un poco por el entorno de las playas y echamos un ultimo vistazo al hermoso\nrinc\u00f3n sobre el que se alza la ermita de Nosa Sra de A Lanzada. Por delante\ntenemos 655 km para regresar a Leioa, que efectuaremos en unas 6 horas si la A8\nno est\u00e1 cortada a la altura de Mondo\u00f1edo por la niebla.<\/p>\n\n\n\n<figure class=\"wp-block-image is-resized\"><img loading=\"lazy\" decoding=\"async\" src=\"https:\/\/blogs.deia.eus\/de-leioa-al-mundo\/files\/2020\/06\/10.-A-Lanzada-6.-Final.-Chiringuito-P\u00e9-Na-Praia-14-07-18.jpg\" alt=\"\" class=\"wp-image-1705\" width=\"660\" height=\"387\" srcset=\"https:\/\/blogs.deia.eus\/de-leioa-al-mundo\/files\/2020\/06\/10.-A-Lanzada-6.-Final.-Chiringuito-P\u00e9-Na-Praia-14-07-18.jpg 624w, https:\/\/blogs.deia.eus\/de-leioa-al-mundo\/files\/2020\/06\/10.-A-Lanzada-6.-Final.-Chiringuito-P\u00e9-Na-Praia-14-07-18-300x176.jpg 300w\" sizes=\"auto, (max-width: 660px) 100vw, 660px\" \/><\/figure>\n\n\n\n<p>La escapada ha concluido. Pronto\nespero volver a este lugar, pues me ha encantado. El Hotel Delfin Azul nos\nespera.<\/p>\n<!-- AddThis Advanced Settings generic via filter on the_content --><!-- AddThis Share Buttons generic via filter on the_content -->","protected":false},"excerpt":{"rendered":"<p>Galicia me encanta, por sus gentes, sus paisajes, sus playas, su gastronom\u00eda y porque no suele hacer mucho calor. Creo que este a\u00f1o, al viajar menos gente al extranjero, va a ser un destino muy solicitado. La propuesta que aqu\u00ed os traigo la realic\u00e9 hace un par de a\u00f1os en estas mismas fechas y pienso &hellip; <a href=\"https:\/\/blogs.deia.eus\/de-leioa-al-mundo\/2020\/07\/07\/a-lanzada-escapada-al-sur-de-galicia\/\" class=\"more-link\">Sigue leyendo <span class=\"screen-reader-text\">A LANZADA: Escapada al sur de Galicia<\/span><\/a><!-- AddThis Advanced Settings generic via filter on get_the_excerpt --><!-- AddThis Share Buttons generic via filter on get_the_excerpt --><\/p>\n","protected":false},"author":120,"featured_media":0,"comment_status":"open","ping_status":"open","sticky":false,"template":"","format":"standard","meta":{"footnotes":""},"categories":[1544],"tags":[],"class_list":["post-1693","post","type-post","status-publish","format-standard","hentry","category-sin-categoria"],"_links":{"self":[{"href":"https:\/\/blogs.deia.eus\/de-leioa-al-mundo\/wp-json\/wp\/v2\/posts\/1693","targetHints":{"allow":["GET"]}}],"collection":[{"href":"https:\/\/blogs.deia.eus\/de-leioa-al-mundo\/wp-json\/wp\/v2\/posts"}],"about":[{"href":"https:\/\/blogs.deia.eus\/de-leioa-al-mundo\/wp-json\/wp\/v2\/types\/post"}],"author":[{"embeddable":true,"href":"https:\/\/blogs.deia.eus\/de-leioa-al-mundo\/wp-json\/wp\/v2\/users\/120"}],"replies":[{"embeddable":true,"href":"https:\/\/blogs.deia.eus\/de-leioa-al-mundo\/wp-json\/wp\/v2\/comments?post=1693"}],"version-history":[{"count":4,"href":"https:\/\/blogs.deia.eus\/de-leioa-al-mundo\/wp-json\/wp\/v2\/posts\/1693\/revisions"}],"predecessor-version":[{"id":1721,"href":"https:\/\/blogs.deia.eus\/de-leioa-al-mundo\/wp-json\/wp\/v2\/posts\/1693\/revisions\/1721"}],"wp:attachment":[{"href":"https:\/\/blogs.deia.eus\/de-leioa-al-mundo\/wp-json\/wp\/v2\/media?parent=1693"}],"wp:term":[{"taxonomy":"category","embeddable":true,"href":"https:\/\/blogs.deia.eus\/de-leioa-al-mundo\/wp-json\/wp\/v2\/categories?post=1693"},{"taxonomy":"post_tag","embeddable":true,"href":"https:\/\/blogs.deia.eus\/de-leioa-al-mundo\/wp-json\/wp\/v2\/tags?post=1693"}],"curies":[{"name":"wp","href":"https:\/\/api.w.org\/{rel}","templated":true}]}}