{"id":5657,"date":"2026-04-28T07:00:00","date_gmt":"2026-04-28T05:00:00","guid":{"rendered":"https:\/\/blogs.deia.eus\/de-leioa-al-mundo\/?p=5657"},"modified":"2026-04-21T19:43:25","modified_gmt":"2026-04-21T17:43:25","slug":"escapada-vallisoletana-y-3-una-manana-en-valladolid-la-capital","status":"publish","type":"post","link":"https:\/\/blogs.deia.eus\/de-leioa-al-mundo\/2026\/04\/28\/escapada-vallisoletana-y-3-una-manana-en-valladolid-la-capital\/","title":{"rendered":"Escapada vallisoletana (y 3): Una ma\u00f1ana en Valladolid, la capital"},"content":{"rendered":"\n<p>Concluyo el relato de la segunda escapada del a\u00f1o, realizada del 23 al 27 de marzo por la provincia de Valladolid. Me quedaba pendiente comentar la intensa ma\u00f1ana que pasamos el 26 de marzo en Valladolid capital, distante 35 km de Tordesillas, dejando el coche en el parking Plaza Mayor (MOVASA). Contemplamos el Ayuntamiento y la estatua del conde Pedro Ans\u00farez, situada en el centro de la plaza y nos dirigimos a la Fuente Dorada, para luego acercarnos al Pasaje Guti\u00e9rrez, galer\u00eda comercial cubierta inaugurada en 1886. Muy cerca encontramos una figura que ya vimos en nuestra anterior estancia en Valladolid, en el a\u00f1o 2013, el Arlequ\u00edn, de \u00c1ngel Membiela, situado bajo el mural \u201cRosa del desierto\u201d.<\/p>\n\n\n\n<figure class=\"wp-block-image size-full is-resized\"><img loading=\"lazy\" decoding=\"async\" width=\"672\" height=\"324\" src=\"https:\/\/blogs.deia.eus\/de-leioa-al-mundo\/files\/2026\/04\/VA-01.jpg\" alt=\"\" class=\"wp-image-5659\" style=\"width:690px;height:auto\" srcset=\"https:\/\/blogs.deia.eus\/de-leioa-al-mundo\/files\/2026\/04\/VA-01.jpg 672w, https:\/\/blogs.deia.eus\/de-leioa-al-mundo\/files\/2026\/04\/VA-01-300x145.jpg 300w\" sizes=\"auto, (max-width: 672px) 100vw, 672px\" \/><\/figure>\n\n\n\n<p>Llev\u00e1bamos caminando unos 900 metros cuando llegamos a uno de los puntos fuertes de la ma\u00f1ana, el Palacio de Santa Cruz, uno de los primeros palacios renacentistas de Espa\u00f1a, pues fue inaugurado en 1491. Actual sede del rectorado de la Universidad de Valladolid, alberga la capilla del Cristo de la Luz, de Gregorio Fern\u00e1ndez, la Biblioteca Hist\u00f3rica de la Universidad y un hermoso patio, al que se asoman algunas salas que acogen el Museo de arte africano, de la Fundaci\u00f3n Jim\u00e9nez-Arellano, que ya visitamos en 2013, comenzando por la parte dedicada a la \u201cEscultura figurativa en terracota de \u00c1frica subsahariana\u201d.<\/p>\n\n\n\n<figure class=\"wp-block-image size-full is-resized\"><img loading=\"lazy\" decoding=\"async\" width=\"595\" height=\"332\" src=\"https:\/\/blogs.deia.eus\/de-leioa-al-mundo\/files\/2026\/04\/VA-02.jpg\" alt=\"\" class=\"wp-image-5660\" style=\"aspect-ratio:1.7922077922077921;width:690px;height:auto\" srcset=\"https:\/\/blogs.deia.eus\/de-leioa-al-mundo\/files\/2026\/04\/VA-02.jpg 595w, https:\/\/blogs.deia.eus\/de-leioa-al-mundo\/files\/2026\/04\/VA-02-300x167.jpg 300w\" sizes=\"auto, (max-width: 595px) 100vw, 595px\" \/><\/figure>\n\n\n\n<p>En la entreplanta del monumental patio, en la Sala de San Ambrosio, encontramos la otra espectacular exposici\u00f3n del arte africano, dedicada al \u201cReino de Oku\u201d, situado en la regi\u00f3n de Grasslands (Camer\u00fan), Cuenta con un centenar de objetos de madera, muchas de cuyas figuras est\u00e1n cubiertas con m\u00e1scaras de organizaciones secretas. En un piso superior contemplamos la exposici\u00f3n temporal \u201cLas culturas Melanesias en las Highlands del Goroka Fest (Pap\u00faa-Nueva Guinea)\u201d, colecci\u00f3n de fotograf\u00edas de Marco Negroni que se clausur\u00f3 el 4 de abril. El Museo Arte Africano abre a diario de 11 a 14 y de 16:30 a 19:30 h, siendo gratis la entrada, as\u00ed que es un lugar que merece realmente la pena visitar.<\/p>\n\n\n\n<figure class=\"wp-block-image size-full is-resized\"><img loading=\"lazy\" decoding=\"async\" width=\"570\" height=\"348\" src=\"https:\/\/blogs.deia.eus\/de-leioa-al-mundo\/files\/2026\/04\/VA-03.jpg\" alt=\"\" class=\"wp-image-5661\" style=\"width:690px;height:auto\" srcset=\"https:\/\/blogs.deia.eus\/de-leioa-al-mundo\/files\/2026\/04\/VA-03.jpg 570w, https:\/\/blogs.deia.eus\/de-leioa-al-mundo\/files\/2026\/04\/VA-03-300x183.jpg 300w\" sizes=\"auto, (max-width: 570px) 100vw, 570px\" \/><\/figure>\n\n\n\n<p>A poco m\u00e1s de 300 metros tenemos la plaza de la Universidad, a la que se asoma la majestuosa Facultad de Derecho, una de las sedes universitarias m\u00e1s antiguas de Espa\u00f1a, teniendo enfrente la estatua de Miguel de Cervantes. Unos pasos detr\u00e1s tenemos la Catedral de Nuestra Se\u00f1ora de la Asunci\u00f3n, conocida como \u201cLa Inconclusa\u201d debido a que su construcci\u00f3n nunca se vio finalizada. La entrada es gratuita. Muy cerca, frente a un sencillo grupo escult\u00f3rico dedicado a la Semana Santa, contemplamos el s\u00edmbolo por excelencia de Valladolid, la iglesia de Santa Mar\u00eda de la Antigua, que cuenta con el campanario rom\u00e1nico m\u00e1s alto de Espa\u00f1a. L\u00e1stima que estaba cerrada.<\/p>\n\n\n\n<figure class=\"wp-block-image size-full\"><img loading=\"lazy\" decoding=\"async\" width=\"754\" height=\"312\" src=\"https:\/\/blogs.deia.eus\/de-leioa-al-mundo\/files\/2026\/04\/VA-04.jpg\" alt=\"\" class=\"wp-image-5663\" srcset=\"https:\/\/blogs.deia.eus\/de-leioa-al-mundo\/files\/2026\/04\/VA-04.jpg 754w, https:\/\/blogs.deia.eus\/de-leioa-al-mundo\/files\/2026\/04\/VA-04-300x124.jpg 300w\" sizes=\"auto, (max-width: 754px) 100vw, 754px\" \/><\/figure>\n\n\n\n<p>Enseguida llegamos al Palacio de Pimentel, sede de la Diputaci\u00f3n de Valladolid, cuya construcci\u00f3n se inici\u00f3 en el siglo XV. Abre de 12 a 14 y de 19 a 21 h y cuenta con un interesante patio interior y un zagu\u00e1n con un z\u00f3calo de azulejos con doce escenas de episodios hist\u00f3ricos de la ciudad, realizados por el ceramista talaverano J. Ruiz de Luna. Muy cerca tenemos la estatua dedicada a Felipe II y la preciosa iglesia de San Pablo, cuya fachada es la joya g\u00f3tica por excelencia de Valladolid, realizada en el siglo XVI. Hemos caminado unos 2 km y estamos a punto de llegar al punto m\u00e1s lejano del recorrido.<\/p>\n\n\n\n<figure class=\"wp-block-image size-full is-resized\"><img loading=\"lazy\" decoding=\"async\" width=\"564\" height=\"376\" src=\"https:\/\/blogs.deia.eus\/de-leioa-al-mundo\/files\/2026\/04\/VA-05.jpg\" alt=\"\" class=\"wp-image-5664\" style=\"width:690px;height:auto\" srcset=\"https:\/\/blogs.deia.eus\/de-leioa-al-mundo\/files\/2026\/04\/VA-05.jpg 564w, https:\/\/blogs.deia.eus\/de-leioa-al-mundo\/files\/2026\/04\/VA-05-300x200.jpg 300w\" sizes=\"auto, (max-width: 564px) 100vw, 564px\" \/><\/figure>\n\n\n\n<p>Iniciamos la \u00faltima visita de la jornada al cercano Museo Nacional de Escultura, que cuenta con tres edificios, comenzando en el que se compra la entrada al precio de 3 \u20ac, siendo gratuita para los mayores de 65 a\u00f1os. Se trata del Colegio de San Gregorio, construido a finales del siglo XV, edificio g\u00f3tico de monumental fachada y elegante patio interior. Las primeras salas las ocupa el retablo procedente de la iglesia de San Benito el Real, obra de Alonso Berruguete. Tambi\u00e9n podemos contemplar la siller\u00eda del coro bajo del mismo monasterio, realizada por Andr\u00e9s de N\u00e1jera. El resto de salas guardan notables obras de Gregorio Fern\u00e1ndez, Pedro de Mena y Juan de Juni, entre otros. Es la colecci\u00f3n m\u00e1s importante del museo.<\/p>\n\n\n\n<figure class=\"wp-block-image size-full is-resized\"><img loading=\"lazy\" decoding=\"async\" width=\"537\" height=\"358\" src=\"https:\/\/blogs.deia.eus\/de-leioa-al-mundo\/files\/2026\/04\/VA-06.jpg\" alt=\"\" class=\"wp-image-5666\" style=\"width:690px;height:auto\" srcset=\"https:\/\/blogs.deia.eus\/de-leioa-al-mundo\/files\/2026\/04\/VA-06.jpg 537w, https:\/\/blogs.deia.eus\/de-leioa-al-mundo\/files\/2026\/04\/VA-06-300x200.jpg 300w\" sizes=\"auto, (max-width: 537px) 100vw, 537px\" \/><\/figure>\n\n\n\n<p>En el mismo edificio se encuentra la capilla, de estilo g\u00f3tico tard\u00edo hispano-flamenco, que cuenta con varias piezas muy representativas de la colecci\u00f3n del museo. Casi enfrente tenemos otro de los edificios del Museo Nacional de Escultura, el Palacio de Villena, construido en el siglo XVI. Nada m\u00e1s acceder a su interior encontramos un elegante patio porticado. En el piso superior se encuentra la atracci\u00f3n de este edificio, el Bel\u00e9n Napolitano, que procede de la colecci\u00f3n de los hermanos Emilio y Carmelo Garc\u00eda de Castro, contando con cantidad de figuras, que lo hacen muy atractivo.<\/p>\n\n\n\n<figure class=\"wp-block-image size-full is-resized\"><img loading=\"lazy\" decoding=\"async\" width=\"541\" height=\"361\" src=\"https:\/\/blogs.deia.eus\/de-leioa-al-mundo\/files\/2026\/04\/VA-07.jpg\" alt=\"\" class=\"wp-image-5668\" style=\"width:690px;height:auto\" srcset=\"https:\/\/blogs.deia.eus\/de-leioa-al-mundo\/files\/2026\/04\/VA-07.jpg 541w, https:\/\/blogs.deia.eus\/de-leioa-al-mundo\/files\/2026\/04\/VA-07-300x200.jpg 300w\" sizes=\"auto, (max-width: 541px) 100vw, 541px\" \/><\/figure>\n\n\n\n<p>Tuvimos que apretar el paso para llegar al tercer edificio del Museo Nacional de Escultura, el Palacio del Conde de Gondomar, m\u00e1s conocido como Casa del Sol, construida en 1540 para el licenciado don Sancho D\u00edaz de Leguizam\u00f3n, que guarda las copias de la antig\u00fcedad cl\u00e1sica realizadas en el siglo XIX, por los mejores museos europeos, en este caso procedentes del extinguido Museo de Reproducciones. El horario de apertura de las tres sedes es de 10 a 14 y de 16 a 19:30 h. Tras la visita, como eran las dos de la tarde, aprovechamos para comer a tan solo 60 metros, en Hasta La Peineta Taberna.<\/p>\n\n\n\n<figure class=\"wp-block-image size-full is-resized\"><img loading=\"lazy\" decoding=\"async\" width=\"624\" height=\"416\" src=\"https:\/\/blogs.deia.eus\/de-leioa-al-mundo\/files\/2026\/04\/VA-08.jpg\" alt=\"\" class=\"wp-image-5670\" style=\"width:690px;height:auto\" srcset=\"https:\/\/blogs.deia.eus\/de-leioa-al-mundo\/files\/2026\/04\/VA-08.jpg 624w, https:\/\/blogs.deia.eus\/de-leioa-al-mundo\/files\/2026\/04\/VA-08-300x200.jpg 300w\" sizes=\"auto, (max-width: 624px) 100vw, 624px\" \/><\/figure>\n\n\n\n<p>Tras la comida nos dispusimos a recorrer el kil\u00f3metro que nos separaba del parking de la Plaza Mayor, pasando ante el Palacio Real, residencia oficial de los reyes de Espa\u00f1a cuando Valladolid fue sede de la Corte (1601-1606), los Palacios de Fabio Nelli (Museo de Valladolid) y de los Marqueses de Valverde y la iglesia De San Benito, construida a principios del siglo XVI en estilo g\u00f3tico. Enfrente se encuentra el Mercado del Val, inspirado en Les Halles de Par\u00eds, con los puestos ya cerrados pero la zona hostelera a tope. A punto de llegar a la \u201cmeta\u201d, en la plaza de la Rinconada, a la que se asoma la parte trasera del Ayuntamiento, se encuentra la Fuente de los Colosos, con esculturas de Pedro Monje.<\/p>\n\n\n\n<figure class=\"wp-block-image size-full is-resized\"><img loading=\"lazy\" decoding=\"async\" width=\"672\" height=\"346\" src=\"https:\/\/blogs.deia.eus\/de-leioa-al-mundo\/files\/2026\/04\/VA-09.jpg\" alt=\"\" class=\"wp-image-5671\" style=\"width:690px;height:auto\" srcset=\"https:\/\/blogs.deia.eus\/de-leioa-al-mundo\/files\/2026\/04\/VA-09.jpg 672w, https:\/\/blogs.deia.eus\/de-leioa-al-mundo\/files\/2026\/04\/VA-09-300x154.jpg 300w\" sizes=\"auto, (max-width: 672px) 100vw, 672px\" \/><\/figure>\n\n\n\n<p>Pasamos una ma\u00f1ana muy intensa en Valladolid, visitando varios de sus edificios m\u00e1s importantes, aunque nos ha quedado otro notable lugar seg\u00fan nos recomendaron, el Museo Oriental, pero nos pillaba un poco a desmano. Adem\u00e1s, siempre hay que dejar algo pendiente para poder volver.<\/p>\n\n\n\n<p><\/p>\n<!-- AddThis Advanced Settings generic via filter on the_content --><!-- AddThis Share Buttons generic via filter on the_content -->","protected":false},"excerpt":{"rendered":"<p>Concluyo el relato de la segunda escapada del a\u00f1o, realizada del 23 al 27 de marzo por la provincia de Valladolid. Me quedaba pendiente comentar la intensa ma\u00f1ana que pasamos el 26 de marzo en Valladolid capital, distante 35 km de Tordesillas, dejando el coche en el parking Plaza Mayor (MOVASA). Contemplamos el Ayuntamiento y &hellip; <a href=\"https:\/\/blogs.deia.eus\/de-leioa-al-mundo\/2026\/04\/28\/escapada-vallisoletana-y-3-una-manana-en-valladolid-la-capital\/\" class=\"more-link\">Sigue leyendo <span class=\"screen-reader-text\">Escapada vallisoletana (y 3): Una ma\u00f1ana en Valladolid, la capital<\/span><\/a><!-- AddThis Advanced Settings generic via filter on get_the_excerpt --><!-- AddThis Share Buttons generic via filter on get_the_excerpt --><\/p>\n","protected":false},"author":120,"featured_media":0,"comment_status":"open","ping_status":"open","sticky":false,"template":"","format":"standard","meta":{"footnotes":""},"categories":[1544],"tags":[],"class_list":["post-5657","post","type-post","status-publish","format-standard","hentry","category-sin-categoria"],"_links":{"self":[{"href":"https:\/\/blogs.deia.eus\/de-leioa-al-mundo\/wp-json\/wp\/v2\/posts\/5657","targetHints":{"allow":["GET"]}}],"collection":[{"href":"https:\/\/blogs.deia.eus\/de-leioa-al-mundo\/wp-json\/wp\/v2\/posts"}],"about":[{"href":"https:\/\/blogs.deia.eus\/de-leioa-al-mundo\/wp-json\/wp\/v2\/types\/post"}],"author":[{"embeddable":true,"href":"https:\/\/blogs.deia.eus\/de-leioa-al-mundo\/wp-json\/wp\/v2\/users\/120"}],"replies":[{"embeddable":true,"href":"https:\/\/blogs.deia.eus\/de-leioa-al-mundo\/wp-json\/wp\/v2\/comments?post=5657"}],"version-history":[{"count":6,"href":"https:\/\/blogs.deia.eus\/de-leioa-al-mundo\/wp-json\/wp\/v2\/posts\/5657\/revisions"}],"predecessor-version":[{"id":5673,"href":"https:\/\/blogs.deia.eus\/de-leioa-al-mundo\/wp-json\/wp\/v2\/posts\/5657\/revisions\/5673"}],"wp:attachment":[{"href":"https:\/\/blogs.deia.eus\/de-leioa-al-mundo\/wp-json\/wp\/v2\/media?parent=5657"}],"wp:term":[{"taxonomy":"category","embeddable":true,"href":"https:\/\/blogs.deia.eus\/de-leioa-al-mundo\/wp-json\/wp\/v2\/categories?post=5657"},{"taxonomy":"post_tag","embeddable":true,"href":"https:\/\/blogs.deia.eus\/de-leioa-al-mundo\/wp-json\/wp\/v2\/tags?post=5657"}],"curies":[{"name":"wp","href":"https:\/\/api.w.org\/{rel}","templated":true}]}}