{"id":134,"date":"2011-05-25T17:13:06","date_gmt":"2011-05-25T15:13:06","guid":{"rendered":"http:\/\/blogs.deia.com\/desdeotramirada\/?p=134"},"modified":"2011-05-25T23:39:35","modified_gmt":"2011-05-25T21:39:35","slug":"biodiversidad","status":"publish","type":"post","link":"https:\/\/blogs.deia.eus\/desdeotramirada\/2011\/05\/25\/biodiversidad\/","title":{"rendered":"Biodiversidad"},"content":{"rendered":"<p><a href=\"http:\/\/blogs.deia.com\/desdeotramirada\/files\/2011\/05\/PARA-BLOG-NEKANE1.jpg\"><img loading=\"lazy\" decoding=\"async\" class=\"aligncenter size-full wp-image-136\" src=\"http:\/\/blogs.deia.com\/desdeotramirada\/files\/2011\/05\/PARA-BLOG-NEKANE1.jpg\" alt=\"\" width=\"287\" height=\"230\" \/><\/a><\/p>\n<p>Aunque \u00a0la palabra suene a estudios biol\u00f3gicos o a reclamaci\u00f3n ecologista y hayan sido pocos los apercibidos de que ayer se celebraba el d\u00eda D de la biodiversidad en nuestro entorno, la realidad es que esta diversidad biol\u00f3gica es la clave en nuestra esperanza de poder seguir habitando la Tierra. Con las plazas de muchas ciudades atestadas por la abigarrada<strong> \u00abmovida<\/strong>\u00bb de <strong>los indignados\/as<\/strong> en plena efervescencia, los medios se han lanzado al an\u00e1lisis de sus causas y a escudri\u00f1ar, interpretar y sacar punta a todo cuanto se mueve a su alrededor, tratando de convertirse en ex\u00e9getas de lo que son y desean los pac\u00edficos <strong>\u00abocupas\u00bb del espacio p\u00fablico<\/strong>. Dif\u00edcil empe\u00f1o el de compendiar tanta variopinta diversidad. Es poco probable y f\u00edsicamente imposible la participaci\u00f3n directa de todos los ciudadanos indignados en el \u00e1gora de la Atenas cl\u00e1sica, pero al menos se siguen las directrices de su reformador\/legislador Sol\u00f3n, quien decret\u00f3 como crimen el que cualquier ciudadano se encogiera o inhibiese ante la controversia social; hace pues veintis\u00e9is siglos ya se animaba a que la democracia fuera real y participativa. De modo que resulta sumamente esperanzador que haya comenzado a germinar, especialmente en los j\u00f3venes, la primera premisa de la semilla del \u00a1indignados! de Hessel y Sampedro, aunque les falte la segunda, que es ponerse de acuerdo en alguna reivindicaci\u00f3n com\u00fan y aglutinadora; porque puestos a ser realistas y sin necesidad de encuestas, si ayer <strong>hab\u00eda 34.681.888 posibles votantes<\/strong>, es m\u00e1s que probable que existan como m\u00ednimo<strong> 34.681.888 motivos de indignaci\u00f3n<\/strong>, todos ellos tan justos como razonables. Desde quienes reclaman trabajo, hasta quienes reivindican cuestiones de alta pol\u00edtica como echar a la monarqu\u00eda e instaurar la rep\u00fablica, pasando por aquellos que simplemente desean que el banco rescatado con dinero p\u00fablico les de un cr\u00e9dito personal o les condone la hipoteca; sin olvidar a quienes denuncian que el primo del cu\u00f1ado del concejal de urbanismo de villateempujo se haya hecho de oro y los otros de plata por el parentesco pol\u00edtico. Habr\u00e1 quien vea en la uniforme simetr\u00eda lineal de los jardines de Versalles la perfecci\u00f3n de la naturaleza, pero frente a ese pensamiento cuadriculado son m\u00e1s quienes ven en la geometr\u00eda fractal de la sociedad el avance personal, econ\u00f3mico y social, porque la biodiversidad es riqueza y activo en s\u00ed misma para poder seguir vivos y pr\u00f3speros. Tan s\u00f3lo falta ese ansiado <strong><a href=\"http:\/\/blogs.deia.com\/desdeotramirada\/files\/2011\/05\/PARA-BLOG-NEKANE.jpg\"><\/a><\/strong>\u00a0Al tiempo, amigos indignados\/as.<\/p>\n<!-- AddThis Advanced Settings generic via filter on the_content --><!-- AddThis Share Buttons generic via filter on the_content -->","protected":false},"excerpt":{"rendered":"<p>Aunque \u00a0la palabra suene a estudios biol\u00f3gicos o a reclamaci\u00f3n ecologista y hayan sido pocos los apercibidos de que ayer se celebraba el d\u00eda D de la biodiversidad en nuestro entorno, la realidad es que esta diversidad biol\u00f3gica es la clave en nuestra esperanza de poder seguir habitando la Tierra. Con las plazas de muchas &hellip; <a href=\"https:\/\/blogs.deia.eus\/desdeotramirada\/2011\/05\/25\/biodiversidad\/\" class=\"more-link\">Sigue leyendo <span class=\"screen-reader-text\">Biodiversidad<\/span><\/a><!-- AddThis Advanced Settings generic via filter on get_the_excerpt --><!-- AddThis Share Buttons generic via filter on get_the_excerpt --><\/p>\n","protected":false},"author":35,"featured_media":0,"comment_status":"open","ping_status":"open","sticky":false,"template":"","format":"standard","meta":{"footnotes":""},"categories":[1544],"tags":[],"class_list":["post-134","post","type-post","status-publish","format-standard","hentry","category-sin-categoria"],"_links":{"self":[{"href":"https:\/\/blogs.deia.eus\/desdeotramirada\/wp-json\/wp\/v2\/posts\/134","targetHints":{"allow":["GET"]}}],"collection":[{"href":"https:\/\/blogs.deia.eus\/desdeotramirada\/wp-json\/wp\/v2\/posts"}],"about":[{"href":"https:\/\/blogs.deia.eus\/desdeotramirada\/wp-json\/wp\/v2\/types\/post"}],"author":[{"embeddable":true,"href":"https:\/\/blogs.deia.eus\/desdeotramirada\/wp-json\/wp\/v2\/users\/35"}],"replies":[{"embeddable":true,"href":"https:\/\/blogs.deia.eus\/desdeotramirada\/wp-json\/wp\/v2\/comments?post=134"}],"version-history":[{"count":3,"href":"https:\/\/blogs.deia.eus\/desdeotramirada\/wp-json\/wp\/v2\/posts\/134\/revisions"}],"predecessor-version":[{"id":140,"href":"https:\/\/blogs.deia.eus\/desdeotramirada\/wp-json\/wp\/v2\/posts\/134\/revisions\/140"}],"wp:attachment":[{"href":"https:\/\/blogs.deia.eus\/desdeotramirada\/wp-json\/wp\/v2\/media?parent=134"}],"wp:term":[{"taxonomy":"category","embeddable":true,"href":"https:\/\/blogs.deia.eus\/desdeotramirada\/wp-json\/wp\/v2\/categories?post=134"},{"taxonomy":"post_tag","embeddable":true,"href":"https:\/\/blogs.deia.eus\/desdeotramirada\/wp-json\/wp\/v2\/tags?post=134"}],"curies":[{"name":"wp","href":"https:\/\/api.w.org\/{rel}","templated":true}]}}