{"id":1351,"date":"2020-05-11T15:42:55","date_gmt":"2020-05-11T13:42:55","guid":{"rendered":"http:\/\/blogs.deia.eus\/desdeotramirada\/?p=1351"},"modified":"2020-05-11T15:42:56","modified_gmt":"2020-05-11T13:42:56","slug":"los-riesgos-de-la-vida-siguen-ahi","status":"publish","type":"post","link":"https:\/\/blogs.deia.eus\/desdeotramirada\/2020\/05\/11\/los-riesgos-de-la-vida-siguen-ahi\/","title":{"rendered":"Los riesgos de la vida siguen ah\u00ed"},"content":{"rendered":"\n<p>Los riesgos deber\u00edan atajarse con medidas de prevenci\u00f3n, no poniendo en cuarentena la libertad ciudadana<\/p>\n\n\n\n<figure class=\"wp-block-image\"><img loading=\"lazy\" decoding=\"async\" width=\"940\" height=\"529\" src=\"https:\/\/blogs.deia.eus\/desdeotramirada\/files\/2020\/05\/columna-11-940x529.jpg\" alt=\"\" class=\"wp-image-1352\" srcset=\"https:\/\/blogs.deia.eus\/desdeotramirada\/files\/2020\/05\/columna-11-940x529.jpg 940w, https:\/\/blogs.deia.eus\/desdeotramirada\/files\/2020\/05\/columna-11-580x326.jpg 580w, https:\/\/blogs.deia.eus\/desdeotramirada\/files\/2020\/05\/columna-11-768x432.jpg 768w, https:\/\/blogs.deia.eus\/desdeotramirada\/files\/2020\/05\/columna-11.jpg 1280w\" sizes=\"auto, (max-width: 940px) 100vw, 940px\" \/><\/figure>\n\n\n\n<p><strong>C<\/strong>ONTURBA&nbsp;leer los datos sobre el covid-19, m\u00e1s todav\u00eda sospechando que lo real sea bastante m\u00e1s mordiente que las estad\u00edsticas. Desde el 17 de noviembre en el mundo citan cuatro millones de afectados, 1,35 millones de curados y 278.000 fallecidos. A\u00fan hoy, ya a la baja, los muertos en Espa\u00f1a son tantos como si cada d\u00eda se estrellara un avi\u00f3n repleto de pasajeros. La probabilidad estad\u00edstica de morir por covid-19 en Espa\u00f1a es del 0,05%; existe riesgo evidente, pero me pregunto si tanto como para seguir recluida (con previsible posencierro controlado) junto a 3.000 millones m\u00e1s en diferentes grados de confinamiento. Muchos sesudos expertos abogan por este confinamiento como \u00fanica barrera eficaz contra la pandemia, pero al tiempo sorprende que en el hoy cient\u00edfico-tecnol\u00f3gico nos receten enclaustramiento como medicina en tiempos de peste medieval, en lugar de profilaxis personal responsable.<\/p>\n\n\n\n<p>Entre el 10 y el 20% de la poblaci\u00f3n mundial padece la gripe. De noviembre de 2018 a marzo de 2019 hubo cinco millones de casos de gripe&nbsp;<em>normal<\/em>&nbsp;en el mundo y m\u00e1s de 650.000 fallecidos, aun con el 55% vacunados. Aqu\u00ed provoca entre 6.500 y 15.000, seg\u00fan los a\u00f1os. Hay recomendaciones sanitarias, pero no confinamiento para la poblaci\u00f3n de riesgo: mayores, cr\u00f3nicos y pluripatol\u00f3gicos.<\/p>\n\n\n\n<p>Otro RNAvirus produce el sida, causante de 770.000 fallecimientos al a\u00f1o. En 2018 la malaria afect\u00f3 a 219 millones de personas y mat\u00f3 a 405.000. Recordando la infancia de nuestros padres, el a\u00f1o pasado, \u00a1con vacuna!, hubo diez millones con sarampi\u00f3n y 140.000 fallecidos. M\u00e1s alarmante es que en 2019 hubiera 1.700 millones de casos de diarrea, provocando el 3% de todos los fallecimientos en el mundo, 525.000 menores de 5 a\u00f1os, adem\u00e1s, con el dolor de saber que bastar\u00eda agua potable, higiene y asistencia sanitaria b\u00e1sica para remediarlo. Todos son&nbsp;<em>millonarios<\/em>&nbsp;casos de riesgo, vistos incluso como apestados, pero no hay alerta de epidemia ni de pandemia, ni por supuesto confinamiento generalizado con control de movimientos.<\/p>\n\n\n\n<p>No ser\u00e1 v\u00edrico, pero s\u00ed expansivo el suicidio: uno cada cuarenta segundos en el mundo, 800.000 fallecidos, pero nadie encierra a la poblaci\u00f3n\u20ac porque quiz\u00e1 habr\u00eda m\u00e1s.<\/p>\n\n\n\n<p>El riesgo es inherente a la vida. C\u00e1ncer, HTA, diabetes, cardiopat\u00edas\u20ac, esperemos no dejar de acudir al m\u00e9dico por miedo al virus.<\/p>\n\n\n\n<p>Mucho antes del pasado 14 de marzo se sab\u00eda que el covid-19 afectaba a mayores, cr\u00f3nicos y pluripatol\u00f3gicos, pero en vez de analizar su presencia en ellos y confinar a los grupos de riesgo, se dej\u00f3 correr el tiempo y solo cuando se desbord\u00f3 el precarizado sistema sanitario p\u00fablico se meti\u00f3 en cuarentena a toda la poblaci\u00f3n. Lo que no ha impedido que 43.000 sanitarios \u2013el 20% de los afectados\u2013 est\u00e9n infectados, convirtiendo a nuestros salvadores en mucho m\u00e1s bomba de retardo que la poblaci\u00f3n paseando.<\/p>\n\n\n\n<p>Deshilachado el tejido social, industrial y econ\u00f3mico, la Justicia encerrada y la Escuela suspendida, se reclama antes la apertura de peluquer\u00edas, bares y turismo, f\u00fatbol y fiesta.<\/p>\n\n\n\n<p>Los riesgos de la vida seguir\u00e1n tras el par\u00e9ntesis confinado, as\u00ed que por qu\u00e9 seguir encerrados si junto a esta pandemia y similares nos amenazan la falta de agua, el colapso del ecosistema, la superpoblaci\u00f3n e inseguridad alimentaria, las armas nucleares, la tecnolog\u00eda sin control\u20ac Riesgos ciertos que deber\u00edan atajarse con medidas de prevenci\u00f3n, no poniendo en cuarentena la libertad ciudadana. Porque los riesgos se mecen entre nosotros, como el covid-19 en oto\u00f1o.<\/p>\n\n\n\n<p>nlauzirika@deia.eus @nekanelauzirika<br><\/p>\n<!-- AddThis Advanced Settings generic via filter on the_content --><!-- AddThis Share Buttons generic via filter on the_content -->","protected":false},"excerpt":{"rendered":"<p>Los riesgos deber\u00edan atajarse con medidas de prevenci\u00f3n, no poniendo en cuarentena la libertad ciudadana CONTURBA&nbsp;leer los datos sobre el covid-19, m\u00e1s todav\u00eda sospechando que lo real sea bastante m\u00e1s mordiente que las estad\u00edsticas. Desde el 17 de noviembre en el mundo citan cuatro millones de afectados, 1,35 millones de curados y 278.000 fallecidos. A\u00fan &hellip; <a href=\"https:\/\/blogs.deia.eus\/desdeotramirada\/2020\/05\/11\/los-riesgos-de-la-vida-siguen-ahi\/\" class=\"more-link\">Sigue leyendo <span class=\"screen-reader-text\">Los riesgos de la vida siguen ah\u00ed<\/span><\/a><!-- AddThis Advanced Settings generic via filter on get_the_excerpt --><!-- AddThis Share Buttons generic via filter on get_the_excerpt --><\/p>\n","protected":false},"author":35,"featured_media":0,"comment_status":"open","ping_status":"open","sticky":false,"template":"","format":"standard","meta":{"footnotes":""},"categories":[1544],"tags":[],"class_list":["post-1351","post","type-post","status-publish","format-standard","hentry","category-sin-categoria"],"_links":{"self":[{"href":"https:\/\/blogs.deia.eus\/desdeotramirada\/wp-json\/wp\/v2\/posts\/1351","targetHints":{"allow":["GET"]}}],"collection":[{"href":"https:\/\/blogs.deia.eus\/desdeotramirada\/wp-json\/wp\/v2\/posts"}],"about":[{"href":"https:\/\/blogs.deia.eus\/desdeotramirada\/wp-json\/wp\/v2\/types\/post"}],"author":[{"embeddable":true,"href":"https:\/\/blogs.deia.eus\/desdeotramirada\/wp-json\/wp\/v2\/users\/35"}],"replies":[{"embeddable":true,"href":"https:\/\/blogs.deia.eus\/desdeotramirada\/wp-json\/wp\/v2\/comments?post=1351"}],"version-history":[{"count":1,"href":"https:\/\/blogs.deia.eus\/desdeotramirada\/wp-json\/wp\/v2\/posts\/1351\/revisions"}],"predecessor-version":[{"id":1353,"href":"https:\/\/blogs.deia.eus\/desdeotramirada\/wp-json\/wp\/v2\/posts\/1351\/revisions\/1353"}],"wp:attachment":[{"href":"https:\/\/blogs.deia.eus\/desdeotramirada\/wp-json\/wp\/v2\/media?parent=1351"}],"wp:term":[{"taxonomy":"category","embeddable":true,"href":"https:\/\/blogs.deia.eus\/desdeotramirada\/wp-json\/wp\/v2\/categories?post=1351"},{"taxonomy":"post_tag","embeddable":true,"href":"https:\/\/blogs.deia.eus\/desdeotramirada\/wp-json\/wp\/v2\/tags?post=1351"}],"curies":[{"name":"wp","href":"https:\/\/api.w.org\/{rel}","templated":true}]}}