{"id":1354,"date":"2020-05-12T12:06:38","date_gmt":"2020-05-12T10:06:38","guid":{"rendered":"http:\/\/blogs.deia.eus\/desdeotramirada\/?p=1354"},"modified":"2020-05-12T12:06:41","modified_gmt":"2020-05-12T10:06:41","slug":"la-decima-edicion-de-biospain-se-pospone-a-septiembre-de-2021","status":"publish","type":"post","link":"https:\/\/blogs.deia.eus\/desdeotramirada\/2020\/05\/12\/la-decima-edicion-de-biospain-se-pospone-a-septiembre-de-2021\/","title":{"rendered":"\ufeffLa d\u00e9cima edici\u00f3n de BIOSPAIN se pospone a septiembre de 2021"},"content":{"rendered":"\n<p><strong>La d\u00e9cima edici\u00f3n de BIOSPAIN se pospone a septiembre de 2021<\/strong><\/p>\n\n\n\n<p><strong>Ante la situaci\u00f3n producida por la pandemia de COVID-19, en respuesta a las recomendaciones de las autoridades sanitarias y en previsi\u00f3n de los escenarios que se presenten para el resto de 2020, AseBio en coordinaci\u00f3n con el Gobierno de Navarra y Sodena, han decidido posponer el evento a 2021<\/strong><\/p>\n\n\n\n<figure class=\"wp-block-image\"><img loading=\"lazy\" decoding=\"async\" width=\"940\" height=\"106\" src=\"https:\/\/blogs.deia.eus\/desdeotramirada\/files\/2020\/05\/thumbnail_image001-940x106.png\" alt=\"\" class=\"wp-image-1355\" srcset=\"https:\/\/blogs.deia.eus\/desdeotramirada\/files\/2020\/05\/thumbnail_image001-940x106.png 940w, https:\/\/blogs.deia.eus\/desdeotramirada\/files\/2020\/05\/thumbnail_image001-580x65.png 580w, https:\/\/blogs.deia.eus\/desdeotramirada\/files\/2020\/05\/thumbnail_image001-768x86.png 768w, https:\/\/blogs.deia.eus\/desdeotramirada\/files\/2020\/05\/thumbnail_image001.png 968w\" sizes=\"auto, (max-width: 940px) 100vw, 940px\" \/><\/figure>\n\n\n\n<p>La Asociaci\u00f3n Espa\u00f1ola de Bioempresas (AseBio), en coordinaci\u00f3n con el Gobierno de Navarra y la Sociedad de Desarrollo de Navarra (Sodena), han tomado la decisi\u00f3n de <strong>postponer la d\u00e9cima edici\u00f3n de BIOSPAIN<\/strong>, la feria de referencia en el sector biotecnol\u00f3gico, cuya celebraci\u00f3n estaba prevista en Pamplona en septiembre de 2020,\u00a0<strong>a septiembre de 2021<\/strong>.<\/p>\n\n\n\n<p>Este aplazamiento permitir\u00e1 organizar uno de los principales eventos de biotecnolog\u00eda de Europa con las mayores garant\u00edas, as\u00ed como facilitar un entorno seguro para participantes, ponentes, entidades patrocinadoras y personal de la organizaci\u00f3n.<\/p>\n\n\n\n<p>BIOSPAIN se celebrar\u00e1&nbsp;<strong>del 29 de septiembre al 1 de octubre de 2021<\/strong>&nbsp;en el Palacio de Congresos y Auditorio de Navarra-Baluarte en Pamplona-Iru\u00f1a. La capital navarra&nbsp;<strong>reunir\u00e1 a m\u00e1s de 1.500 profesionales del sector biotecnol\u00f3gico nacionales e internacionales<\/strong>&nbsp;que mantendr\u00e1n m\u00e1s de&nbsp;<strong>3.000 reuniones \u2018one-to-one\u2019<\/strong>&nbsp;y donde se identificar\u00e1n m\u00faltiples oportunidades de colaboraci\u00f3n e inversi\u00f3n,&nbsp;tal y como acreditan anteriores ediciones del evento. Adem\u00e1s, se actualizar\u00e1 el programa para destacar el papel que est\u00e1 jugando la biotecnolog\u00eda en la actual pandemia de COVID-19 y futuras crisis sanitarias, analizando aspectos como la resistencia a antibi\u00f3ticos.<\/p>\n\n\n\n<p><strong>Ana Polanco<\/strong>, Presidenta de AseBio, considera que \u201c<em>posponer la d\u00e9cima edici\u00f3n de BIOSPAIN es la mejor medida que pod\u00edamos tomar para garantizar la seguridad de los asistentes, los ponentes y personal organizador. La nueva fecha nos permitir\u00e1 organizar BIOSPAIN con garant\u00edas, a la vez que reforzamos el programa para poner de relieve las soluciones que la biotecnolog\u00eda est\u00e1 proporcionando para protegernos de enfermedades emergentes, as\u00ed como el papel que la biotecnolog\u00eda y la innovaci\u00f3n deber\u00e1n jugar en el mundo post-COVID-19<\/em>\u201d.<\/p>\n\n\n\n<p>Seg\u00fan palabras de&nbsp;<strong>Manu Ayerdi<\/strong>, Consejero de Desarrollo Econ\u00f3mico y Empresarial del Gobierno de Navarra, \u201c<em>con toda seguridad esta decisi\u00f3n permite asegurar para nuestra regi\u00f3n un a\u00f1o despu\u00e9s el alto impacto que tiene este evento en el sector salud local. Seg\u00fan los \u00faltimos datos disponibles, la Comunidad Foral aporta al ecosistema espa\u00f1ol de la salud 68 empresas con una facturaci\u00f3n total de 659 millones de euros. Tengo el convencimiento de que BIOSPAIN conseguir\u00e1 darles una mayor proyecci\u00f3n internacional a nuestras empresas<\/em>\u201d.<\/p>\n\n\n\n<p>Por su parte\u00a0<strong>Pilar Irigoien<\/strong>, Directora Gerente de Sodena traslada que\u00a0<em>\u201cha sido duro tener que tomar esta decisi\u00f3n pero que se ha hecho desde el convencimiento de primar el bienestar y la seguridad del evento y de que esta resoluci\u00f3n convertir\u00e1 en un \u00e9xito la siguiente edici\u00f3n, para poder seguir fortaleciendo la intensidad empresarial biotecnol\u00f3gica de la regi\u00f3n<\/em>\u201d.<\/p>\n\n\n\n<p><\/p>\n\n\n\n<figure class=\"wp-block-image\"><img loading=\"lazy\" decoding=\"async\" width=\"191\" height=\"264\" src=\"https:\/\/blogs.deia.eus\/desdeotramirada\/files\/2020\/05\/images-2.jpg\" alt=\"\" class=\"wp-image-1356\" \/><\/figure>\n\n\n\n<p><strong>Ion Arocena<\/strong>, Director General de AseBio, destaca que \u201c<em>a lo largo de sus nueve ediciones BIOSPAIN se ha posicionado como el evento de referencia del sector biotecnol\u00f3gico en Espa\u00f1a. Desde AseBio estamos trabajando para que esta d\u00e9cima edici\u00f3n ponga de relieve las capacidades del sector biotecnol\u00f3gico tanto para afrontar las necesidades m\u00e9dicas que necesitan de soluciones, para una agricultura sostenible y una alimentaci\u00f3n saludable, as\u00ed como para contribuir al crecimiento econ\u00f3mico sostenible e inclusivo. Aprovecharemos este tiempo extra que nos da el aplazamiento de BIOSPAIN para reforzar el evento y potenciar la participaci\u00f3n en el mismo, con un plan de actividades que iremos anunciando a lo largo de las pr\u00f3ximas<\/em><\/p>\n<!-- AddThis Advanced Settings generic via filter on the_content --><!-- AddThis Share Buttons generic via filter on the_content -->","protected":false},"excerpt":{"rendered":"<p>La d\u00e9cima edici\u00f3n de BIOSPAIN se pospone a septiembre de 2021 Ante la situaci\u00f3n producida por la pandemia de COVID-19, en respuesta a las recomendaciones de las autoridades sanitarias y en previsi\u00f3n de los escenarios que se presenten para el resto de 2020, AseBio en coordinaci\u00f3n con el Gobierno de Navarra y Sodena, han decidido &hellip; <a href=\"https:\/\/blogs.deia.eus\/desdeotramirada\/2020\/05\/12\/la-decima-edicion-de-biospain-se-pospone-a-septiembre-de-2021\/\" class=\"more-link\">Sigue leyendo <span class=\"screen-reader-text\">\ufeffLa d\u00e9cima edici\u00f3n de BIOSPAIN se pospone a septiembre de 2021<\/span><\/a><!-- AddThis Advanced Settings generic via filter on get_the_excerpt --><!-- AddThis Share Buttons generic via filter on get_the_excerpt --><\/p>\n","protected":false},"author":35,"featured_media":0,"comment_status":"open","ping_status":"open","sticky":false,"template":"","format":"standard","meta":{"footnotes":""},"categories":[1544],"tags":[160325,160324,158066,403],"class_list":["post-1354","post","type-post","status-publish","format-standard","hentry","category-sin-categoria","tag-asebio","tag-biospain","tag-covid-19","tag-navarra"],"_links":{"self":[{"href":"https:\/\/blogs.deia.eus\/desdeotramirada\/wp-json\/wp\/v2\/posts\/1354","targetHints":{"allow":["GET"]}}],"collection":[{"href":"https:\/\/blogs.deia.eus\/desdeotramirada\/wp-json\/wp\/v2\/posts"}],"about":[{"href":"https:\/\/blogs.deia.eus\/desdeotramirada\/wp-json\/wp\/v2\/types\/post"}],"author":[{"embeddable":true,"href":"https:\/\/blogs.deia.eus\/desdeotramirada\/wp-json\/wp\/v2\/users\/35"}],"replies":[{"embeddable":true,"href":"https:\/\/blogs.deia.eus\/desdeotramirada\/wp-json\/wp\/v2\/comments?post=1354"}],"version-history":[{"count":1,"href":"https:\/\/blogs.deia.eus\/desdeotramirada\/wp-json\/wp\/v2\/posts\/1354\/revisions"}],"predecessor-version":[{"id":1357,"href":"https:\/\/blogs.deia.eus\/desdeotramirada\/wp-json\/wp\/v2\/posts\/1354\/revisions\/1357"}],"wp:attachment":[{"href":"https:\/\/blogs.deia.eus\/desdeotramirada\/wp-json\/wp\/v2\/media?parent=1354"}],"wp:term":[{"taxonomy":"category","embeddable":true,"href":"https:\/\/blogs.deia.eus\/desdeotramirada\/wp-json\/wp\/v2\/categories?post=1354"},{"taxonomy":"post_tag","embeddable":true,"href":"https:\/\/blogs.deia.eus\/desdeotramirada\/wp-json\/wp\/v2\/tags?post=1354"}],"curies":[{"name":"wp","href":"https:\/\/api.w.org\/{rel}","templated":true}]}}