{"id":1359,"date":"2020-05-13T21:06:20","date_gmt":"2020-05-13T19:06:20","guid":{"rendered":"http:\/\/blogs.deia.eus\/desdeotramirada\/?p=1359"},"modified":"2020-05-13T21:07:57","modified_gmt":"2020-05-13T19:07:57","slug":"la-genetica-podria-condicionar-las-diferentes-respuestas-a-la-covid-19","status":"publish","type":"post","link":"https:\/\/blogs.deia.eus\/desdeotramirada\/2020\/05\/13\/la-genetica-podria-condicionar-las-diferentes-respuestas-a-la-covid-19\/","title":{"rendered":"La gen\u00e9tica podr\u00eda condicionar las diferentes respuestas a la COVID-19"},"content":{"rendered":"\n<p> @nekanelauzirika v\u00eda @elmedicointeractivo<br><strong>Seg\u00fan los expertos en Gen\u00e9tica, \u00c1ngel Carracedo y Pablo Lapunzina, en el encuentro digital de la Fundaci\u00f3n Roche y Europa Press, es posible que se encuentren marcadores gen\u00e9ticos que nos anticipen el grado de gravedad del virus de cada persona<\/strong> <\/p>\n\n\n\n<figure class=\"wp-block-image\"><img loading=\"lazy\" decoding=\"async\" width=\"940\" height=\"705\" src=\"https:\/\/blogs.deia.eus\/desdeotramirada\/files\/2020\/05\/portada-940x705.jpg\" alt=\"\" class=\"wp-image-1360\" srcset=\"https:\/\/blogs.deia.eus\/desdeotramirada\/files\/2020\/05\/portada-940x705.jpg 940w, https:\/\/blogs.deia.eus\/desdeotramirada\/files\/2020\/05\/portada-580x435.jpg 580w, https:\/\/blogs.deia.eus\/desdeotramirada\/files\/2020\/05\/portada-768x576.jpg 768w, https:\/\/blogs.deia.eus\/desdeotramirada\/files\/2020\/05\/portada.jpg 1024w\" sizes=\"auto, (max-width: 940px) 100vw, 940px\" \/><\/figure>\n\n\n\n<p>Algunos factores como la edad o padecer otras enfermedades contribuyen a desarrollar formas m\u00e1s graves de la<a href=\"https:\/\/elmedicointeractivo.com\/la-pandemia-de-coronavirus-deja-42-millones-de-casos-y-mas-de-291-000-muertos-en-todo-el-mundo\/\">&nbsp;enfermedad COVID-19.<\/a>&nbsp;Sin embargo, por alguna raz\u00f3n, a\u00fan desconocida, algunas personas j\u00f3venes y sanas tambi\u00e9n desarrollan complicaciones. Muchos cient\u00edficos opinan que es probable que la gen\u00e9tica influyan en la respuesta de cada uno a la infecci\u00f3n.<\/p>\n\n\n\n<p>Precisamente sobre este aspecto han debatido esta ma\u00f1ana en un encuentro digital, organizado por la&nbsp;<a href=\"https:\/\/www.institutoroche.es\/\">Fundaci\u00f3n Instituto Roche<\/a>&nbsp;y la agencia Europa Press, los expertos en Gen\u00e9tica \u00c1ngel Carracedo (coordinador del Grupo de Medicina Gen\u00f3mica de la Universidad de Santiago de Compostela) y Pablo Lapunzina (director cient\u00edfico del CIBERER, Centro de Investigaci\u00f3n Biom\u00e9dica en Red de Enfermedades Raras y jefe de Grupo de Investigaci\u00f3n del INGEMM-IdiPAZ).<\/p>\n\n\n\n<p>\u201cSi pudi\u00e9ramos saber qu\u00e9 pacientes ir\u00e1n mal en una enfermedad infecciosa como la COVID-19 podr\u00edamos ayudar a la prevenci\u00f3n y tambi\u00e9n identificar los procesos de intervenci\u00f3n en los pacientes con comorbilidades\u201d. \u00bfC\u00f3mo averiguarlos?, se pregunt\u00f3 el doctor Carracedo, \u201ccon un estudio de asociaci\u00f3n que consiste en recoger dos grupos de fenotipos definidos, por ejemplo, pacientes asintom\u00e1ticos o graves e incluso que fallecieron. Nuestros genes son un libro enorme, con m\u00e1s de un mill\u00f3n de p\u00e1ginas que nos ofrecen gran informaci\u00f3n\u201d.<\/p>\n\n\n\n<p>Para llevar a cabo la realizaci\u00f3n de un gran an\u00e1lisis de genotipados se precisa de cerca de 8.000 pacientes; estudios amplios de asociaci\u00f3n &nbsp;de todo el genoma y para ello&nbsp; la creaci\u00f3n de un consorcio. \u201cEs un proyecto de&nbsp; CIBERER, que financia el Carlos III y el COVID-19 de Amancio Ortega. El consorcio lo integran m\u00e1s de 40 grupos de Espa\u00f1a y 10 de Latinoam\u00e9rica. Se trata de grupos cl\u00ednicos que tienen que recoger informaci\u00f3n detallada y que cuentan con la colaboraci\u00f3n de muchos biobancos espa\u00f1oles. \u201cNos parece una forma l\u00f3gica de abordar el problema. Aunque el mayor esfuerzo del genotipado se har\u00e1 en Espa\u00f1a, el estudio dispondr\u00e1 de muchos datos de Am\u00e9rica Latina por la especificidad de su poblaci\u00f3n\u201d, explica.<\/p>\n\n\n\n<div class=\"wp-block-image\"><figure class=\"alignright is-resized\"><img loading=\"lazy\" decoding=\"async\" src=\"https:\/\/elmedicointeractivo.com\/wp-content\/uploads\/2020\/05\/thumbnail__LMD7931-250x167.jpg\" alt=\"\" class=\"wp-image-188645\" width=\"430\" height=\"287\" \/><\/figure><\/div>\n\n\n\n<p><strong>Con grupos que han pasado la COVID-19<\/strong><\/p>\n\n\n\n<p>En misma l\u00ednea, el doctor Lapunzina subray\u00f3 que el estudio lo han dividido en personas, con pocos s\u00edntomas o sintom\u00e1ticos, las que han pasado la infecci\u00f3n, las que han estado grave y han necesitado ventilaci\u00f3n mec\u00e1nica y han tenido comorbilidades o incluso las que han fallecido. \u201cPorque de ellos buscaremos marcadores. Conf\u00edamos que el estudio ser\u00e1 productivo a nivel cient\u00edfico y ojal\u00e1 sirva para que podamos segregar a la poblaci\u00f3n sin hacer el confinamiento, casi medieval o a ciegas. Y, con suerte, tal vez los marcadores puedan ayudar&nbsp; para la pr\u00e1ctica cl\u00ednica\u201d, recalc\u00f3 esperanzado el director cient\u00edfico del CIBERER.<\/p>\n\n\n\n<p>Seg\u00fan este experto, las respuestas al coronavirus pueden estar condicionadas por la gen\u00e9tica individual. \u201cA ella hay que sumar la variabilidad personal a otras comorbilidades; es probable que la aparici\u00f3n de hipertensi\u00f3n, diabetes, obesidad, entre otras patolog\u00edas, agraven los s\u00edntomas de la infecci\u00f3n. Todav\u00eda no sabemos por qu\u00e9 afecta m\u00e1s a varones y con mayor virulencia, por qu\u00e9 en algunos pa\u00edses la afecci\u00f3n es distinta. Tenemos muchas que detectar; en ello estamos\u201d, reconoci\u00f3.<\/p>\n\n\n\n<p><strong>Test gen\u00f3micos a toda la poblaci\u00f3n<\/strong><\/p>\n\n\n\n<p>Los dos investigadores se refirieron a la carrera contrarreloj para encontrar, si no una vacuna, s\u00ed medicamentos que puedan hacer frente al virus.&nbsp; \u201cLos datos del estudio que llevamos a cabo con 8.000 personas esperamos tenerlos para el pr\u00f3ximo mes de setiembre.&nbsp; Ese mismo mes confiamos tambi\u00e9n en poder empezar a genotipar grupos preliminares. Aunque las investigaciones dieran resultado con un test gen\u00e9tico solo tampoco se podr\u00eda predecir qui\u00e9nes son las personas con m\u00e1s riesgo de contraer la infecci\u00f3n\u201d, apostill\u00f3 \u00c1ngel Carracedo. \u201cLa informaci\u00f3n gen\u00f3mica de toda la poblaci\u00f3n podr\u00eda ayudar a prevenir enfermedades como la que nos preocupa ahora. Ojal\u00e1 podamos tener los estudios gen\u00e9ticos para tomar las decisiones m\u00e1s oportunas; hay pa\u00edses que ya lo est\u00e1n haciendo de forma paulatina. Por ejemplo, Australia estudia a toda la poblaci\u00f3n entre los 18 y 25 a\u00f1os para determinar los riesgos de algunas enfermedades\u201d, explic\u00f3.<\/p>\n\n\n\n<p>En este sentido, los dos genetistas censuraron que Espa\u00f1a sea el \u00fanico pa\u00eds de la Uni\u00f3n Europea que no disponga de la especialidad de gen\u00e9tica. Llevan 30 a\u00f1os solicit\u00e1ndola a las autoridades sanitarias. \u201cEsperamos que el tipo de desastre sanitario que est\u00e1 sucediendo&nbsp; les haga reflexionar sobre la importancia de la especialidad\u201d.<\/p>\n\n\n\n<p>Sobre la mutaci\u00f3n del virus, el jefe del Grupo de Investigaci\u00f3n del INGEMM-IdiPAZ subray\u00f3 que est\u00e1 variando con respecto a las primeras secuencias desde su aparici\u00f3n en China, aunque se\u00f1al\u00f3 no saber si esto tendr\u00e1 relaci\u00f3n grave con respecto a la pr\u00f3xima vacuna.<\/p>\n\n\n\n<div class=\"wp-block-image\"><figure class=\"alignright is-resized\"><img loading=\"lazy\" decoding=\"async\" src=\"https:\/\/elmedicointeractivo.com\/wp-content\/uploads\/2020\/05\/thumbnail__LMD7778-250x167.jpg\" alt=\"\" class=\"wp-image-188644\" width=\"468\" height=\"312\" \/><\/figure><\/div>\n\n\n\n<p>Para conocer la importancia del cambio del virus, el consorcio en el que participan los dos investigadores est\u00e1 aunando informaci\u00f3n con otros grupos de cient\u00edficos de todo el mundo. \u201cSe trata de sumar&nbsp; mucha informaci\u00f3n de datos\u201d, insisti\u00f3 en se\u00f1alar Carracedo.<\/p>\n\n\n\n<p>Sobre cu\u00e1ndo ser\u00e1 posible un remedio terap\u00e9utico o el logro de la ansiada vacuna, ambos se mostraron esperanzados, pero tambi\u00e9n cautos. En opini\u00f3n del director cient\u00edfico del CIBERER, \u201csi biol\u00f3gicamente es factible la vacuna puede estar muy pronto. Antes de fin de a\u00f1o\u201d, reconoci\u00f3. \u201cPero insisto si biol\u00f3gicamene es posible, como sucede con la varicela, el sarampi\u00f3n, etc. Si no nos hallaremos ante un problema importante. Y hasta que no haya un medicamento o se inmunice a la poblaci\u00f3n tendremos un serio problema\u201d.<\/p>\n\n\n\n<p>Porque la inmunizaci\u00f3n ante el virus en Espa\u00f1a parece que es muy baja, puede alcanzar solo el 15 por ciento. \u201cEl estudio que se est\u00e1 haciendo entre 60.000 familias nos ofrecer\u00e1 el grado de la misma\u201d, sentenciaron.<\/p>\n<!-- AddThis Advanced Settings generic via filter on the_content --><!-- AddThis Share Buttons generic via filter on the_content -->","protected":false},"excerpt":{"rendered":"<p>@nekanelauzirika v\u00eda @elmedicointeractivoSeg\u00fan los expertos en Gen\u00e9tica, \u00c1ngel Carracedo y Pablo Lapunzina, en el encuentro digital de la Fundaci\u00f3n Roche y Europa Press, es posible que se encuentren marcadores gen\u00e9ticos que nos anticipen el grado de gravedad del virus de cada persona Algunos factores como la edad o padecer otras enfermedades contribuyen a desarrollar formas &hellip; <a href=\"https:\/\/blogs.deia.eus\/desdeotramirada\/2020\/05\/13\/la-genetica-podria-condicionar-las-diferentes-respuestas-a-la-covid-19\/\" class=\"more-link\">Sigue leyendo <span class=\"screen-reader-text\">La gen\u00e9tica podr\u00eda condicionar las diferentes respuestas a la COVID-19<\/span><\/a><!-- AddThis Advanced Settings generic via filter on get_the_excerpt --><!-- AddThis Share Buttons generic via filter on get_the_excerpt --><\/p>\n","protected":false},"author":35,"featured_media":0,"comment_status":"open","ping_status":"open","sticky":false,"template":"","format":"standard","meta":{"footnotes":""},"categories":[1544],"tags":[],"class_list":["post-1359","post","type-post","status-publish","format-standard","hentry","category-sin-categoria"],"_links":{"self":[{"href":"https:\/\/blogs.deia.eus\/desdeotramirada\/wp-json\/wp\/v2\/posts\/1359","targetHints":{"allow":["GET"]}}],"collection":[{"href":"https:\/\/blogs.deia.eus\/desdeotramirada\/wp-json\/wp\/v2\/posts"}],"about":[{"href":"https:\/\/blogs.deia.eus\/desdeotramirada\/wp-json\/wp\/v2\/types\/post"}],"author":[{"embeddable":true,"href":"https:\/\/blogs.deia.eus\/desdeotramirada\/wp-json\/wp\/v2\/users\/35"}],"replies":[{"embeddable":true,"href":"https:\/\/blogs.deia.eus\/desdeotramirada\/wp-json\/wp\/v2\/comments?post=1359"}],"version-history":[{"count":1,"href":"https:\/\/blogs.deia.eus\/desdeotramirada\/wp-json\/wp\/v2\/posts\/1359\/revisions"}],"predecessor-version":[{"id":1361,"href":"https:\/\/blogs.deia.eus\/desdeotramirada\/wp-json\/wp\/v2\/posts\/1359\/revisions\/1361"}],"wp:attachment":[{"href":"https:\/\/blogs.deia.eus\/desdeotramirada\/wp-json\/wp\/v2\/media?parent=1359"}],"wp:term":[{"taxonomy":"category","embeddable":true,"href":"https:\/\/blogs.deia.eus\/desdeotramirada\/wp-json\/wp\/v2\/categories?post=1359"},{"taxonomy":"post_tag","embeddable":true,"href":"https:\/\/blogs.deia.eus\/desdeotramirada\/wp-json\/wp\/v2\/tags?post=1359"}],"curies":[{"name":"wp","href":"https:\/\/api.w.org\/{rel}","templated":true}]}}