{"id":1366,"date":"2020-05-19T16:35:00","date_gmt":"2020-05-19T14:35:00","guid":{"rendered":"http:\/\/blogs.deia.eus\/desdeotramirada\/?p=1366"},"modified":"2020-05-19T16:35:02","modified_gmt":"2020-05-19T14:35:02","slug":"anemia-que-es-por-que-se-produce-y-como-prevenirla","status":"publish","type":"post","link":"https:\/\/blogs.deia.eus\/desdeotramirada\/2020\/05\/19\/anemia-que-es-por-que-se-produce-y-como-prevenirla\/","title":{"rendered":"Anemia: qu\u00e9 es, por qu\u00e9 se produce y c\u00f3mo prevenirla"},"content":{"rendered":"\n<p>La anemia se puede padecer sin saberlo, ya que&nbsp;<strong>no es complicado confundir los s\u00edntomas<\/strong>&nbsp;\u2013cansancio permanente, inapetencia, debilidad\u20ac\u2013 con los de otros problemas de salud comunes. Suele ser un hu\u00e9sped habitual y oculto, pero tambi\u00e9n en cuadros graves, y por eso es imprescindible que el m\u00e9dico de cabecera detecte si la padeces o no.<\/p>\n\n\n\n<figure class=\"wp-block-image\"><img loading=\"lazy\" decoding=\"async\" width=\"690\" height=\"458\" src=\"https:\/\/blogs.deia.eus\/desdeotramirada\/files\/2020\/05\/ANEMIA.jpg\" alt=\"\" class=\"wp-image-1367\" srcset=\"https:\/\/blogs.deia.eus\/desdeotramirada\/files\/2020\/05\/ANEMIA.jpg 690w, https:\/\/blogs.deia.eus\/desdeotramirada\/files\/2020\/05\/ANEMIA-580x385.jpg 580w\" sizes=\"auto, (max-width: 690px) 100vw, 690px\" \/><\/figure>\n\n\n\n\n\n<p>\u00bfEn qu\u00e9 consiste este trastorno? Es un descenso de los gl\u00f3bulos rojos, gl\u00f3bulos que son los responsables de transportar el ox\u00edgeno de los pulmones al resto del cuerpo. La anemia com\u00fan puede deberse a dos causas: que el organismo&nbsp;<strong>produzca una cantidad insuficiente de gl\u00f3bulos rojos<\/strong>; o que estos se pierdan en una cantidad excesiva. Dentro de esta \u00faltima posibilidad, puede suceder que sea nuestro organismo el que destruye los gl\u00f3bulos rojos a gran velocidad. \u00c9sta suele ser la causa de las anemias m\u00e1s graves, que corresponden a problemas de la sangre y a procesos oncol\u00f3gicos.<\/p>\n\n\n\n<p>Un&nbsp;<strong>24% de la poblaci\u00f3n estatal<\/strong>&nbsp;padece las anemias m\u00e1s frecuentes, sobre todo las f\u00e9minas en edad f\u00e9rtil. El principal motivo est\u00e1 relacionado con un d\u00e9ficit de hierro (anemia ferrop\u00e9nica), pero puede haber otras, como la&nbsp;<strong>falta de \u00e1cido f\u00f3lico y vitamina B12<\/strong>. Los expertos advierten de que si bien el hierro es esencial, porque colabora en la producci\u00f3n de gl\u00f3bulos rojos, no lo son menos el \u00e1cido f\u00f3lico y la vitamina B12.<\/p>\n\n\n\n<p>La&nbsp;<strong>anemia ferrop\u00e9nica<\/strong>&nbsp;es m\u00e1s frecuente en las mujeres por el sangrado menstrual, el embarazo o la inflamaci\u00f3n de la mucosa digestiva por el uso de analg\u00e9sicos relacionados con problemas femeninos. Los expertos indican que tambi\u00e9n puede deberse igualmente a una&nbsp;<strong>malnutrici\u00f3n<\/strong>. En este caso se puede dar a cualquier edad.<\/p>\n\n\n\n<p>El&nbsp;<strong>abuso de los analg\u00e9sicos<\/strong>, que suelen tomarse sin prescripci\u00f3n sobre todo contra el dolor de la regla o la cabeza, est\u00e1 muy extendido. Si su consumo es muy alto pueden producir erosiones de la mucosa digestiva, que no llegan a ser \u00falceras pero que pueden dar lugar a p\u00e9rdida de sangre por las heces. Fundamentalmente esto sucede con el abuso de aspirinas y con antiinflamatorios.<\/p>\n\n\n\n<p>Los m\u00e9dicos de cabecera y los ginec\u00f3logos&nbsp;<strong>suelen solicitar anal\u00edticas<\/strong>&nbsp;para controlar el problema. Algo clave es no hacer nunca dietas adelgazantes sin supervisi\u00f3n m\u00e9dica, para que no se produzcan indeseadas carencias de vitaminas, hierro o prote\u00ednas.<br><\/p>\n\n\n\n<h2 class=\"wp-block-heading\">AMISTADES PELIGROSAS<\/h2>\n\n\n\n<p><br>Vamos a se\u00f1alar un dec\u00e1logo al respecto:<\/p>\n\n\n\n<p>1-&nbsp;<strong>No todo el hierro presente en los alimentos es absorbido por igual<\/strong>. El de alimentos de origen animal (cerdo, pollo, pavo, carnes rojas, mariscos, huevos, h\u00edgado) lo hace en mayor cantidad que el de los vegetales (espinacas, acelgas o guisantes).<\/p>\n\n\n\n<p>2-&nbsp;<strong>Hay otros que es mejor no tomar tras ingerir los anteriores<\/strong>, porque pueden reducir la absorci\u00f3n de su hierro: leche, yema de huevo, cereales integrales, caf\u00e9, t\u00e9 y cacao.<\/p>\n\n\n\n<p>3- Hay factores que te&nbsp;<strong>exponen a un mayor riesgo de anemia<\/strong>, como una dieta que carece de ciertas vitaminas y minerales. Una dieta consistentemente baja en hierro, vitamina B-12 y folato incrementa el riesgo de anemia.<\/p>\n\n\n\n<p>4- Tener un trastorno intestinal que&nbsp;<strong>afecta a la absorci\u00f3n de nutrientes<\/strong>&nbsp;en el intestino delgado, como la enfermedad de Crohn y la enfermedad cel\u00edaca, te pone en riesgo de anemia.<\/p>\n\n\n\n<p>5- La&nbsp;<strong>menstruaci\u00f3n es otro factor importante<\/strong>. En general, las mujeres que no han tenido menopausia tienen un mayor riesgo de anemia por deficiencia de hierro que los hombres y las mujeres posmenop\u00e1usicas. La menstruaci\u00f3n causa la p\u00e9rdida de gl\u00f3bulos rojos.<\/p>\n\n\n\n<p>6- Si est\u00e1s embarazada y no est\u00e1s tomando un multivitam\u00ednico con \u00e1cido f\u00f3lico y hierro,&nbsp;<strong>tienes un mayor riesgo de anemia.<\/strong><\/p>\n\n\n\n<p>7-&nbsp;<strong>Las afecciones cr\u00f3nicas cuentan<\/strong>. Si tienes c\u00e1ncer, insuficiencia renal, diabetes u otra afecci\u00f3n cr\u00f3nica, podr\u00edas estar en riesgo de anemia por enfermedad cr\u00f3nica. Estas condiciones pueden llevar a una escasez de gl\u00f3bulos rojos.<\/p>\n\n\n\n<p>8-&nbsp;<strong>La p\u00e9rdida lenta y cr\u00f3nica de sangre<\/strong>&nbsp;por una \u00falcera u otra fuente dentro del cuerpo puede agotar la reserva de hierro del cuerpo, y llevar a que se presente anemia por deficiencia de hierro.<\/p>\n\n\n\n<p>9-&nbsp;<strong>\u00bfExisten antecedentes familiares?<\/strong>&nbsp;Si en tu familia los hay de anemia hereditaria, como anemia de c\u00e9lulas falciformes, tambi\u00e9n podr\u00edas tener un mayor riesgo de esta afecci\u00f3n.<\/p>\n\n\n\n<p>10- Y por \u00faltimo est\u00e1n los otros factores,&nbsp;<strong>como un historial de ciertas infecciones<\/strong>, enfermedades de la sangre y trastornos autoinmunitarios, el alcoholismo, la exposici\u00f3n a sustancias qu\u00edmicas t\u00f3xicas y el uso de algunos medicamentos, que pueden afectar la producci\u00f3n de gl\u00f3bulos rojos y provocar anemia. Y desde luego la edad, porque los mayores de 65 a\u00f1os tienen un mayor riesgo de este mal.&nbsp;<br><\/p>\n\n\n\n<h2 class=\"wp-block-heading\">C\u00d3MO PREVENIRLA<\/h2>\n\n\n\n<p>Muchos tipos de anemia no se pueden prevenir, pero otros s\u00ed. La anemia por&nbsp;<strong>deficiencia de hierro<\/strong>&nbsp;y las debidas a deficiencia de ciertas vitaminas se pueden evitar consumiendo una dieta que incluya una variedad de vitaminas y minerales, entre los que destacamos:<br><strong>Hierro<\/strong>. Los alimentos ricos en hierro incluyen carne vacuna y otras carnes, frijoles, lentejas, cereales fortificados con hierro, verduras de hoja verde oscuro y frutas secas.<br><strong>Folato<\/strong>. Este nutriente, y su forma sint\u00e9tica de \u00e1cido f\u00f3lico, se pueden encontrar en frutas y jugos de frutas, verduras de hojas verdes oscuras, arvejas y guisantes verdes, frijoles rojos, cacahuetes y productos de granos enriquecidos, tales como pan, cereales, pasta y arroz.<br><strong>Vitamina B-12<\/strong>. Los alimentos ricos en vitamina B-12 incluyen la carne, los productos l\u00e1cteos y los&nbsp; fortificados a base de cereales y soja.<br><strong>Vitamina C<\/strong>. Los alimentos ricos en vitamina C incluyen frutas y jugos c\u00edtricos, pimientos, br\u00f3coli, tomates, melones y fresas. Estos tambi\u00e9n ayudan a aumentar la absorci\u00f3n de hierro.<\/p>\n\n\n\n<p><strong>Y si eres vegetariana\/o estricta\/o&#8230;<\/strong>&nbsp;Los problemas de las anemias comunes suelen venir en muchos casos, como queda dicho, por carencias en la dieta. La vitamina B12 es de origen animal, y por esto, las personas vegetarianas estrictas, que no consumen carne, pescado, huevos ni leche, deben compensar de otro modo su aporte. Es muy importante que consuman un suplemento en forma de p\u00edldoras. Adem\u00e1s, avena, higos secos, kiwis, lentejas, levadura de cerveza, pistachos y remolacha roja son especialmente ricos en hierro y una fuente clave en una dieta sin alimentos de origen animal o que precise de un suplemento.<br><\/p>\n<!-- AddThis Advanced Settings generic via filter on the_content --><!-- AddThis Share Buttons generic via filter on the_content -->","protected":false},"excerpt":{"rendered":"<p>La anemia se puede padecer sin saberlo, ya que&nbsp;no es complicado confundir los s\u00edntomas&nbsp;\u2013cansancio permanente, inapetencia, debilidad\u20ac\u2013 con los de otros problemas de salud comunes. Suele ser un hu\u00e9sped habitual y oculto, pero tambi\u00e9n en cuadros graves, y por eso es imprescindible que el m\u00e9dico de cabecera detecte si la padeces o no. \u00bfEn qu\u00e9 &hellip; <a href=\"https:\/\/blogs.deia.eus\/desdeotramirada\/2020\/05\/19\/anemia-que-es-por-que-se-produce-y-como-prevenirla\/\" class=\"more-link\">Sigue leyendo <span class=\"screen-reader-text\">Anemia: qu\u00e9 es, por qu\u00e9 se produce y c\u00f3mo prevenirla<\/span><\/a><!-- AddThis Advanced Settings generic via filter on get_the_excerpt --><!-- AddThis Share Buttons generic via filter on get_the_excerpt --><\/p>\n","protected":false},"author":35,"featured_media":0,"comment_status":"open","ping_status":"open","sticky":false,"template":"","format":"standard","meta":{"footnotes":""},"categories":[1544],"tags":[],"class_list":["post-1366","post","type-post","status-publish","format-standard","hentry","category-sin-categoria"],"_links":{"self":[{"href":"https:\/\/blogs.deia.eus\/desdeotramirada\/wp-json\/wp\/v2\/posts\/1366","targetHints":{"allow":["GET"]}}],"collection":[{"href":"https:\/\/blogs.deia.eus\/desdeotramirada\/wp-json\/wp\/v2\/posts"}],"about":[{"href":"https:\/\/blogs.deia.eus\/desdeotramirada\/wp-json\/wp\/v2\/types\/post"}],"author":[{"embeddable":true,"href":"https:\/\/blogs.deia.eus\/desdeotramirada\/wp-json\/wp\/v2\/users\/35"}],"replies":[{"embeddable":true,"href":"https:\/\/blogs.deia.eus\/desdeotramirada\/wp-json\/wp\/v2\/comments?post=1366"}],"version-history":[{"count":1,"href":"https:\/\/blogs.deia.eus\/desdeotramirada\/wp-json\/wp\/v2\/posts\/1366\/revisions"}],"predecessor-version":[{"id":1368,"href":"https:\/\/blogs.deia.eus\/desdeotramirada\/wp-json\/wp\/v2\/posts\/1366\/revisions\/1368"}],"wp:attachment":[{"href":"https:\/\/blogs.deia.eus\/desdeotramirada\/wp-json\/wp\/v2\/media?parent=1366"}],"wp:term":[{"taxonomy":"category","embeddable":true,"href":"https:\/\/blogs.deia.eus\/desdeotramirada\/wp-json\/wp\/v2\/categories?post=1366"},{"taxonomy":"post_tag","embeddable":true,"href":"https:\/\/blogs.deia.eus\/desdeotramirada\/wp-json\/wp\/v2\/tags?post=1366"}],"curies":[{"name":"wp","href":"https:\/\/api.w.org\/{rel}","templated":true}]}}